{"id":18333,"date":"2018-10-01T13:52:05","date_gmt":"2018-10-01T16:52:05","guid":{"rendered":"http:\/\/172.16.0.7\/site-antigo\/?p=18333"},"modified":"2024-10-08T09:17:44","modified_gmt":"2024-10-08T12:17:44","slug":"grupo-de-rap-de-apucarana-e-semifinalista-em-festival-nacional-sons-de-rua","status":"publish","type":"post","link":"http:\/\/www.apucarana.pr.gov.br\/site\/grupo-de-rap-de-apucarana-e-semifinalista-em-festival-nacional-sons-de-rua\/","title":{"rendered":"Grupo de rap de Apucarana \u00e9 semifinalista em festival nacional Sons da Rua"},"content":{"rendered":"<p>Depois de ganhar os pr\u00eamios de Destaque do Festival e ficar em quinto lugar na categoria M\u00fasica Popular In\u00e9dita no mais recente Femudap, o grupo Equil\u00edbrio Sonoro est\u00e1 agora se preparando para voar bem mais alto. Os irm\u00e3os Agamenon e Tim est\u00e3o entre os dez semifinalistas do Festival Sons da Rua, um dos maiores, mais conhecidos e renomados da m\u00fasica rap e da cultura hip hop do pa\u00eds. No ano passado recebeu mil inscri\u00e7\u00f5es. Realizado na Arena Corinthians, tem a participa\u00e7\u00e3o de nomes como Mano Brown e Emicida.<br \/>\nPara Jonatas Agamenon da Silva Marcelino, estudante do \u00faltimo ano de Servi\u00e7o Social da Unespar, \u00e9 uma honra, por si s\u00f3, estar entre os dez que disputam as semifinais. \u201cIsso j\u00e1 \u00e9 uma grande vit\u00f3ria. A gente sabe que todo o destaque do rap \u00e9 muito mais concentrado no Rio e em S\u00e3o Paulo. E tem muita gente boa no Paran\u00e1 e no interior que est\u00e1 escondida. Quando soubemos que a gente estava classificado para um festival desses, com essa magnitude, a gente se sentiu agraciado\u201d, disse.<br \/>\nCom apoio da Secretaria da Promo\u00e7\u00e3o Art\u00edstica, Cultural e Tur\u00edstica de Apucarana, os irm\u00e3os v\u00eam divulgando o trabalho e pedindo votos para toda a popula\u00e7\u00e3o da cidade e da regi\u00e3o. A secret\u00e1ria Maria Agar afirmou que a primeira coisa que lhe chamou a aten\u00e7\u00e3o no trabalho dos dois irm\u00e3os foi o fato de que as mensagens das can\u00e7\u00f5es deles quebrarem os preconceitos que muitas pessoas t\u00eam quanto ao rap. \u201cAs letras abordam as desigualdades sociais, s\u00e3o muito cr\u00edticas, como \u00e9 caracter\u00edstico do rap, mas n\u00e3o t\u00eam nada de baixo cal\u00e3o. Ficamos encantados no festival.\u201d<br \/>\nAgamenon ressalta que as quest\u00f5es sociais e os preconceitos s\u00e3o a mat\u00e9ria prima de suas composi\u00e7\u00f5es. &#8220;A gente consegue ter uma for\u00e7a para poder compor, na inten\u00e7\u00e3o de poder espalhar essa mensagem, para que venha a mudar essa situa\u00e7\u00e3o. A gente procura sempre essa vis\u00e3o voltada para o pobre, um discurso de emancipa\u00e7\u00e3o&#8221;, frisa o rapper.<br \/>\nQuem quiser votar no Equil\u00edbrio Sonoro precisa ir ao site do Festival Sons da Rua <a href=\"https:\/\/www.sonsdarua.com.br\/seletivas\">https:\/\/www.sonsdarua.com.br\/seletivas<\/a> e clicar no grupo. Pode votar quantas vezes quiser. Afinal, nunca antes Apucarana foi representada na semifinal de um festival de rap.<br \/>\nClique e ou\u00e7a o rapper Agamenon Marcelino<br \/>\nhttps:\/\/soundcloud.com\/prefeitura-municipal-apucarana\/agamenon-marcelino-festival-sons-de-rua-01-10-18<\/p>\n","protected":false},"excerpt":{"rendered":"<p>Equil\u00edbrio Sonoro concorre com bandas do Brasil todo e pede apoio da popula\u00e7\u00e3o da cidade e da regi\u00e3o para chegar \u00e0 final<br \/>\n(Fotos: Profeta)<\/p>\n","protected":false},"author":4,"featured_media":18334,"comment_status":"closed","ping_status":"open","sticky":false,"template":"","format":"standard","meta":{"footnotes":""},"categories":[24],"tags":[],"class_list":["post-18333","post","type-post","status-publish","format-standard","has-post-thumbnail","hentry","category-noticias"],"acf":[],"_links":{"self":[{"href":"http:\/\/www.apucarana.pr.gov.br\/site\/wp-json\/wp\/v2\/posts\/18333","targetHints":{"allow":["GET"]}}],"collection":[{"href":"http:\/\/www.apucarana.pr.gov.br\/site\/wp-json\/wp\/v2\/posts"}],"about":[{"href":"http:\/\/www.apucarana.pr.gov.br\/site\/wp-json\/wp\/v2\/types\/post"}],"author":[{"embeddable":true,"href":"http:\/\/www.apucarana.pr.gov.br\/site\/wp-json\/wp\/v2\/users\/4"}],"replies":[{"embeddable":true,"href":"http:\/\/www.apucarana.pr.gov.br\/site\/wp-json\/wp\/v2\/comments?post=18333"}],"version-history":[{"count":1,"href":"http:\/\/www.apucarana.pr.gov.br\/site\/wp-json\/wp\/v2\/posts\/18333\/revisions"}],"predecessor-version":[{"id":101050,"href":"http:\/\/www.apucarana.pr.gov.br\/site\/wp-json\/wp\/v2\/posts\/18333\/revisions\/101050"}],"wp:featuredmedia":[{"embeddable":true,"href":"http:\/\/www.apucarana.pr.gov.br\/site\/wp-json\/"}],"wp:attachment":[{"href":"http:\/\/www.apucarana.pr.gov.br\/site\/wp-json\/wp\/v2\/media?parent=18333"}],"wp:term":[{"taxonomy":"category","embeddable":true,"href":"http:\/\/www.apucarana.pr.gov.br\/site\/wp-json\/wp\/v2\/categories?post=18333"},{"taxonomy":"post_tag","embeddable":true,"href":"http:\/\/www.apucarana.pr.gov.br\/site\/wp-json\/wp\/v2\/tags?post=18333"}],"curies":[{"name":"wp","href":"https:\/\/api.w.org\/{rel}","templated":true}]}}