{"id":18319,"date":"2018-10-01T11:02:00","date_gmt":"2018-10-01T14:02:00","guid":{"rendered":"http:\/\/172.16.0.7\/site-antigo\/?p=18319"},"modified":"2024-10-08T09:17:44","modified_gmt":"2024-10-08T12:17:44","slug":"unicentro-realiza-formatura-de-91-alunos-no-polo-presencial-de-apucarana","status":"publish","type":"post","link":"http:\/\/www.apucarana.pr.gov.br\/site\/unicentro-realiza-formatura-de-91-alunos-no-polo-presencial-de-apucarana\/","title":{"rendered":"Unicentro realiza formatura de 91 alunos  no polo presencial de Apucarana"},"content":{"rendered":"<p>A Prefeitura de Apucarana, a Universidade Estadual do Centro-Oeste (Unicentro) e o polo de apoio presencial da Universidade Aberta do Brasil (Polo UAB) realizaram, na \u00faltima sexta-feira (28), a entrega de certificados para 91 alunos que conclu\u00edram os cursos de especializa\u00e7\u00e3o em Gest\u00e3o P\u00fablica, Gest\u00e3o P\u00fablica Municipal e Gest\u00e3o de Organiza\u00e7\u00e3o P\u00fablica de Sa\u00fade.<br \/>\nAs tr\u00eas p\u00f3s-gradua\u00e7\u00f5es fazem parte do Programa Nacional de Forma\u00e7\u00e3o em Administra\u00e7\u00e3o P\u00fablica (PNAP), criado pelo Minist\u00e9rio da Educa\u00e7\u00e3o com o objetivo de qualificar pessoal de n\u00edvel superior para o exerc\u00edcio de atividades gerenciais, contribuindo para a melhoria da administra\u00e7\u00e3o p\u00fablica, nos \u00e2mbitos federal, estadual e municipal.<br \/>\nDe acordo com a coordenadora do Polo UAB, Sueli Gomes R\u00eais Gon\u00e7alves, essa \u00e9 a terceira vez que os cursos do PNAP s\u00e3o ofertados em Apucarana. \u201cA procura por eles \u00e9 sempre muito boa, atraindo desde os servidores p\u00fablicos at\u00e9 profissionais liberais que atuam nas diversas \u00e1reas,\u201d disse.<br \/>\nO prefeito em exerc\u00edcio J\u00fanior da Femac acompanhou a cerim\u00f4nia e cumprimentou \u00a0cada formando em particular. \u201cEu fico muito feliz de ver que tantas pessoas de Apucarana e regi\u00e3o est\u00e3o em busca de aprimoramento e que a administra\u00e7\u00e3o municipal tem conseguido auxili\u00e1-las na realiza\u00e7\u00e3o desse sonho. O prefeito Beto Preto coloca a educa\u00e7\u00e3o como o principal motor de constru\u00e7\u00e3o do futuro da nossa cidade. Dentro desse panorama, n\u00f3s temos o melhor ensino municipal, o maior programa de forma\u00e7\u00e3o profissional e um dos maiores e mais organizados polos de educa\u00e7\u00e3o a dist\u00e2ncia de todo o Paran\u00e1,\u201d afirmou.<br \/>\nEntre os formandos da \u00faltima sexta-feira, a servidora municipal Vanise Panont do Nascimento avaliou a p\u00f3s-gradua\u00e7\u00e3o em Gest\u00e3o P\u00fablica. \u201cEu achei que o curso foi excelente e agregou muito ao meu conhecimento. A estrutura do Polo UAB tamb\u00e9m \u00e9 muito boa, com internet e computadores sempre dispon\u00edveis para os alunos,\u201d frisou.<br \/>\n\u201cComo s\u00e3o cursos feitos \u00e0 dist\u00e2ncia, a vantagem \u00e9 que podemos estudar em hor\u00e1rios diferenciados. E os tutores e funcion\u00e1rios do polo s\u00e3o prestativos e nos apoiam sempre que temos d\u00favidas em rela\u00e7\u00e3o a alguma atividade,\u201d completou Lucila Alves da Costa, que concluiu a especializa\u00e7\u00e3o em Gest\u00e3o P\u00fablica Municipal.<br \/>\nA entrega dos certificados foi conduzida pelo professor do curso de Administra\u00e7\u00e3o da Unicentro, Cleverson Salache. Ele destacou a longa colabora\u00e7\u00e3o entre a universidade e o polo apucaranense da UAB. \u201cEssa parceria est\u00e1 na casa dos seis anos. Ent\u00e3o, n\u00f3s j\u00e1 tivemos muitos alunos formados aqui. Para o ano que vem, a previs\u00e3o \u00e9 que sejam abertas novas turmas de especializa\u00e7\u00e3o em Gest\u00e3o P\u00fablica, bacharelado em Administra\u00e7\u00e3o P\u00fablica e do curso de Tecnologia em Gest\u00e3o P\u00fablica,\u201d adiantou.<br \/>\nAl\u00e9m desses, a coordenadora do polo apucaranense da UAB tamb\u00e9m assegurou a reoferta das tr\u00eas p\u00f3s-gradua\u00e7\u00f5es do PNAP a partir de mar\u00e7o de 2019.<br \/>\nClique e ou\u00e7a esta mat\u00e9ria<br \/>\nSueli Gomes- coordenadora UAB<br \/>\nhttps:\/\/soundcloud.com\/prefeitura-municipal-apucarana\/sueli-gomes-formatura-uab-01-10-18<br \/>\nCleverson Salache- professor do curso de Administra\u00e7\u00e3o da Unicentro<br \/>\nhttps:\/\/soundcloud.com\/prefeitura-municipal-apucarana\/cleverson-salaste-formatura-uab-01-10-18<br \/>\nJ\u00fanior da Femac- prefeito em exerc\u00edcio<br \/>\nhttps:\/\/soundcloud.com\/prefeitura-municipal-apucarana\/junior-da-femac-formatura-uab-01-10-18<br \/>\nVanize Panont do Nascimento- formanda<br \/>\nhttps:\/\/soundcloud.com\/prefeitura-municipal-apucarana\/vanize-panont-nascimento-formatura-uab-01-10-18<br \/>\nLuc\u00edlia Alves da Costa- formanda<br \/>\nhttps:\/\/soundcloud.com\/prefeitura-municipal-apucarana\/lucila-alves-da-costa-formatura-uab-01-10-18<\/p>\n","protected":false},"excerpt":{"rendered":"<p>Eles conclu\u00edram os cursos de especializa\u00e7\u00e3o em Gest\u00e3o P\u00fablica, Gest\u00e3o P\u00fablica Municipal e Gest\u00e3o de Organiza\u00e7\u00e3o P\u00fablica em Sa\u00fade (Fotos: Profeta)<\/p>\n","protected":false},"author":4,"featured_media":18330,"comment_status":"closed","ping_status":"open","sticky":false,"template":"","format":"standard","meta":{"footnotes":""},"categories":[24],"tags":[126,36,37,144],"class_list":["post-18319","post","type-post","status-publish","format-standard","has-post-thumbnail","hentry","category-noticias","tag-apucarana","tag-educacao-a-distancia","tag-ensino-superior","tag-polo-uab"],"acf":[],"_links":{"self":[{"href":"http:\/\/www.apucarana.pr.gov.br\/site\/wp-json\/wp\/v2\/posts\/18319","targetHints":{"allow":["GET"]}}],"collection":[{"href":"http:\/\/www.apucarana.pr.gov.br\/site\/wp-json\/wp\/v2\/posts"}],"about":[{"href":"http:\/\/www.apucarana.pr.gov.br\/site\/wp-json\/wp\/v2\/types\/post"}],"author":[{"embeddable":true,"href":"http:\/\/www.apucarana.pr.gov.br\/site\/wp-json\/wp\/v2\/users\/4"}],"replies":[{"embeddable":true,"href":"http:\/\/www.apucarana.pr.gov.br\/site\/wp-json\/wp\/v2\/comments?post=18319"}],"version-history":[{"count":1,"href":"http:\/\/www.apucarana.pr.gov.br\/site\/wp-json\/wp\/v2\/posts\/18319\/revisions"}],"predecessor-version":[{"id":101051,"href":"http:\/\/www.apucarana.pr.gov.br\/site\/wp-json\/wp\/v2\/posts\/18319\/revisions\/101051"}],"wp:featuredmedia":[{"embeddable":true,"href":"http:\/\/www.apucarana.pr.gov.br\/site\/wp-json\/"}],"wp:attachment":[{"href":"http:\/\/www.apucarana.pr.gov.br\/site\/wp-json\/wp\/v2\/media?parent=18319"}],"wp:term":[{"taxonomy":"category","embeddable":true,"href":"http:\/\/www.apucarana.pr.gov.br\/site\/wp-json\/wp\/v2\/categories?post=18319"},{"taxonomy":"post_tag","embeddable":true,"href":"http:\/\/www.apucarana.pr.gov.br\/site\/wp-json\/wp\/v2\/tags?post=18319"}],"curies":[{"name":"wp","href":"https:\/\/api.w.org\/{rel}","templated":true}]}}