{"id":18303,"date":"2018-10-01T10:26:54","date_gmt":"2018-10-01T13:26:54","guid":{"rendered":"http:\/\/172.16.0.7\/site-antigo\/?p=18303"},"modified":"2024-10-08T09:17:44","modified_gmt":"2024-10-08T12:17:44","slug":"junior-da-femac-prestigia-cinquentenario-do-30o-bimec","status":"publish","type":"post","link":"http:\/\/www.apucarana.pr.gov.br\/site\/junior-da-femac-prestigia-cinquentenario-do-30o-bimec\/","title":{"rendered":"Junior da Femac prestigia cinquenten\u00e1rio do 30\u00ba BIMec"},"content":{"rendered":"<p>O prefeito em exerc\u00edcio, Sebasti\u00e3o Ferreira Martins Junior (Junior da Femac), participou da solenidade comemorativa dos 50 anos do 30\u00ba Batalh\u00e3o de Infantaria Mecanizado (BIMec), de Apucarana. \u00a0O cinquenten\u00e1rio foi comemorado no s\u00e1bado (29\/09) com uma formatura no quartel da unidade.<br \/>\nA solenidade foi comanda pelo tenente-coronel Jos\u00e9 Lu\u00eds Barbosa Deina e contou com a presen\u00e7a do general Affonso da Costa, comandante da 15\u00aa Brigada, de Cascavel. Durante o evento, foram homenageados antigos comandantes e feitos agradecimentos a personalidades civis e ex-veteranos, entre outras pessoas que apoiam a unidade militar.<br \/>\nO prefeito em exerc\u00edcio J\u00fanior da Femac afirmou que o batalh\u00e3o \u00e9 mais uma das riquezas que Apucarana tem. \u201cApucarana tem 74 anos e o 30\u00ba BIMec comemora 50 anos. \u00c9 imposs\u00edvel desassociar a hist\u00f3ria da cidade com a da unidade militar\u201d, frisou Junior da Femac.<br \/>\n\u201c\u00c9 um dia muito importante e significante porque recebemos ex-integrantes do batalh\u00e3o de diversas gera\u00e7\u00f5es, autoridade municipais e estaduais, ex-comandantes que tamb\u00e9m exerceram atividades aqui na unidade\u201d, disse o tenente-coronel Deina.<br \/>\nO comandante do 30\u00ba BIMec lembra que, para marcar a data de instala\u00e7\u00e3o no munic\u00edpio, a corpora\u00e7\u00e3o do Ex\u00e9rcito Brasileiro vem realizando uma s\u00e9rie de atividades.\u00a0Na semana passada, por exemplo, ocorreu a apresenta\u00e7\u00e3o de uma orquestra formada por integrantes do pr\u00f3prio Ex\u00e9rcito e tamb\u00e9m por m\u00fasicos profissionais cedidos por outras bandas abriu as festividades no Cine Teatro F\u00eanix.<br \/>\n<strong>HIST\u00d3RICO &#8211;<\/strong> Localizado na BR-376, na sa\u00edda para Curitiba, o 30\u00ba BIMEC teve sua origem em 9 de setembro de 1965, quando a 4\u00aa Companhia do 13\u00ba Regimento de Infantaria, de Ponta Grossa, foi destacada para Apucarana por ser um importante ponto estrat\u00e9gico em virtude de ser destacado entroncamento rodoferrovi\u00e1rio na regi\u00e3o Norte do Paran\u00e1.<br \/>\nEm 30 de setembro de 1968, data em que \u00e9 comemorado o anivers\u00e1rio do 30\u00ba BIMec, passou a ser denominada 4\u00aa Companhia de Infantaria, sendo subordinada \u00e0 Infantaria Division\u00e1ria da 5\u00aa Divis\u00e3o de Ex\u00e9rcito, em Curitiba, funcionando a partir de ent\u00e3o, com autonomia administrativa.<br \/>\nAs instala\u00e7\u00f5es da antiga Esta\u00e7\u00e3o de Ferro Central do Paran\u00e1 foram utilizadas como sede provis\u00f3ria do aquartelamento at\u00e9 a constru\u00e7\u00e3o dos novos pr\u00e9dios, situados atualmente na BR-376. O quartel atual foi inaugurado em 15 de setembro de 1970. No ano seguinte, a 4\u00aa Companhia de Infantaria foi transformada em 30\u00aa Batalh\u00e3o de Infantaria Motorizado e sua subordina\u00e7\u00e3o foi transferida para o comando da 15\u00aa Brigada, em Cascavel.<br \/>\nEm 2013, a unidade militar passou a se chamar 30\u00ba Batalh\u00e3o de Infantaria Mecanizado, ap\u00f3s a transforma\u00e7\u00e3o da brigada em infantaria mecanizada.<br \/>\n&nbsp;<br \/>\n<strong>Fonte:<\/strong> Jornal Tribuna do Norte<\/p>\n","protected":false},"excerpt":{"rendered":"<p>Prefeito em exerc\u00edcio participou da solenidade alusiva aos 50 anos, realizada no quartel da unidade do Ex\u00e9rcito (Foto: Edson Denobi)<\/p>\n","protected":false},"author":4,"featured_media":18312,"comment_status":"closed","ping_status":"open","sticky":false,"template":"","format":"standard","meta":{"footnotes":""},"categories":[24],"tags":[],"class_list":["post-18303","post","type-post","status-publish","format-standard","has-post-thumbnail","hentry","category-noticias"],"acf":[],"_links":{"self":[{"href":"http:\/\/www.apucarana.pr.gov.br\/site\/wp-json\/wp\/v2\/posts\/18303","targetHints":{"allow":["GET"]}}],"collection":[{"href":"http:\/\/www.apucarana.pr.gov.br\/site\/wp-json\/wp\/v2\/posts"}],"about":[{"href":"http:\/\/www.apucarana.pr.gov.br\/site\/wp-json\/wp\/v2\/types\/post"}],"author":[{"embeddable":true,"href":"http:\/\/www.apucarana.pr.gov.br\/site\/wp-json\/wp\/v2\/users\/4"}],"replies":[{"embeddable":true,"href":"http:\/\/www.apucarana.pr.gov.br\/site\/wp-json\/wp\/v2\/comments?post=18303"}],"version-history":[{"count":1,"href":"http:\/\/www.apucarana.pr.gov.br\/site\/wp-json\/wp\/v2\/posts\/18303\/revisions"}],"predecessor-version":[{"id":101052,"href":"http:\/\/www.apucarana.pr.gov.br\/site\/wp-json\/wp\/v2\/posts\/18303\/revisions\/101052"}],"wp:featuredmedia":[{"embeddable":true,"href":"http:\/\/www.apucarana.pr.gov.br\/site\/wp-json\/"}],"wp:attachment":[{"href":"http:\/\/www.apucarana.pr.gov.br\/site\/wp-json\/wp\/v2\/media?parent=18303"}],"wp:term":[{"taxonomy":"category","embeddable":true,"href":"http:\/\/www.apucarana.pr.gov.br\/site\/wp-json\/wp\/v2\/categories?post=18303"},{"taxonomy":"post_tag","embeddable":true,"href":"http:\/\/www.apucarana.pr.gov.br\/site\/wp-json\/wp\/v2\/tags?post=18303"}],"curies":[{"name":"wp","href":"https:\/\/api.w.org\/{rel}","templated":true}]}}