{"id":18293,"date":"2018-09-28T18:30:44","date_gmt":"2018-09-28T21:30:44","guid":{"rendered":"http:\/\/172.16.0.7\/site-antigo\/?p=18293"},"modified":"2024-10-08T09:17:44","modified_gmt":"2024-10-08T12:17:44","slug":"semana-do-idoso-faz-blitz-educativa-na-praca-rui-barbosa","status":"publish","type":"post","link":"http:\/\/www.apucarana.pr.gov.br\/site\/semana-do-idoso-faz-blitz-educativa-na-praca-rui-barbosa\/","title":{"rendered":"Semana do Idoso faz blitz educativa na Pra\u00e7a Rui Barbosa"},"content":{"rendered":"<p>Como parte das atividades da Semana Nacional do Idoso, a secretaria municipal de Assist\u00eancia Social de Apucarana realizou, nesta sexta-feira (28\/9), uma blitz educativa na Pra\u00e7a Rui Barbosa. A equipe da secretaria municipal de Assist\u00eancia Social distribuiu um folheto chamando aten\u00e7\u00e3o de motoristas e pedestres sobre as mais diversas formas de viol\u00eancia que se praticam contra a pessoa idosa, como identific\u00e1-las e as consequ\u00eancias legais para quem as praticam.<\/p>\n","protected":false},"excerpt":{"rendered":"<p>Popula\u00e7\u00e3o recebe folder de alerta acerca da viol\u00eancia cometida contra popula\u00e7\u00e3o da terceira idade, que hoje corresponde a 13,5% dos brasileiros<br \/>\n(Fotos: Edson Denobi)<\/p>\n","protected":false},"author":4,"featured_media":18294,"comment_status":"closed","ping_status":"open","sticky":false,"template":"","format":"standard","meta":{"footnotes":""},"categories":[24],"tags":[],"class_list":["post-18293","post","type-post","status-publish","format-standard","has-post-thumbnail","hentry","category-noticias"],"acf":[],"_links":{"self":[{"href":"http:\/\/www.apucarana.pr.gov.br\/site\/wp-json\/wp\/v2\/posts\/18293","targetHints":{"allow":["GET"]}}],"collection":[{"href":"http:\/\/www.apucarana.pr.gov.br\/site\/wp-json\/wp\/v2\/posts"}],"about":[{"href":"http:\/\/www.apucarana.pr.gov.br\/site\/wp-json\/wp\/v2\/types\/post"}],"author":[{"embeddable":true,"href":"http:\/\/www.apucarana.pr.gov.br\/site\/wp-json\/wp\/v2\/users\/4"}],"replies":[{"embeddable":true,"href":"http:\/\/www.apucarana.pr.gov.br\/site\/wp-json\/wp\/v2\/comments?post=18293"}],"version-history":[{"count":1,"href":"http:\/\/www.apucarana.pr.gov.br\/site\/wp-json\/wp\/v2\/posts\/18293\/revisions"}],"predecessor-version":[{"id":101053,"href":"http:\/\/www.apucarana.pr.gov.br\/site\/wp-json\/wp\/v2\/posts\/18293\/revisions\/101053"}],"wp:featuredmedia":[{"embeddable":true,"href":"http:\/\/www.apucarana.pr.gov.br\/site\/wp-json\/"}],"wp:attachment":[{"href":"http:\/\/www.apucarana.pr.gov.br\/site\/wp-json\/wp\/v2\/media?parent=18293"}],"wp:term":[{"taxonomy":"category","embeddable":true,"href":"http:\/\/www.apucarana.pr.gov.br\/site\/wp-json\/wp\/v2\/categories?post=18293"},{"taxonomy":"post_tag","embeddable":true,"href":"http:\/\/www.apucarana.pr.gov.br\/site\/wp-json\/wp\/v2\/tags?post=18293"}],"curies":[{"name":"wp","href":"https:\/\/api.w.org\/{rel}","templated":true}]}}