{"id":18283,"date":"2018-09-28T17:42:22","date_gmt":"2018-09-28T20:42:22","guid":{"rendered":"http:\/\/172.16.0.7\/site-antigo\/?p=18283"},"modified":"2024-10-08T09:17:44","modified_gmt":"2024-10-08T12:17:44","slug":"novo-comandante-do-corpo-de-bombeiros-de-apucarana-assume-nesta-sexta-feira","status":"publish","type":"post","link":"http:\/\/www.apucarana.pr.gov.br\/site\/novo-comandante-do-corpo-de-bombeiros-de-apucarana-assume-nesta-sexta-feira\/","title":{"rendered":"Novo comandante do Corpo de Bombeiros de Apucarana assume nesta sexta-feira"},"content":{"rendered":"<p><span style=\"font-family: 'Special Elite'\">Tomou posse nesta sexta-feira (28\/9), na sede da Ordem dos Advogados do Brasil, o novo comandante do 4\u00ba Subgrupamento de Bombeiros Independente (SGBI) de Apucarana, o comandante Rodrigo Massayuki Nakamura. Ele estar\u00e1 \u00e0 frente dos 65 bombeiros que comp\u00f5em o grupo, substituindo o major Roberto Geraldo Coelho, que passou para a reserva.<\/span><br \/>\n<span style=\"font-family: 'Special Elite'\">Presente \u00e0 cerim\u00f4nia, o comandante do Corpo de Bombeiros no Estado do Paran\u00e1, coronel F\u00e1bio Mariano de Oliveira referiu-se ao capit\u00e3o Nakamura em termos muito elogiosos. \u201cEle foi um aluno exemplar na corpora\u00e7\u00e3o, muito dedicado e comprometido. Sei que ser\u00e1 uma excelente lideran\u00e7a para o Corpo de Bombeiros em Apucarana.\u201d<\/span><br \/>\n<span style=\"font-family: 'Special Elite'\">O comandante Oliveira tamb\u00e9m lembrou que at\u00e9 o meio do ano as instala\u00e7\u00f5es ao SGBI dever\u00e3o estar com as obras conclu\u00eddas. \u201cEstamos com um projeto h\u00e1 cerca de um ano. Com a inclus\u00e3o de mulheres na corpora\u00e7\u00e3o, tivemos que fazer algumas adapta\u00e7\u00f5es e a licita\u00e7\u00e3o j\u00e1 est\u00e1 na fase de homologa\u00e7\u00e3o. Acredito que, no m\u00e1ximo at\u00e9 a metade do ano que vem, tudo j\u00e1 dever\u00e1 estar feito\u201d, afirmou. <\/span><br \/>\n<span style=\"font-family: 'Special Elite'\">O prefeito em exerc\u00edcio, Sebasti\u00e3o Ferreira Martins Junior (Junior da Femac), deu um caloroso boas-vindas ao novo comandante. Afirmou que Apucarana tem a tradi\u00e7\u00e3o de ser uma cidade muito acolhedora, j\u00e1 que \u00e9 um munic\u00edpio com tradi\u00e7\u00e3o de pioneiros. \u201cSe voc\u00ea \u00e9 daqui, seus pais ou av\u00f3s n\u00e3o foram. Temos um caldo de culturas diversas: japoneses e ucranianos, por exemplo. E \u00e9 isso que nos empresta um sentimento de acolhida muito forte que desejo que voc\u00ea sinta\u201d, disse. J\u00fanior salientou ainda o IDEB da cidade \u201co melhor do Paran\u00e1\u201d, e a \u201cexcepcional qualidade de vida que aqui se encontra.\u201d<\/span><br \/>\n<span style=\"font-family: 'Special Elite'\">O comandante Nakamura, acompanhado na cerim\u00f4nia de posse pela esposa e duas filhas, disse estar muito feliz pela mudan\u00e7a para Apucarana. \u201cDesde que quando entramos na corpora\u00e7\u00e3o viemos nos preparando para liderarmos uma unidade. \u00c9 isso que acontece no dia de hoje. Ao todo nosso subgrupamento, cuja sede \u00e9 justamente a cidade de Apucarana, responde por 19 munic\u00edpios e, para isso, temos um grupo de 60 bombeiros homens e cinco bombeiros mulheres.\u201d <\/span><\/p>\n","protected":false},"excerpt":{"rendered":"<p>Capit\u00e3o Rodrigo Massayuki Nakamura toma posse em solenidade na sede da OAB<br \/>\nFotos: Edson Denobi<\/p>\n","protected":false},"author":4,"featured_media":18284,"comment_status":"closed","ping_status":"open","sticky":false,"template":"","format":"standard","meta":{"footnotes":""},"categories":[24],"tags":[],"class_list":["post-18283","post","type-post","status-publish","format-standard","has-post-thumbnail","hentry","category-noticias"],"acf":[],"_links":{"self":[{"href":"http:\/\/www.apucarana.pr.gov.br\/site\/wp-json\/wp\/v2\/posts\/18283","targetHints":{"allow":["GET"]}}],"collection":[{"href":"http:\/\/www.apucarana.pr.gov.br\/site\/wp-json\/wp\/v2\/posts"}],"about":[{"href":"http:\/\/www.apucarana.pr.gov.br\/site\/wp-json\/wp\/v2\/types\/post"}],"author":[{"embeddable":true,"href":"http:\/\/www.apucarana.pr.gov.br\/site\/wp-json\/wp\/v2\/users\/4"}],"replies":[{"embeddable":true,"href":"http:\/\/www.apucarana.pr.gov.br\/site\/wp-json\/wp\/v2\/comments?post=18283"}],"version-history":[{"count":1,"href":"http:\/\/www.apucarana.pr.gov.br\/site\/wp-json\/wp\/v2\/posts\/18283\/revisions"}],"predecessor-version":[{"id":101054,"href":"http:\/\/www.apucarana.pr.gov.br\/site\/wp-json\/wp\/v2\/posts\/18283\/revisions\/101054"}],"wp:featuredmedia":[{"embeddable":true,"href":"http:\/\/www.apucarana.pr.gov.br\/site\/wp-json\/"}],"wp:attachment":[{"href":"http:\/\/www.apucarana.pr.gov.br\/site\/wp-json\/wp\/v2\/media?parent=18283"}],"wp:term":[{"taxonomy":"category","embeddable":true,"href":"http:\/\/www.apucarana.pr.gov.br\/site\/wp-json\/wp\/v2\/categories?post=18283"},{"taxonomy":"post_tag","embeddable":true,"href":"http:\/\/www.apucarana.pr.gov.br\/site\/wp-json\/wp\/v2\/tags?post=18283"}],"curies":[{"name":"wp","href":"https:\/\/api.w.org\/{rel}","templated":true}]}}