{"id":18272,"date":"2018-09-28T12:52:00","date_gmt":"2018-09-28T15:52:00","guid":{"rendered":"http:\/\/172.16.0.7\/site-antigo\/?p=18272"},"modified":"2024-10-08T09:17:44","modified_gmt":"2024-10-08T12:17:44","slug":"apucarana-conquista-9-medalhas-de-ouro-em-festival-paralimpico","status":"publish","type":"post","link":"http:\/\/www.apucarana.pr.gov.br\/site\/apucarana-conquista-9-medalhas-de-ouro-em-festival-paralimpico\/","title":{"rendered":"Apucarana conquista 9 medalhas de ouro em festival paral\u00edmpico"},"content":{"rendered":"<p>Apucarana fez bonito e conquistou nove medalhas de ouro no 5\u00ba Festival Paral\u00edmpico do Vale do Iva\u00ed, disputado em Ivaipor\u00e3. O resultado foi obtido pela equipe de deficientes visuais (DV) da Secretaria Municipal de Esportes, formada por tr\u00eas atletas.<br \/>\nApucarana conquistou as nove medalhas de ouro com os paratletas N\u00e9lio Dutka Milovski, Ubiratan Luiz de Oliveira e Jos\u00e9 Carlos Santos, que s\u00e3o deficientes visuais. Cada um deles faturou tr\u00eas medalhas. As conquistas ocorreram nas provas de 100m, 400m, 1.500m e de arremesso de peso, pelas categorias F11, F12 e F13.<br \/>\nDe acordo com o professor Jos\u00e9 Marcelino da Silva (Grilo), o \u00a0festival de atletismo paral\u00edmpico teve a participa\u00e7\u00e3o de de 530 atletas, oriundos de 30 munic\u00edpios. Segundo ele, o evento serviu de prepara\u00e7\u00e3o para os Jogos Paradesportivos do Paran\u00e1 (Parajap\u00b4s), competi\u00e7\u00e3o que ser\u00e1 desenvolvida de 14 a 18 de novembro em Apucarana.<br \/>\nO Parajaps ser\u00e1 disputado nas modalidades de atletismo, basquetebol de cadeira de rodas, bocha adaptada, futsal, goalball, golfe 7, handebol DI\/cadeira de rodas, nata\u00e7\u00e3o, parabadminton, paracanoagem, paraciclismo, t\u00eanis de mesa, voleibol sentado, esgrima em cadeira de rodas, rugby e xadrez.<br \/>\n&nbsp;<br \/>\n<strong><u>RESULTADOS POR PROVA:<\/u><\/strong><br \/>\n<strong><u>PROVA DO 100 METROS RASOS \u2013 CATEGORIA F 12<\/u><\/strong><br \/>\n1\u00ba COLOCADO \u2013 NELIO DUTKA MILOVSKI<br \/>\n<strong><u>PROVA DO 100 METROS RASOS \u2013 CATEGORIA F 13<\/u><\/strong><br \/>\n1\u00ba COLOCADO \u2013 UBIRATAN LUIZ DE OLIVEIRA<br \/>\n&nbsp;<br \/>\n<strong><u>PROVA DO 400 METROS RASOS \u2013 CATEGORIA F 11<\/u><\/strong><br \/>\n1\u00ba COLOCADO \u2013 JOS\u00c9 CARLOS SANTOS<br \/>\n<strong><u>PROVA DO 400 METROS RASOS \u2013 CATEGORIA F 12<\/u><\/strong><br \/>\n1\u00ba COLOCADO \u2013 NELIO DUTKA MILOVSKI<br \/>\n<strong><u>PROVA DO 400 METROS RASOS \u2013 CATEGORIA F 13<\/u><\/strong><br \/>\n1\u00ba COLOCADO \u2013 UBIRATAN LUIZ DE OLIVEIRA<br \/>\n&nbsp;<br \/>\n<strong><u>PROVA DO 1.500 METROS RASOS \u2013 CATEGORIA F 11<\/u><\/strong><br \/>\n1\u00ba COLOCADO \u2013 JOS\u00c9 CARLOS SANTOS<br \/>\n<strong><u>PROVA DO 1.500 METROS RASOS \u2013 CATEGORIA F 13<\/u><\/strong><br \/>\n1\u00ba COLOCADO \u2013 UBIRATAN LUIZ DE OLIVEIRA<br \/>\n&nbsp;<br \/>\n<strong><u>\u00a0PROVA DO ARREMESSO DE PESO \u2013 CATEGORIA F 11<\/u><\/strong><br \/>\n1\u00ba COLOCADO \u2013 JOS\u00c9 CARLOS SANTOS<br \/>\n<strong><u>PROVA DO ARREMESSO DE PESO \u2013 CATEGORIA F 12<\/u><\/strong><br \/>\n1\u00ba COLOCADO \u2013 NELIO DUTKA MILOVSKI<br \/>\n&nbsp;<br \/>\n&nbsp;<br \/>\n&nbsp;<\/p>\n","protected":false},"excerpt":{"rendered":"<p>O resultado foi obtido pela equipe de deficientes visuais (DV) da Secretaria Municipal de Esportes, formada por tr\u00eas atletas.<\/p>\n","protected":false},"author":4,"featured_media":18274,"comment_status":"closed","ping_status":"open","sticky":false,"template":"","format":"standard","meta":{"footnotes":""},"categories":[24],"tags":[],"class_list":["post-18272","post","type-post","status-publish","format-standard","has-post-thumbnail","hentry","category-noticias"],"acf":[],"_links":{"self":[{"href":"http:\/\/www.apucarana.pr.gov.br\/site\/wp-json\/wp\/v2\/posts\/18272","targetHints":{"allow":["GET"]}}],"collection":[{"href":"http:\/\/www.apucarana.pr.gov.br\/site\/wp-json\/wp\/v2\/posts"}],"about":[{"href":"http:\/\/www.apucarana.pr.gov.br\/site\/wp-json\/wp\/v2\/types\/post"}],"author":[{"embeddable":true,"href":"http:\/\/www.apucarana.pr.gov.br\/site\/wp-json\/wp\/v2\/users\/4"}],"replies":[{"embeddable":true,"href":"http:\/\/www.apucarana.pr.gov.br\/site\/wp-json\/wp\/v2\/comments?post=18272"}],"version-history":[{"count":1,"href":"http:\/\/www.apucarana.pr.gov.br\/site\/wp-json\/wp\/v2\/posts\/18272\/revisions"}],"predecessor-version":[{"id":101056,"href":"http:\/\/www.apucarana.pr.gov.br\/site\/wp-json\/wp\/v2\/posts\/18272\/revisions\/101056"}],"wp:featuredmedia":[{"embeddable":true,"href":"http:\/\/www.apucarana.pr.gov.br\/site\/wp-json\/"}],"wp:attachment":[{"href":"http:\/\/www.apucarana.pr.gov.br\/site\/wp-json\/wp\/v2\/media?parent=18272"}],"wp:term":[{"taxonomy":"category","embeddable":true,"href":"http:\/\/www.apucarana.pr.gov.br\/site\/wp-json\/wp\/v2\/categories?post=18272"},{"taxonomy":"post_tag","embeddable":true,"href":"http:\/\/www.apucarana.pr.gov.br\/site\/wp-json\/wp\/v2\/tags?post=18272"}],"curies":[{"name":"wp","href":"https:\/\/api.w.org\/{rel}","templated":true}]}}