{"id":18263,"date":"2018-09-28T12:21:33","date_gmt":"2018-09-28T15:21:33","guid":{"rendered":"http:\/\/172.16.0.7\/site-antigo\/?p=18263"},"modified":"2024-10-08T09:17:44","modified_gmt":"2024-10-08T12:17:44","slug":"bom-negocio-forma-mais-uma-turma-de-empreendedores","status":"publish","type":"post","link":"http:\/\/www.apucarana.pr.gov.br\/site\/bom-negocio-forma-mais-uma-turma-de-empreendedores\/","title":{"rendered":"\u201cBom Neg\u00f3cio\u201d forma mais uma turma de empreendedores"},"content":{"rendered":"<p>O Programa Bom Neg\u00f3cio Paran\u00e1 formou mais 75 empreendedores. A solenidade de entrega dos certificados aconteceu na noite de quinta-feira (28\/09), no sal\u00e3o nobre da Prefeitura. Essa foi a\u00a012\u00aa turma capacitada pelo programa em Apucarana, atendendo empres\u00e1rios j\u00e1 formalizados ou quem pretende abrir um micro e pequeno neg\u00f3cio.<br \/>\nO \u201cBom Neg\u00f3cio\u201d \u00e9 uma parceria da Fomento Paran\u00e1, Secretaria Municipal de Ind\u00fastria e Com\u00e9rcio, Campus Apucarana da Unespar, Sebrae e Sala do Empreendedor. Estiveram presentes na entrega dos certificados o prefeito em exerc\u00edcio de Apucarana, Sebasti\u00e3o Ferreira Martins Junior (Junior da Femac), o secret\u00e1rio municipal de Ind\u00fastria e Com\u00e9rcio, Edison Peres Estrope, e o diretor da Unespar\/Fecea, Daniel Fernando Matheus Gomes.<br \/>\nJunior da Femac afirma que a capacita\u00e7\u00e3o \u00e9 fundamental para que o empreendimento seja bem sucedido. \u201cTivemos 75 empres\u00e1rios e empres\u00e1rias que participaram desta turma.\u00a0 Deus coloca no meio do peito de cada deles essa vontade de empreender, mas tamb\u00e9m \u00e9 preciso buscar a capacita\u00e7\u00e3o. Eu tenho certeza que, com essa vontade e os conhecimentos adquiridos, eles v\u00e3o gerar emprego e riqueza para a cidade de Apucarana\u201d, salienta Junior da Femac.<br \/>\nAl\u00e9m das aulas gratuitas, o programa permite aos empreendedores que concluem o curso, o acesso a empr\u00e9stimos pelo Banco do Empreendedor, da Fomento Paran\u00e1, com taxas de juros consideradas uma das mais baixas do pa\u00eds. \u201cO micro ou pequeno empreendedor, com a certifica\u00e7\u00e3o do curso, consegue captar recursos com juros reduzidos, pois os agentes financeiros entendem que a probabilidade com a capacita\u00e7\u00e3o de o neg\u00f3cio dar certo \u00e9 muito maior\u201d, refor\u00e7ou o secret\u00e1rio de ind\u00fastria e com\u00e9rcio.<br \/>\nO curso teve 66 horas\/aula, distribu\u00eddas tr\u00eas vezes por semana. Entre os m\u00f3dulos que foram ministrados est\u00e3o gest\u00e3o de neg\u00f3cios, comercial, financeira, estrat\u00e9gica e de pessoas. Em Apucarana, os participantes tamb\u00e9m tiveram um m\u00f3dulo especial sobre licita\u00e7\u00f5es, para que os pequenos empreendedores saibam dos benef\u00edcios de participar das compras p\u00fablicas.<br \/>\n&nbsp;<\/p>\n","protected":false},"excerpt":{"rendered":"<p>Prefeito em exerc\u00edcio, Junior da Femac, afirma que a capacita\u00e7\u00e3o \u00e9 fundamental para que o empreendimento seja bem sucedido. (Foto: Josias Profeta)<\/p>\n","protected":false},"author":4,"featured_media":18267,"comment_status":"closed","ping_status":"open","sticky":false,"template":"","format":"standard","meta":{"footnotes":""},"categories":[24],"tags":[],"class_list":["post-18263","post","type-post","status-publish","format-standard","has-post-thumbnail","hentry","category-noticias"],"acf":[],"_links":{"self":[{"href":"http:\/\/www.apucarana.pr.gov.br\/site\/wp-json\/wp\/v2\/posts\/18263","targetHints":{"allow":["GET"]}}],"collection":[{"href":"http:\/\/www.apucarana.pr.gov.br\/site\/wp-json\/wp\/v2\/posts"}],"about":[{"href":"http:\/\/www.apucarana.pr.gov.br\/site\/wp-json\/wp\/v2\/types\/post"}],"author":[{"embeddable":true,"href":"http:\/\/www.apucarana.pr.gov.br\/site\/wp-json\/wp\/v2\/users\/4"}],"replies":[{"embeddable":true,"href":"http:\/\/www.apucarana.pr.gov.br\/site\/wp-json\/wp\/v2\/comments?post=18263"}],"version-history":[{"count":1,"href":"http:\/\/www.apucarana.pr.gov.br\/site\/wp-json\/wp\/v2\/posts\/18263\/revisions"}],"predecessor-version":[{"id":101057,"href":"http:\/\/www.apucarana.pr.gov.br\/site\/wp-json\/wp\/v2\/posts\/18263\/revisions\/101057"}],"wp:featuredmedia":[{"embeddable":true,"href":"http:\/\/www.apucarana.pr.gov.br\/site\/wp-json\/"}],"wp:attachment":[{"href":"http:\/\/www.apucarana.pr.gov.br\/site\/wp-json\/wp\/v2\/media?parent=18263"}],"wp:term":[{"taxonomy":"category","embeddable":true,"href":"http:\/\/www.apucarana.pr.gov.br\/site\/wp-json\/wp\/v2\/categories?post=18263"},{"taxonomy":"post_tag","embeddable":true,"href":"http:\/\/www.apucarana.pr.gov.br\/site\/wp-json\/wp\/v2\/tags?post=18263"}],"curies":[{"name":"wp","href":"https:\/\/api.w.org\/{rel}","templated":true}]}}