{"id":18253,"date":"2018-09-28T12:13:02","date_gmt":"2018-09-28T15:13:02","guid":{"rendered":"http:\/\/172.16.0.7\/site-antigo\/?p=18253"},"modified":"2024-10-08T09:17:44","modified_gmt":"2024-10-08T12:17:44","slug":"prefeito-participa-do-lancamento-de-anuario-socioeconomico","status":"publish","type":"post","link":"http:\/\/www.apucarana.pr.gov.br\/site\/prefeito-participa-do-lancamento-de-anuario-socioeconomico\/","title":{"rendered":"Prefeito participa do lan\u00e7amento de anu\u00e1rio socioecon\u00f4mico"},"content":{"rendered":"<p>O prefeito de Apucarana e presidente da Associa\u00e7\u00e3o dos Munic\u00edpios do Vale do Iva\u00ed (Amuvi), Beto Preto, participou nesta sexta-feira (28\/09) do lan\u00e7amento do anu\u00e1rio socioecon\u00f4mico \u201cVale do Iva\u00ed e Centro-Norte do Paran\u00e1 2018-2019\u201d. \u00a0A publica\u00e7\u00e3o \u00e9 uma iniciativa do Jornal Tribuna do Norte e traz o perfil de 30 munic\u00edpios da regi\u00e3o, com informa\u00e7\u00f5es sobre os seus principais potenciais, incluindo dados sobre agricultura e ind\u00fastria.<br \/>\nO evento realizado no sal\u00e3o azul do Country Club, em Apucarana, contou ainda com a presen\u00e7a dos prefeitos de Ivaipor\u00e3, Mau\u00e1 da Serra, Jandaia do Sul, Maril\u00e2ndia do Sul, Calif\u00f3rnia, Rio Branco do Iva\u00ed e Lunardeli. Beto Preto esteve acompanhado pelo vice-prefeito, Junior da Femac, e pelo secret\u00e1rio de Fazenda, Marcello Machado. Tamb\u00e9m estiveram presentes o vereador Mauro Bertoli, que representou o Legislativo, e o presidente da Associa\u00e7\u00e3o Comercial, Industrial e de Servi\u00e7os de Apucarana (Acia), Jayme Leonel, al\u00e9m de representantes de institui\u00e7\u00f5es que patrocinaram a publica\u00e7\u00e3o.<br \/>\nBeto Preto afirma que a regi\u00e3o contemplada pelo anu\u00e1rio \u00e9 uma fronteira comercial que merece ser analisada e explorada. \u201cEntre 2012 e 2013 o PIB per capita de Apucarana era de R$ 12 mil e agora, com os dados atualizados, est\u00e1 em R$ 22 mil. Isso mostra que houve um acr\u00e9scimo de atividade comercial e de outras situa\u00e7\u00f5es que se abrem\u201d, pontua Beto Preto, comentando um dos dados contidos na publica\u00e7\u00e3o.<br \/>\nBeto Preto destacou o trabalho &#8211; tanto de conte\u00fado quanto o de apresenta\u00e7\u00e3o \u2013 e disse que \u00e9 uma importante \u00a0ferramenta para a atra\u00e7\u00e3o de investimentos. \u201c\u00c9 um trabalho que conjuga todos os interesses da regi\u00e3o, sendo o fio condutor que leva informa\u00e7\u00f5es visando o desenvolvimento conjunto da nossa regi\u00e3o\u201d, frisa Beto Preto.<br \/>\nDe acordo com\u00a0 Baltazar Eust\u00e1quio de\u00a0 Oliveira, diretor-superintendente do Jornal Tribuna do Norte, o anu\u00e1rio traz informa\u00e7\u00f5es dos 26 munic\u00edpios do Vale do Iva\u00ed (Apucarana,Arapu\u00e3, Ariranha do Iva\u00ed, Bom Sucesso, Borraz\u00f3polis, Calif\u00f3rnia, Cambira, Cruzmaltina, Faxinal, Godoy Moreira, Grandes Rios, Ivaipor\u00e3, Jandaia do Sul, Jardim Alegre, Kalor\u00e9, Lidian\u00f3polis, Lunardelli, Maril\u00e2ndia do Sul, Marumbi, Mau\u00e1 da Serra, Novo Itacolomi, Rio Bom, Rio Branco do Iva\u00ed, Ros\u00e1rio do Iva\u00ed, S\u00e3o Jo\u00e3o do Iva\u00ed e S\u00e3o Pedro do Iva\u00ed) e de quatro do Centro-Norte e M\u00e9dio Paranapanema (Arapongas, Sab\u00e1udia, Ortigueira e Manoel Ribas).<br \/>\nCom 132 p\u00e1ginas, o anu\u00e1rio traz informa\u00e7\u00f5es detalhadas dos munic\u00edpios, com base em levantamentos oficiais. Constam na publica\u00e7\u00e3o dados do Valor Bruto de Produ\u00e7\u00e3o (VBP), fornecidos pela Secretaria de Estado de Agricultura e Abastecimento (Seab); estat\u00edsticas populacionais do Instituto Brasileiro de Geografia e Estat\u00edstica (IBGE); n\u00fameros do potencial de consumo, elaborados pelo IPC Maps; indicadores sociais do Instituto de Desenvolvimento Econ\u00f4mico e Social (Ipardes), al\u00e9m de informa\u00e7\u00f5es das prefeituras, entre outros \u00f3rg\u00e3os e institutos.<br \/>\nA publica\u00e7\u00e3o tem como patrocinadores a Itaipu Binacional, o Sicredi, a Concession\u00e1ria CR RodoNorte e o Banco Regional de Desenvolvimento da Regi\u00e3o Sul (BRDE).<br \/>\n&nbsp;<\/p>\n","protected":false},"excerpt":{"rendered":"<p>A publica\u00e7\u00e3o traz o perfil de 30 munic\u00edpios da regi\u00e3o, com informa\u00e7\u00f5es sobre os seus principais potenciais (Foto: Edson Denobi)<\/p>\n","protected":false},"author":4,"featured_media":18258,"comment_status":"closed","ping_status":"open","sticky":false,"template":"","format":"standard","meta":{"footnotes":""},"categories":[24],"tags":[],"class_list":["post-18253","post","type-post","status-publish","format-standard","has-post-thumbnail","hentry","category-noticias"],"acf":[],"_links":{"self":[{"href":"http:\/\/www.apucarana.pr.gov.br\/site\/wp-json\/wp\/v2\/posts\/18253","targetHints":{"allow":["GET"]}}],"collection":[{"href":"http:\/\/www.apucarana.pr.gov.br\/site\/wp-json\/wp\/v2\/posts"}],"about":[{"href":"http:\/\/www.apucarana.pr.gov.br\/site\/wp-json\/wp\/v2\/types\/post"}],"author":[{"embeddable":true,"href":"http:\/\/www.apucarana.pr.gov.br\/site\/wp-json\/wp\/v2\/users\/4"}],"replies":[{"embeddable":true,"href":"http:\/\/www.apucarana.pr.gov.br\/site\/wp-json\/wp\/v2\/comments?post=18253"}],"version-history":[{"count":1,"href":"http:\/\/www.apucarana.pr.gov.br\/site\/wp-json\/wp\/v2\/posts\/18253\/revisions"}],"predecessor-version":[{"id":101058,"href":"http:\/\/www.apucarana.pr.gov.br\/site\/wp-json\/wp\/v2\/posts\/18253\/revisions\/101058"}],"wp:featuredmedia":[{"embeddable":true,"href":"http:\/\/www.apucarana.pr.gov.br\/site\/wp-json\/"}],"wp:attachment":[{"href":"http:\/\/www.apucarana.pr.gov.br\/site\/wp-json\/wp\/v2\/media?parent=18253"}],"wp:term":[{"taxonomy":"category","embeddable":true,"href":"http:\/\/www.apucarana.pr.gov.br\/site\/wp-json\/wp\/v2\/categories?post=18253"},{"taxonomy":"post_tag","embeddable":true,"href":"http:\/\/www.apucarana.pr.gov.br\/site\/wp-json\/wp\/v2\/tags?post=18253"}],"curies":[{"name":"wp","href":"https:\/\/api.w.org\/{rel}","templated":true}]}}