{"id":18239,"date":"2018-09-28T10:54:07","date_gmt":"2018-09-28T13:54:07","guid":{"rendered":"http:\/\/172.16.0.7\/site-antigo\/?p=18239"},"modified":"2024-10-08T09:17:44","modified_gmt":"2024-10-08T12:17:44","slug":"30o-batalhao-de-infantaria-mecanizada-completa-50-anos","status":"publish","type":"post","link":"http:\/\/www.apucarana.pr.gov.br\/site\/30o-batalhao-de-infantaria-mecanizada-completa-50-anos\/","title":{"rendered":"30\u00ba Batalh\u00e3o de Infantaria Mecanizada completa 50 anos"},"content":{"rendered":"<p>Para celebrar a importante efem\u00e9ride de 50 anos do in\u00edcio oficial do 30\u00ba BIMEC, uma orquestra formada por integrantes do pr\u00f3prio ex\u00e9rcito e tamb\u00e9m por m\u00fasicos profissionais cedidos por outras bandas apresentou-se na noite desta quinta-feira (26\/9) no Cine Teatro F\u00eanix. O repert\u00f3rio interpretado foi bastante ecl\u00e9tico e contempor\u00e2neo, indo de Aquarela do Brasil a George Gershwin, passando por Tim Maia e outros cl\u00e1ssicos do cancioneiro nacional e internacional.<br \/>\nAs comemora\u00e7\u00f5es prosseguir\u00e3o no s\u00e1bado, com a formatura alusiva ao cinquenten\u00e1rio do 30\u00ba, que ser\u00e1 aberta \u00e0 comunidade, a partir das 10 horas (BR 376 km 356 \u2013 Rodovia do Caf\u00e9). Para o prefeito em exerc\u00edcio Sebasti\u00e3o Ferreira Martins (J\u00fanior da Femac), o Batalh\u00e3o \u00e9 mais uma das riquezas que s\u00f3 Apucarana tem. \u201cNesse momento importante de comemora\u00e7\u00e3o dos 50 anos a gente olha e percebe a import\u00e2ncia desse organismo militar dentro da cidade e o quanto a hist\u00f3ria de Apucarana est\u00e1 ligada \u00e0 hist\u00f3ria do 30\u00ba\u201d, afirma.<br \/>\nO comandante do 30\u00ba BIMEC, tenente-coronel Jos\u00e9 Barbosa Deina, acredita igualmente que cidade e Batalh\u00e3o tenham, entre si, peda\u00e7o importante de hist\u00f3ria comum. \u201cA sociedade municipal integra o Batalh\u00e3o assim como o Batalh\u00e3o integra a sociedade apucaranense. Gostaria de chamar a todos para nossa formatura no s\u00e1bado\u201d, disse o comandante.<br \/>\n&nbsp;<br \/>\n&nbsp;<br \/>\n&nbsp;<\/p>\n","protected":false},"excerpt":{"rendered":"<p>Anivers\u00e1rio \u00e9 comemorado com apresenta\u00e7\u00e3o musical no Cine Teatro e formatura aberta \u00e0 comunidade acontece no pr\u00f3ximo s\u00e1bado<br \/>\n(Fotos: Profeta)<\/p>\n","protected":false},"author":4,"featured_media":18241,"comment_status":"closed","ping_status":"open","sticky":false,"template":"","format":"standard","meta":{"footnotes":""},"categories":[24],"tags":[],"class_list":["post-18239","post","type-post","status-publish","format-standard","has-post-thumbnail","hentry","category-noticias"],"acf":[],"_links":{"self":[{"href":"http:\/\/www.apucarana.pr.gov.br\/site\/wp-json\/wp\/v2\/posts\/18239","targetHints":{"allow":["GET"]}}],"collection":[{"href":"http:\/\/www.apucarana.pr.gov.br\/site\/wp-json\/wp\/v2\/posts"}],"about":[{"href":"http:\/\/www.apucarana.pr.gov.br\/site\/wp-json\/wp\/v2\/types\/post"}],"author":[{"embeddable":true,"href":"http:\/\/www.apucarana.pr.gov.br\/site\/wp-json\/wp\/v2\/users\/4"}],"replies":[{"embeddable":true,"href":"http:\/\/www.apucarana.pr.gov.br\/site\/wp-json\/wp\/v2\/comments?post=18239"}],"version-history":[{"count":1,"href":"http:\/\/www.apucarana.pr.gov.br\/site\/wp-json\/wp\/v2\/posts\/18239\/revisions"}],"predecessor-version":[{"id":101059,"href":"http:\/\/www.apucarana.pr.gov.br\/site\/wp-json\/wp\/v2\/posts\/18239\/revisions\/101059"}],"wp:featuredmedia":[{"embeddable":true,"href":"http:\/\/www.apucarana.pr.gov.br\/site\/wp-json\/"}],"wp:attachment":[{"href":"http:\/\/www.apucarana.pr.gov.br\/site\/wp-json\/wp\/v2\/media?parent=18239"}],"wp:term":[{"taxonomy":"category","embeddable":true,"href":"http:\/\/www.apucarana.pr.gov.br\/site\/wp-json\/wp\/v2\/categories?post=18239"},{"taxonomy":"post_tag","embeddable":true,"href":"http:\/\/www.apucarana.pr.gov.br\/site\/wp-json\/wp\/v2\/tags?post=18239"}],"curies":[{"name":"wp","href":"https:\/\/api.w.org\/{rel}","templated":true}]}}