{"id":18212,"date":"2018-09-27T19:20:17","date_gmt":"2018-09-27T22:20:17","guid":{"rendered":"http:\/\/172.16.0.7\/site-antigo\/?p=18212"},"modified":"2024-10-08T09:17:44","modified_gmt":"2024-10-08T12:17:44","slug":"comeca-semana-nacional-do-idoso","status":"publish","type":"post","link":"http:\/\/www.apucarana.pr.gov.br\/site\/comeca-semana-nacional-do-idoso\/","title":{"rendered":"Come\u00e7a Semana Nacional do Idoso"},"content":{"rendered":"<p>Os brasileiros acima de 60 anos representam hoje 13,5% da popula\u00e7\u00e3o e j\u00e1 s\u00e3o mais de 30 milh\u00f5es de pessoas. At\u00e9 2031, estima-se que este grupo et\u00e1rio ultrapasse o de crian\u00e7as e adolescentes com idade entre zero e 14 anos. At\u00e9 2025, o pa\u00eds abrigar\u00e1 a sexta maior popula\u00e7\u00e3o de idosos do mundo.<br \/>\nEm Apucarana, o grupo da terceira idade equivale a cerca de 20% dos habitantes da cidade e, segundo a vereadora M\u00e1rcia Souza, em duas d\u00e9cadas ser\u00e3o em mesmo n\u00famero que a popula\u00e7\u00e3o economicamente ativa. \u00a0\u201c\u00c9 exatamente por isso que os gestores precisam, com urg\u00eancia, pensar em pol\u00edticas p\u00fablicas que de fato alcancem os idosos e os incluam\u201d, afirmou a vereadora.<br \/>\nEla esteve presente \u00e0 abertura da Semana Nacional do Idoso, nesta quinta-feira (27\/9), na Pra\u00e7a CEU. Em 1\u00ba de outubro comemora-se o Dia Internacional do Idoso e, para celebr\u00e1-lo, o Centro de Refer\u00eancia Especializado de Assist\u00eancia Social (Creas) programou uma s\u00e9rie de atividades \u2013 incluindo um baile com programa\u00e7\u00e3o especial, em 5 de outubro.<br \/>\nRepresentando a C\u00e2mara, M\u00e1rcia Souza explicou que recentemente os vereadores aprovaram por unanimidade um projeto de lei, de sua autoria, que defende as conquistas que a terceira idade obteve nos dois mandatos do prefeito Beto Preto. \u201cFui secret\u00e1ria de Assist\u00eancia Social, sou servidora p\u00fablica da Sa\u00fade e hoje estou vereadora. Posso dizer, com tranquilidade, que os idosos nunca tiveram tantas conquistas nesses anos, por isso \u00e9 t\u00e3o importante que todas elas virem lei. Dessa maneira, os pr\u00f3ximos prefeitos poder\u00e3o ampli\u00e1-las, mas n\u00e3o diminu\u00ed-las.\u201d<br \/>\nUm dos fundadores do Conselho Municipal do Idoso, Domingos Farinha Martins, de 83 anos, disse que as comemora\u00e7\u00f5es da Semana s\u00e3o t\u00e3o importantes que n\u00e3o deveriam se restringir \u00e0 uma semana. Deveriam ser muitas. \u201cN\u00e3o podemos confundir idade com velhice. Idade \u00e9 uma coisa. Velhice \u00e9 outra. Envelhecer \u00e9 um privil\u00e9gio\u201d, diz.<br \/>\n<strong>O que Apucarana oferece aos idosos<\/strong><br \/>\nA diretora de prote\u00e7\u00e3o social especial da secretaria de Assist\u00eancia Social de Apucarana, Priscila Luzia, explicou a rede de prote\u00e7\u00e3o social de que disp\u00f5e o munic\u00edpio: s\u00e3o mais de 500 idosos atendidos pelos cerca de 40 grupos Conviver que acontece nos bairros; nos quatro Centros de Refer\u00eancia de Assist\u00eancia Social (Cras) h\u00e1 grupos espec\u00edficos que trabalham com idosos que recebem o BPC (benef\u00edcio de presta\u00e7\u00e3o continuada).<br \/>\nNos Creas (Centro de Refer\u00eancia Especializado de Assist\u00eancia Social), idosos e pessoas portadoras de defici\u00eancias que t\u00eam seus direitos violados, que vivem situa\u00e7\u00f5es de neglig\u00eancia, abandono, viol\u00eancia psicol\u00f3gica e patrimonial, podem dispor de equipe especializada a auxili\u00e1-los a acessar seus direitos e a lutar por reaver condi\u00e7\u00f5es melhores e mais dignas de vida.<br \/>\nO Centro Dia oferece atividades diariamente, durante o dia todo, para cerca de 20 idosos. Em parceria com a Sa\u00fade Municipal, s\u00e3o desenvolvidas atividades f\u00edsicas; artes\u00e3s orientam atividades manuais, que estavam expostas na inaugura\u00e7\u00e3o da Semana do Idoso; passeios e atividades de cultura. Em breve, ser\u00e1 inaugurado o Centro de Conviv\u00eancia, no Jardim Colonial, que triplicar\u00e1 a capacidade de atendimento do munic\u00edpio.<\/p>\n","protected":false},"excerpt":{"rendered":"<p>No Brasil s\u00e3o 30 milh\u00f5es de pessoas com idade superior a 60 anos e em Apucarana grupo et\u00e1rio equivale a 20% da popula\u00e7\u00e3o<br \/>\n(Fotos: Edson Denobi)<\/p>\n","protected":false},"author":4,"featured_media":18213,"comment_status":"closed","ping_status":"open","sticky":false,"template":"","format":"standard","meta":{"footnotes":""},"categories":[24],"tags":[],"class_list":["post-18212","post","type-post","status-publish","format-standard","has-post-thumbnail","hentry","category-noticias"],"acf":[],"_links":{"self":[{"href":"http:\/\/www.apucarana.pr.gov.br\/site\/wp-json\/wp\/v2\/posts\/18212","targetHints":{"allow":["GET"]}}],"collection":[{"href":"http:\/\/www.apucarana.pr.gov.br\/site\/wp-json\/wp\/v2\/posts"}],"about":[{"href":"http:\/\/www.apucarana.pr.gov.br\/site\/wp-json\/wp\/v2\/types\/post"}],"author":[{"embeddable":true,"href":"http:\/\/www.apucarana.pr.gov.br\/site\/wp-json\/wp\/v2\/users\/4"}],"replies":[{"embeddable":true,"href":"http:\/\/www.apucarana.pr.gov.br\/site\/wp-json\/wp\/v2\/comments?post=18212"}],"version-history":[{"count":1,"href":"http:\/\/www.apucarana.pr.gov.br\/site\/wp-json\/wp\/v2\/posts\/18212\/revisions"}],"predecessor-version":[{"id":101060,"href":"http:\/\/www.apucarana.pr.gov.br\/site\/wp-json\/wp\/v2\/posts\/18212\/revisions\/101060"}],"wp:featuredmedia":[{"embeddable":true,"href":"http:\/\/www.apucarana.pr.gov.br\/site\/wp-json\/"}],"wp:attachment":[{"href":"http:\/\/www.apucarana.pr.gov.br\/site\/wp-json\/wp\/v2\/media?parent=18212"}],"wp:term":[{"taxonomy":"category","embeddable":true,"href":"http:\/\/www.apucarana.pr.gov.br\/site\/wp-json\/wp\/v2\/categories?post=18212"},{"taxonomy":"post_tag","embeddable":true,"href":"http:\/\/www.apucarana.pr.gov.br\/site\/wp-json\/wp\/v2\/tags?post=18212"}],"curies":[{"name":"wp","href":"https:\/\/api.w.org\/{rel}","templated":true}]}}