{"id":18195,"date":"2018-09-27T15:42:49","date_gmt":"2018-09-27T18:42:49","guid":{"rendered":"http:\/\/172.16.0.7\/site-antigo\/?p=18195"},"modified":"2024-10-08T09:17:45","modified_gmt":"2024-10-08T12:17:45","slug":"recape-asfaltico-atende-ruas-em-paralelepipedo","status":"publish","type":"post","link":"http:\/\/www.apucarana.pr.gov.br\/site\/recape-asfaltico-atende-ruas-em-paralelepipedo\/","title":{"rendered":"Recape asf\u00e1ltico atende ruas em paralelep\u00edpedo"},"content":{"rendered":"<p>Vias das vilas Regina e Nossa Senhora Aparecida est\u00e3o sendo atendidas com recape asf\u00e1ltico. A obra, autorizada pelo prefeito Beto Preto, teve in\u00edcio nesta semana e envolve a aplica\u00e7\u00e3o de uma camada de cinco cent\u00edmetros de massa asf\u00e1ltica sobre a base de paralelep\u00edpedo existente. O andamento dos trabalhos foi conferido nesta quinta-feira (27\/09) pelo prefeito em exerc\u00edcio, J\u00fanior da Femac, e pelo secret\u00e1rio Municipal de Obras, Herivelto Moreno. \u201cA execu\u00e7\u00e3o desta benfeitoria confirma mais uma marca da gest\u00e3o do prefeito Beto Preto, que \u00e9 a de cuidar da cidade dos bairros para o centro\u201d, disse J\u00fanior.<br \/>\nAntes de iniciar a aplica\u00e7\u00e3o do recape asf\u00e1ltico, a empreiteira recuperou os trechos em que os paralelep\u00edpedos estavam deslocados. \u201cTudo foi novamente assentado para agora ser feito dois cent\u00edmetros de reperfilamento e, por fim, aplicada uma camada de tr\u00eas cent\u00edmetros de asfalto\u201d, explica Herivelto Moreno, secret\u00e1rio de Obras.<br \/>\nNesta etapa est\u00e3o sendo beneficiados os moradores das ruas XV de Novembro (Vila Regina) e Maril\u00e2ndia do Sul (Vila Nossa Senhora Aparecida), compreendendo uma \u00e1rea total de 7 mil metros quadrados. O investimento \u00e9 de R$263 mil e os servi\u00e7os s\u00e3o executados pela Tapalam Constru\u00e7\u00f5es e Empreendimento Ltda, de Apucarana. \u201cCom o tempo firme, o servi\u00e7o deve ser conclu\u00eddo j\u00e1 na pr\u00f3xima semana, dando a esses bairros uma melhor urbaniza\u00e7\u00e3o, trafegabilidade e maior seguran\u00e7a aos condutores e pedestres\u201d, concluiu J\u00fanior da Femac, prefeito em exerc\u00edcio de Apucarana, lembrando que a conquista dos recursos foi atrav\u00e9s de emenda do Deputado Federal Aliel Machado.<\/p>\n","protected":false},"excerpt":{"rendered":"<p>Nesta etapa est\u00e3o sendo feitas as ruas XV de Novembro (Vila Regina) e Maril\u00e2ndia do Sul (Vila Nossa Senhora Aparecida) (Foto: Profeta)<\/p>\n","protected":false},"author":4,"featured_media":18197,"comment_status":"closed","ping_status":"open","sticky":false,"template":"","format":"standard","meta":{"footnotes":""},"categories":[24],"tags":[],"class_list":["post-18195","post","type-post","status-publish","format-standard","has-post-thumbnail","hentry","category-noticias"],"acf":[],"_links":{"self":[{"href":"http:\/\/www.apucarana.pr.gov.br\/site\/wp-json\/wp\/v2\/posts\/18195","targetHints":{"allow":["GET"]}}],"collection":[{"href":"http:\/\/www.apucarana.pr.gov.br\/site\/wp-json\/wp\/v2\/posts"}],"about":[{"href":"http:\/\/www.apucarana.pr.gov.br\/site\/wp-json\/wp\/v2\/types\/post"}],"author":[{"embeddable":true,"href":"http:\/\/www.apucarana.pr.gov.br\/site\/wp-json\/wp\/v2\/users\/4"}],"replies":[{"embeddable":true,"href":"http:\/\/www.apucarana.pr.gov.br\/site\/wp-json\/wp\/v2\/comments?post=18195"}],"version-history":[{"count":1,"href":"http:\/\/www.apucarana.pr.gov.br\/site\/wp-json\/wp\/v2\/posts\/18195\/revisions"}],"predecessor-version":[{"id":101062,"href":"http:\/\/www.apucarana.pr.gov.br\/site\/wp-json\/wp\/v2\/posts\/18195\/revisions\/101062"}],"wp:featuredmedia":[{"embeddable":true,"href":"http:\/\/www.apucarana.pr.gov.br\/site\/wp-json\/"}],"wp:attachment":[{"href":"http:\/\/www.apucarana.pr.gov.br\/site\/wp-json\/wp\/v2\/media?parent=18195"}],"wp:term":[{"taxonomy":"category","embeddable":true,"href":"http:\/\/www.apucarana.pr.gov.br\/site\/wp-json\/wp\/v2\/categories?post=18195"},{"taxonomy":"post_tag","embeddable":true,"href":"http:\/\/www.apucarana.pr.gov.br\/site\/wp-json\/wp\/v2\/tags?post=18195"}],"curies":[{"name":"wp","href":"https:\/\/api.w.org\/{rel}","templated":true}]}}