{"id":18087,"date":"2018-09-24T15:15:49","date_gmt":"2018-09-24T18:15:49","guid":{"rendered":"http:\/\/172.16.0.7\/site-antigo\/?p=18087"},"modified":"2024-10-08T09:17:45","modified_gmt":"2024-10-08T12:17:45","slug":"festival-premia-vencedores-nas-categorias-popular-e-religiosa","status":"publish","type":"post","link":"http:\/\/www.apucarana.pr.gov.br\/site\/festival-premia-vencedores-nas-categorias-popular-e-religiosa\/","title":{"rendered":"Festival premia vencedores nas categorias Popular e Religiosa"},"content":{"rendered":"<p>Neste domingo foram conhecidas as cinco melhores m\u00fasicas da 4\u00aa edi\u00e7\u00e3o do Festival de M\u00fasica Mensagem de Apucarana (Femudap), depois de tr\u00eas dias de apresenta\u00e7\u00f5es das 55 can\u00e7\u00f5es selecionadas, entre as 104 inscritas. Al\u00e9m dos ganhadores nas categorias M\u00fasica Popular e M\u00fasica Religiosa, o Femudap tamb\u00e9m teve premia\u00e7\u00f5es nas categorias de melhores int\u00e9rprete, conjunto e letra, destaque e revela\u00e7\u00e3o do festival (veja abaixo os vencedores). A m\u00fasica \u201cFim de Tarde\u201d, da autoria de David Juliano de Moura Arias (David Mour), ganhou o primeiro lugar na categoria popular, enquanto \u201cVim te Adorar\u201d venceu no grupo das can\u00e7\u00f5es religiosas.<br \/>\nO festival cresce a cada edi\u00e7\u00e3o, segundo a secret\u00e1ria de Cultura Maria Agar. Neste ano, recebeu inscri\u00e7\u00f5es de estados distantes como Bahia, Rio de Janeiro, Esp\u00edrito Santo e Mato Grosso, al\u00e9m de outros mais pr\u00f3ximos como S\u00e3o Paulo e Santa Catarina. \u201cInfelizmente os concorrentes n\u00e3o puderam vir porque n\u00e3o conseguiram patroc\u00ednio, isto \u00e9, n\u00e3o tinham como arcar com os custos da viagem, passagem e hospedagem. S\u00e3o m\u00fasicos amadores. Mas ficamos muito felizes em saber que nosso festival come\u00e7a a ser conhecido em \u00e2mbito nacional.\u201d<br \/>\nO prefeito em exerc\u00edcio, Sebasti\u00e3o Ferreira Martins J\u00fanior (J\u00fanior da Femac), acredita que Apucarana tenha a m\u00fasica na alma \u201cPor isso em nossa cidade surgem muitos talentos e sediamos tantos encontros e eventos musicais. Ficamos muito felizes em ver o crescimento exponencial desta quarta edi\u00e7\u00e3o do Femudap, recebendo inscri\u00e7\u00f5es de outras regi\u00f5es do pa\u00eds\u201d, A cidade ganhou um total de dez pr\u00eamios no festival.<br \/>\nForam tr\u00eas dias de muito trabalho e organiza\u00e7\u00e3o. Na sexta-feira, primeiro dia, 28 m\u00fasicas foram apresentadas aos jurados; no s\u00e1bado, 27 composi\u00e7\u00f5es. No domingo, os vencedores sa\u00edram das 20 can\u00e7\u00f5es previamente escolhidas nos dias anteriores. \u00a0O clima era de tens\u00e3o nos bastidores do festival.<br \/>\nCom o n\u00edvel das can\u00e7\u00f5es selecionadas para a reapresenta\u00e7\u00e3o, era dif\u00edcil prever quem poderia ganhar. A maioria dos jurados, segundo o organizador do festival M\u00e1rio Felipe, teve dificuldade em desempatar e decidir quem ficaria com as cinco primeiras coloca\u00e7\u00f5es.\u00a0 \u201cTemos um diferencial aqui em Apucarana. Os festivais de Maring\u00e1 e de Londrina s\u00e3o apenas de apresenta\u00e7\u00e3o. Aqui \u00e9 de competi\u00e7\u00e3o mesmo.\u201d<br \/>\n&nbsp;<br \/>\n<strong>Categoria M\u00fasica Popular In\u00e9dita <\/strong><\/p>\n<table>\n<tbody>\n<tr>\n<td><strong>Lugar<\/strong><\/td>\n<td><strong>M\u00fasica<\/strong><\/td>\n<td><strong>Autoria<\/strong><\/td>\n<td><strong>Cidade <\/strong><\/td>\n<td><strong>Interpreta\u00e7\u00e3o<\/strong><\/td>\n<\/tr>\n<tr>\n<td>1\u00ba<\/td>\n<td>Fim de Tarde<\/td>\n<td>David Juliano de Moura Arias (David Mour)<\/td>\n<td>Londrina<\/td>\n<td>Autor<\/td>\n<\/tr>\n<tr>\n<td>2\u00ba<\/td>\n<td>P\u00e9 Vermelho<\/td>\n<td>Julio Aparecido Garcia\/Marcio Adriano Garcia<\/td>\n<td>Cambira<\/td>\n<td>Autores<\/td>\n<\/tr>\n<tr>\n<td>3\u00ba<\/td>\n<td>Nada \u00e9 Distante<\/td>\n<td>Rodrigo Jos\u00e9 Lopes<\/td>\n<td>Apucarana<\/td>\n<td>Banda Dred<\/td>\n<\/tr>\n<tr>\n<td>4\u00ba<\/td>\n<td>Simbora<\/td>\n<td>Rodrigo Cez\u00e1rio<\/td>\n<td>Apucarana<\/td>\n<td>Autor<\/td>\n<\/tr>\n<tr>\n<td>5\u00ba<\/td>\n<td>Tempo de Liberdade<\/td>\n<td>Jonatan Agamenon da Silva Marcelino<\/td>\n<td>Apucarana<\/td>\n<td>Banda Equil\u00edbrio Sonoro<\/td>\n<\/tr>\n<\/tbody>\n<\/table>\n<p>&nbsp;<br \/>\n<strong>\u00a0Categoria M\u00fasica Religiosa In\u00e9dita<\/strong><\/p>\n<table>\n<tbody>\n<tr>\n<td><strong>Lugar<\/strong><\/td>\n<td><strong>M\u00fasica<\/strong><\/td>\n<td><strong>Autoria<\/strong><\/td>\n<td><strong>Cidade<\/strong><\/td>\n<td><strong>Interpreta\u00e7\u00e3o<\/strong><\/td>\n<\/tr>\n<tr>\n<td>1\u00ba<\/td>\n<td>Vim te Adorar<\/td>\n<td>Ewerton Lu\u00eds do Nascimento<\/td>\n<td>Arapongas<\/td>\n<td>Autor<\/td>\n<\/tr>\n<tr>\n<td>2\u00ba<\/td>\n<td>Car\u00e1ter de Cristo<\/td>\n<td>Robison Aparecido Canuto Gomes<\/td>\n<td>Apucarana<\/td>\n<td>Autor<\/td>\n<\/tr>\n<tr>\n<td>3\u00ba<\/td>\n<td>Plenitude<\/td>\n<td>Deosvaldo Gon\u00e7alves Chaves<\/td>\n<td>Sab\u00e1udia<\/td>\n<td>Julia Coatte<\/td>\n<\/tr>\n<tr>\n<td>4\u00ba<\/td>\n<td>Luz no Fim do T\u00fanel<\/td>\n<td>Eluana da Silva Martins<\/td>\n<td>Apucarana<\/td>\n<td>Autor<\/td>\n<\/tr>\n<tr>\n<td>5\u00ba<\/td>\n<td>Bendito \u00c9s Tu<\/td>\n<td>Karen Helena Kolodji Benedetti<\/td>\n<td>Cambira<\/td>\n<td>Autor<\/td>\n<\/tr>\n<\/tbody>\n<\/table>\n<p>&nbsp;<br \/>\n<strong>Outras premia\u00e7\u00f5es da 4\u00aa Edi\u00e7\u00e3o do Femudap<\/strong><\/p>\n<table>\n<tbody>\n<tr>\n<td><strong>Premia\u00e7\u00e3o<\/strong><\/td>\n<td><strong>Categoria Popular<\/strong><\/td>\n<td><strong>Cidade<\/strong><\/td>\n<td><strong>Categoria Religiosa<\/strong><\/td>\n<td><strong>Cidade<\/strong><\/td>\n<\/tr>\n<tr>\n<td>Melhor Int\u00e9rprete<\/td>\n<td>David Juliano de Moura Arias (David Mour)<\/td>\n<td>Londrina<\/td>\n<td>Taysson Felipe Lima de Moraes<\/td>\n<td>Apucarana<\/td>\n<\/tr>\n<tr>\n<td>Melhor Conjunto<\/td>\n<td>Banda A Trinka<\/td>\n<td>Apucarana<\/td>\n<td>Minist\u00e9rio de M\u00fasica Grupo de Ora\u00e7\u00e3o Raio de Luz<\/td>\n<td>Cambira<\/td>\n<\/tr>\n<tr>\n<td>Melhor Letra<\/td>\n<td>P\u00e9 Vermelho<\/td>\n<td>Cambira<\/td>\n<td>Bendito \u00c9s Tu<\/td>\n<td>Cambira<\/td>\n<\/tr>\n<tr>\n<td>Destaque do Festival<\/td>\n<td>Banda Equil\u00edbrio Sonoro<\/td>\n<td>Apucarana<\/td>\n<td>Robison Aparecido Canuto Gomes<\/td>\n<td>Apucarana<\/td>\n<\/tr>\n<tr>\n<td>Revela\u00e7\u00e3o do Festival<\/td>\n<td>Miguel Felippe e Fl\u00e1via Galbero Costa<\/td>\n<td>Apucarana e Rol\u00e2ndia<\/td>\n<td>Elaine Altine Gouvea<\/td>\n<td>Londrina<\/td>\n<\/tr>\n<\/tbody>\n<\/table>\n<p>&nbsp;<\/p>\n","protected":false},"excerpt":{"rendered":"<p>Jurados encontram dificuldades em escolher classificados na \u00faltima etapa da competi\u00e7\u00e3o por causa do alto n\u00edvel das m\u00fasicas<br \/>\n(Fotos: Profeta)<\/p>\n","protected":false},"author":4,"featured_media":18089,"comment_status":"closed","ping_status":"open","sticky":false,"template":"","format":"standard","meta":{"footnotes":""},"categories":[24],"tags":[],"class_list":["post-18087","post","type-post","status-publish","format-standard","has-post-thumbnail","hentry","category-noticias"],"acf":[],"_links":{"self":[{"href":"http:\/\/www.apucarana.pr.gov.br\/site\/wp-json\/wp\/v2\/posts\/18087","targetHints":{"allow":["GET"]}}],"collection":[{"href":"http:\/\/www.apucarana.pr.gov.br\/site\/wp-json\/wp\/v2\/posts"}],"about":[{"href":"http:\/\/www.apucarana.pr.gov.br\/site\/wp-json\/wp\/v2\/types\/post"}],"author":[{"embeddable":true,"href":"http:\/\/www.apucarana.pr.gov.br\/site\/wp-json\/wp\/v2\/users\/4"}],"replies":[{"embeddable":true,"href":"http:\/\/www.apucarana.pr.gov.br\/site\/wp-json\/wp\/v2\/comments?post=18087"}],"version-history":[{"count":1,"href":"http:\/\/www.apucarana.pr.gov.br\/site\/wp-json\/wp\/v2\/posts\/18087\/revisions"}],"predecessor-version":[{"id":101073,"href":"http:\/\/www.apucarana.pr.gov.br\/site\/wp-json\/wp\/v2\/posts\/18087\/revisions\/101073"}],"wp:featuredmedia":[{"embeddable":true,"href":"http:\/\/www.apucarana.pr.gov.br\/site\/wp-json\/"}],"wp:attachment":[{"href":"http:\/\/www.apucarana.pr.gov.br\/site\/wp-json\/wp\/v2\/media?parent=18087"}],"wp:term":[{"taxonomy":"category","embeddable":true,"href":"http:\/\/www.apucarana.pr.gov.br\/site\/wp-json\/wp\/v2\/categories?post=18087"},{"taxonomy":"post_tag","embeddable":true,"href":"http:\/\/www.apucarana.pr.gov.br\/site\/wp-json\/wp\/v2\/tags?post=18087"}],"curies":[{"name":"wp","href":"https:\/\/api.w.org\/{rel}","templated":true}]}}