{"id":18080,"date":"2018-09-24T11:51:05","date_gmt":"2018-09-24T14:51:05","guid":{"rendered":"http:\/\/172.16.0.7\/site-antigo\/?p=18080"},"modified":"2024-10-08T09:17:45","modified_gmt":"2024-10-08T12:17:45","slug":"atleta-de-apucarana-conquista-medalha-de-bronze-nos-japs","status":"publish","type":"post","link":"http:\/\/www.apucarana.pr.gov.br\/site\/atleta-de-apucarana-conquista-medalha-de-bronze-nos-japs\/","title":{"rendered":"Atleta de Apucarana conquista medalha de bronze nos JAPs"},"content":{"rendered":"<p>A equipe de atletismo de Apucarana participou da fase final da divis\u00e3o A dos 61\u00ba Jogos Abertos do Paran\u00e1 (JAPs), que est\u00e3o acontecendo de 21 a 30 de setembro, em Londrina. O principal resultado foi alcan\u00e7ado pelo atleta Guilherme de Camargo, que na prova dos 400 metros com barreiras ficou com a medalha de bronze.<br \/>\nA equipe de atletismo de Apucarana, coordenada pelos professores Jos\u00e9 Marcelino da Silva e Luciane Yoshiko, foi representada por 14 atletas, que disputaram a competi\u00e7\u00e3o nos 100, 200, 400, 800, 1.500, 5.000 e 10.000 metros rasos, 400 metros com barreiras, revezamento 4&#215;100, revezamento 4&#215;400 e salto triplo.<br \/>\nA Divis\u00e3o A de 2018 est\u00e1 sendo disputada por atletas de 70 munic\u00edpios paranaenses, em 20 modalidades: atletismo, badminton, basquete, bocha, bol\u00e3o, ciclismo, futebol, futsal, gin\u00e1stica r\u00edtmica, handebol, jud\u00f4, karat\u00ea, nata\u00e7\u00e3o, rugbi, taekwondo, t\u00eanis, t\u00eanis de mesa, v\u00f4lei, v\u00f4lei de praia e xadrez.<br \/>\n&nbsp;<br \/>\n<strong>CONFIRA OS RESULTADOS DOS ATLETAS DE APUCARANA<\/strong><br \/>\n<strong><u>MASCULINO<\/u><\/strong><br \/>\n<strong><u>PROVA DO 100 METROS RASOS<\/u><\/strong><br \/>\n7\u00ba COLOCADO \u2013 FELIPE MARCOS CANUTO<br \/>\n<strong><u>PROVA DO 200 METROS RASOS<\/u><\/strong><br \/>\n13\u00ba COLOCADO \u2013 FELIPE MARCOS CANUTO<br \/>\n15\u00ba COLOCADO \u2013 GABRIEL GOMES OLIVEIRA<br \/>\n<strong><u>PROVA DO 400 METROS RASOS<\/u><\/strong><br \/>\n9\u00ba COLOCADO \u2013 GABRIEL GOMES OLIVEIRA<br \/>\n<strong><u>PROVA DO 800 METROS RASOS<\/u><\/strong><br \/>\n13\u00ba COLOCADO \u2013 MATHEUS SOUZA ALVES<br \/>\n19\u00ba COLOCADO \u2013 LUIS CLAUDIO DE FREITAS<br \/>\n21\u00ba COLOCADO \u2013 THIAGO CHAGAS<br \/>\n<strong><u>PROVA DO 1500 METROS RASOS<\/u><\/strong><br \/>\n8\u00ba COLOCADO \u2013 TAUAN DELPIERI<br \/>\n10\u00ba COLOCADO \u2013 MATHEUS SOUZA ALVES<br \/>\n<strong><u>PROVA DO 5.000 METROS RASOS<\/u><\/strong><br \/>\n16\u00ba COLOCADO \u2013 FERNANDO SANTOS DE FRAN\u00c7A<br \/>\n18\u00ba COLOCADO \u2013 LUIZ HENRIQUE PEREIRA<br \/>\n<strong><u>PROVA DO 10.000 METROS RASOS<\/u><\/strong><br \/>\n8\u00ba COLOCADO \u2013 LUIZ HENRIQUE PEREIRA<br \/>\n<strong><u>PROVA DO 400 METROS COM BARREIRAS<\/u><\/strong><br \/>\n3\u00ba COLOCADO \u2013 GUILHERME DE CAMARGO<br \/>\n<strong><u>PROVA DO REVEZAMENTO 4X100<\/u><\/strong><br \/>\n7\u00ba COLOCADO \u2013 COM OS ATLETAS: GUILHERME CAMARGO, RUAN SIQUEIRA, FABRICIO ORLANDO E FELIPE CANUTO.<br \/>\n<strong><u>PROVA DO REVEZAMENTO 4X400<\/u><\/strong><br \/>\n4\u00ba COLOCADO \u2013 COM\u00a0 OS ATLETAS: GUILHERME CAMARGO, MATTEUS PIMENTA, GABRIEL GOMES E GANDI DOS SANTOS.<br \/>\n<strong><u>PROVA DO SANTO TRIPLO<\/u><\/strong><br \/>\n7\u00ba COLOCADO \u2013 MARCOS VINICIUS SAMPAIO DE SOUZA<br \/>\n&nbsp;<br \/>\n<strong><u>FEMININO<\/u><\/strong><br \/>\n<strong><u>PROVA DO 400 METROS COM BARREIRAS<\/u><\/strong><br \/>\n9\u00aa COLOCADA \u2013 MELISSA ANYADNE FERREIRA BUSSOLO<br \/>\n&nbsp;<\/p>\n","protected":false},"excerpt":{"rendered":"<p>Guilherme de Camargo ficou em 3\u00ba lugar na prova dos 400 metros com barreiras<\/p>\n","protected":false},"author":4,"featured_media":18082,"comment_status":"closed","ping_status":"open","sticky":false,"template":"","format":"standard","meta":{"footnotes":""},"categories":[24],"tags":[],"class_list":["post-18080","post","type-post","status-publish","format-standard","has-post-thumbnail","hentry","category-noticias"],"acf":[],"_links":{"self":[{"href":"http:\/\/www.apucarana.pr.gov.br\/site\/wp-json\/wp\/v2\/posts\/18080","targetHints":{"allow":["GET"]}}],"collection":[{"href":"http:\/\/www.apucarana.pr.gov.br\/site\/wp-json\/wp\/v2\/posts"}],"about":[{"href":"http:\/\/www.apucarana.pr.gov.br\/site\/wp-json\/wp\/v2\/types\/post"}],"author":[{"embeddable":true,"href":"http:\/\/www.apucarana.pr.gov.br\/site\/wp-json\/wp\/v2\/users\/4"}],"replies":[{"embeddable":true,"href":"http:\/\/www.apucarana.pr.gov.br\/site\/wp-json\/wp\/v2\/comments?post=18080"}],"version-history":[{"count":1,"href":"http:\/\/www.apucarana.pr.gov.br\/site\/wp-json\/wp\/v2\/posts\/18080\/revisions"}],"predecessor-version":[{"id":101074,"href":"http:\/\/www.apucarana.pr.gov.br\/site\/wp-json\/wp\/v2\/posts\/18080\/revisions\/101074"}],"wp:featuredmedia":[{"embeddable":true,"href":"http:\/\/www.apucarana.pr.gov.br\/site\/wp-json\/"}],"wp:attachment":[{"href":"http:\/\/www.apucarana.pr.gov.br\/site\/wp-json\/wp\/v2\/media?parent=18080"}],"wp:term":[{"taxonomy":"category","embeddable":true,"href":"http:\/\/www.apucarana.pr.gov.br\/site\/wp-json\/wp\/v2\/categories?post=18080"},{"taxonomy":"post_tag","embeddable":true,"href":"http:\/\/www.apucarana.pr.gov.br\/site\/wp-json\/wp\/v2\/tags?post=18080"}],"curies":[{"name":"wp","href":"https:\/\/api.w.org\/{rel}","templated":true}]}}