{"id":18058,"date":"2018-09-21T17:41:12","date_gmt":"2018-09-21T20:41:12","guid":{"rendered":"http:\/\/172.16.0.7\/site-antigo\/?p=18058"},"modified":"2024-10-08T09:17:46","modified_gmt":"2024-10-08T12:17:46","slug":"apucarana-celebra-luta-da-pessoa-com-deficiencia","status":"publish","type":"post","link":"http:\/\/www.apucarana.pr.gov.br\/site\/apucarana-celebra-luta-da-pessoa-com-deficiencia\/","title":{"rendered":"Apucarana celebra Luta da Pessoa com Defici\u00eancia"},"content":{"rendered":"<p>De acordo com o Instituto Brasileiro de Geografia e Estat\u00edstica (IBGE), 6,2% da popula\u00e7\u00e3o brasileira, ou cerca de 45 milh\u00f5es de habitantes, t\u00eam algum tipo de defici\u00eancia. No mundo todo, a Organiza\u00e7\u00e3o das Na\u00e7\u00f5es Unidas estima que cerca de um bilh\u00e3o de pessoas \u2013 ou uma a cada sete \u2013 tenha uma defici\u00eancia, seja ela f\u00edsica, auditiva, visual ou intelectual, n\u00famero equivalente \u00e0 popula\u00e7\u00e3o do Brasil, R\u00fassia, Estados Unidos, Indon\u00e9sia e Jap\u00e3o somadas.<br \/>\nPara lan\u00e7ar mais luz sobre os enfrentamentos di\u00e1rios dessa parcela significativa da popula\u00e7\u00e3o, desde 1982 comemora-se o Dia Nacional de Luta da Pessoa com Defici\u00eancia em 21 de setembro. Nesta sexta-feira, a Associa\u00e7\u00e3o dos Deficientes F\u00edsicos de Apucarana (Adefiap) esteve em festa. Talentos art\u00edsticos vieram \u00e0 tona. Foi dia de mostrar dons gastron\u00f4micos, de confec\u00e7\u00e3o, de pintura, arranjos florais. De soltar a voz e cantar. De ficar emocionado com um misto de tristeza e de alegria.<br \/>\nO presidente da Adefiap, Paulo Ant\u00f4nio da Silva, afirma que haja, sim, o que celebrar na data, mesmo que ainda tenha tanto o que conquistar. \u201cHoje existe o Estatuto da Pessoa com Defici\u00eancia, promulgado pela presidente Dilma Rousseff, uma das melhores leis que se fez at\u00e9 hoje para n\u00f3s, e que contempla tudo: aposentadoria especial, benef\u00edcio de presta\u00e7\u00e3o continuada. Nossas principais reivindica\u00e7\u00f5es dizem respeito \u00e0 acessibilidade e \u00e0 aplica\u00e7\u00e3o das leis que j\u00e1 est\u00e3o aprovadas.\u201d<br \/>\nAmaury Cesar Alexandrino, servidor p\u00fablico, de 55 anos, teve as duas pernas amputadas aos 17, fazendo \u201csurf ferrovi\u00e1rio\u201d. \u00c0 \u00e9poca, em plena d\u00e9cada de 80, os deficientes n\u00e3o tinham a visibilidade de que hoje disp\u00f5em. \u201cFoi a partir de nossas lutas iniciadas naquele momento que conseguimos, aos poucos, conquistar o que temos hoje. N\u00e3o tenho d\u00favida de que, embora n\u00e3o seja f\u00e1cil lidar com uma defici\u00eancia, nos dias atuais temos muito mais recursos do que t\u00ednhamos quando aconteceu meu acidente\u201d, afirma.<br \/>\nO prefeito em exerc\u00edcio, Sebasti\u00e3o Ferreira Martins Junior (Junior da Femac), disse estar muito feliz pelo fato de que a cidade tem uma parceria com a Associa\u00e7\u00e3o e por poder ajudar as pessoas com defici\u00eancia. \u201cQueremos que Apucarana seja cada vez mais uma cidade inclusiva e humana, para todos e todas. A administra\u00e7\u00e3o do prefeito Beto Preto sempre teve um carinho especial por todos aqueles que t\u00eam problemas de mobilidade. Prova disso \u00e9 que fizemos fizemos quase mil rampas em todo o centro e avenidas em que passa o \u00f4nibus\u201d, frisou.<\/p>\n","protected":false},"excerpt":{"rendered":"<p>Segundo IBGE, cerca de 45 milh\u00f5es de brasileiros t\u00eam necessidades especiais (Fotos: Profeta)<\/p>\n","protected":false},"author":4,"featured_media":18060,"comment_status":"closed","ping_status":"open","sticky":false,"template":"","format":"standard","meta":{"footnotes":""},"categories":[24],"tags":[],"class_list":["post-18058","post","type-post","status-publish","format-standard","has-post-thumbnail","hentry","category-noticias"],"acf":[],"_links":{"self":[{"href":"http:\/\/www.apucarana.pr.gov.br\/site\/wp-json\/wp\/v2\/posts\/18058","targetHints":{"allow":["GET"]}}],"collection":[{"href":"http:\/\/www.apucarana.pr.gov.br\/site\/wp-json\/wp\/v2\/posts"}],"about":[{"href":"http:\/\/www.apucarana.pr.gov.br\/site\/wp-json\/wp\/v2\/types\/post"}],"author":[{"embeddable":true,"href":"http:\/\/www.apucarana.pr.gov.br\/site\/wp-json\/wp\/v2\/users\/4"}],"replies":[{"embeddable":true,"href":"http:\/\/www.apucarana.pr.gov.br\/site\/wp-json\/wp\/v2\/comments?post=18058"}],"version-history":[{"count":1,"href":"http:\/\/www.apucarana.pr.gov.br\/site\/wp-json\/wp\/v2\/posts\/18058\/revisions"}],"predecessor-version":[{"id":101075,"href":"http:\/\/www.apucarana.pr.gov.br\/site\/wp-json\/wp\/v2\/posts\/18058\/revisions\/101075"}],"wp:featuredmedia":[{"embeddable":true,"href":"http:\/\/www.apucarana.pr.gov.br\/site\/wp-json\/"}],"wp:attachment":[{"href":"http:\/\/www.apucarana.pr.gov.br\/site\/wp-json\/wp\/v2\/media?parent=18058"}],"wp:term":[{"taxonomy":"category","embeddable":true,"href":"http:\/\/www.apucarana.pr.gov.br\/site\/wp-json\/wp\/v2\/categories?post=18058"},{"taxonomy":"post_tag","embeddable":true,"href":"http:\/\/www.apucarana.pr.gov.br\/site\/wp-json\/wp\/v2\/tags?post=18058"}],"curies":[{"name":"wp","href":"https:\/\/api.w.org\/{rel}","templated":true}]}}