{"id":18044,"date":"2018-09-21T14:07:43","date_gmt":"2018-09-21T17:07:43","guid":{"rendered":"http:\/\/172.16.0.7\/site-antigo\/?p=18044"},"modified":"2024-10-08T09:17:46","modified_gmt":"2024-10-08T12:17:46","slug":"junior-da-femac-prestigia-solenidade-de-promocao-de-policiais-militares","status":"publish","type":"post","link":"http:\/\/www.apucarana.pr.gov.br\/site\/junior-da-femac-prestigia-solenidade-de-promocao-de-policiais-militares\/","title":{"rendered":"J\u00fanior da Femac prestigia solenidade de promo\u00e7\u00e3o de policiais militares"},"content":{"rendered":"<p>Seis integrantes do efetivo do 10\u00ba Batalh\u00e3o de Pol\u00edcia Militar (BPM) e um do 4\u00ba Subgrupamento de Bombeiros Independente (SGBI) receberam a promo\u00e7\u00e3o por tempo de servi\u00e7o. As novas divisas foram entregues nesta sexta-feira (21\/09), em solenidade realizada nas depend\u00eancias da Associa\u00e7\u00e3o dos Policiais Militares do Vale do Iva\u00ed (Amevi).<br \/>\nA solenidade contou com a presen\u00e7a do prefeito em exerc\u00edcio de Apucarana, Sebasti\u00e3o Ferreira Martins Junior (Junior da Femac), do comandante do 10\u00ba BPM, major Roberto Francisco Cardoso, do capit\u00e3o Rodrigo Nakamura, representando o comando do 4\u00ba SGBI, e de Alessandro Pereira Carletti, comandante da Guarda Municipal de Apucarana.<br \/>\nNa oportunidade, tamb\u00e9m ocorreu a homenagem ao segundo sargento Paulo Ternoski, pra\u00e7a mais antigo do 10\u00ba BPM e que foi transferido para a reserva remunerada, ap\u00f3s 35 anos de servi\u00e7o. Al\u00e9m de familiares, estiveram presentes v\u00e1rios colegas do curso de forma\u00e7\u00e3o de soldados de 1985 e que j\u00e1 est\u00e3o na reserva.  Ternoski recebeu mimos e um livro contendo seu hist\u00f3rico funcional dentro da corpora\u00e7\u00e3o.<br \/>\nO prefeito em exerc\u00edcio de Apucarana destacou o trabalho do 10\u00ba BPM, especialmente do sargento Ternoski. \u201cEle tem uma linda hist\u00f3ria que se identifica com a trajet\u00f3ria do batalh\u00e3o. O 10\u00ba BPM vai completar 41 anos e o Ternoski trabalhou por 35 anos na corpora\u00e7\u00e3o, onde se formou e onde trabalhou durante toda a carreira\u201d, ressaltou Junior da Femac.<br \/>\nPROMO\u00c7\u00d5ES &#8211; Ao todo,  a Pol\u00edcia Militar do Paran\u00e1 realizou a promo\u00e7\u00e3o de 700 militares no Estado, para fun\u00e7\u00f5es de cabo, sargento e subtenente. As pra\u00e7as passam a exercer novas fun\u00e7\u00f5es espec\u00edficas com as suas gradua\u00e7\u00f5es e responsabilidades, nas diversas unidades policiais e de bombeiros existentes no Paran\u00e1.<br \/>\nJunior da Femac parabenizou os militares que foram promovidos, bem como os familiares que estiveram presentes. \u201cS\u00e3o profissionais j\u00e1 com mais de vinte anos de carreira e que receberam reconhecimento pelos servi\u00e7os prestados.  Eles colocam, muitas vezes, a sua vida risco, saindo de casa para trabalhar mas sem saber se voltar\u00e3o\u201d, observa, creditando os bons n\u00fameros da seguran\u00e7a p\u00fablica em Apucarana ao trabalho da Pol\u00edcia Militar.<br \/>\nO major Roberto Francisco Cardoso afirma que a promo\u00e7\u00e3o \u00e9 aguardada com muita expectativa e renova o \u00e2nimo dos militares para prosseguir na carreira. \u201cTem uma simbologia muito grande, pois s\u00e3o os degraus de uma caminhada e motivam ainda mais o profissional. O policial representa o maior patrim\u00f4nio da corpora\u00e7\u00e3o e a promo\u00e7\u00e3o \u00e9 o momento de valorizar o elemento humano, esse tesouro que n\u00f3s temos\u201d, frisa o comandante do 10\u00ba BPM.<br \/>\nNa \u00e1rea de abrang\u00eancia do 10\u00ba BPM e no 4\u00ba SGBI, foram promovidos o subtenente Marcos Camilo Alves, 3\u00ba sargento Toni C\u00e9sar Mendes, 3\u00ba sargento Ademir da Silva Matichen, cabo Adenilson Luis Correa, cabo Alexandre Aparecido Rocha, cabo Odair Jos\u00e9 Barbosa e cabo Claudionor de Oliveira.<\/p>\n","protected":false},"excerpt":{"rendered":"<p>As novas divisas foram entregues nesta sexta-feira (21\/09), em solenidade realizada nas depend\u00eancias da Associa\u00e7\u00e3o dos Policiais Militares do Vale do Iva\u00ed (Amevi) (Foto: Edson Denobi)<\/p>\n","protected":false},"author":4,"featured_media":18051,"comment_status":"closed","ping_status":"open","sticky":false,"template":"","format":"standard","meta":{"footnotes":""},"categories":[24],"tags":[],"class_list":["post-18044","post","type-post","status-publish","format-standard","has-post-thumbnail","hentry","category-noticias"],"acf":[],"_links":{"self":[{"href":"http:\/\/www.apucarana.pr.gov.br\/site\/wp-json\/wp\/v2\/posts\/18044","targetHints":{"allow":["GET"]}}],"collection":[{"href":"http:\/\/www.apucarana.pr.gov.br\/site\/wp-json\/wp\/v2\/posts"}],"about":[{"href":"http:\/\/www.apucarana.pr.gov.br\/site\/wp-json\/wp\/v2\/types\/post"}],"author":[{"embeddable":true,"href":"http:\/\/www.apucarana.pr.gov.br\/site\/wp-json\/wp\/v2\/users\/4"}],"replies":[{"embeddable":true,"href":"http:\/\/www.apucarana.pr.gov.br\/site\/wp-json\/wp\/v2\/comments?post=18044"}],"version-history":[{"count":1,"href":"http:\/\/www.apucarana.pr.gov.br\/site\/wp-json\/wp\/v2\/posts\/18044\/revisions"}],"predecessor-version":[{"id":101076,"href":"http:\/\/www.apucarana.pr.gov.br\/site\/wp-json\/wp\/v2\/posts\/18044\/revisions\/101076"}],"wp:featuredmedia":[{"embeddable":true,"href":"http:\/\/www.apucarana.pr.gov.br\/site\/wp-json\/"}],"wp:attachment":[{"href":"http:\/\/www.apucarana.pr.gov.br\/site\/wp-json\/wp\/v2\/media?parent=18044"}],"wp:term":[{"taxonomy":"category","embeddable":true,"href":"http:\/\/www.apucarana.pr.gov.br\/site\/wp-json\/wp\/v2\/categories?post=18044"},{"taxonomy":"post_tag","embeddable":true,"href":"http:\/\/www.apucarana.pr.gov.br\/site\/wp-json\/wp\/v2\/tags?post=18044"}],"curies":[{"name":"wp","href":"https:\/\/api.w.org\/{rel}","templated":true}]}}