{"id":18036,"date":"2018-09-20T18:28:19","date_gmt":"2018-09-20T21:28:19","guid":{"rendered":"http:\/\/172.16.0.7\/site-antigo\/?p=18036"},"modified":"2024-10-08T09:17:46","modified_gmt":"2024-10-08T12:17:46","slug":"apucarana-finaliza-licitacao-da-escola-do-interlagos","status":"publish","type":"post","link":"http:\/\/www.apucarana.pr.gov.br\/site\/apucarana-finaliza-licitacao-da-escola-do-interlagos\/","title":{"rendered":"Apucarana finaliza licita\u00e7\u00e3o da \u201cescola do Interlagos\u201d"},"content":{"rendered":"<p>A Prefeitura de Apucarana concluiu nesta semana o processo licitat\u00f3rio que visa definir empresa especializada de constru\u00e7\u00e3o civil para edifica\u00e7\u00e3o de uma escola no Jardim Interlagos, regi\u00e3o oeste de Apucarana. Detalhes do certame foram repassados nesta quinta-feira (20\/09) ao prefeito em exerc\u00edcio, J\u00fanior da Femac, e \u00e0 secret\u00e1ria Municipal de Educa\u00e7\u00e3o, professora Marli Fernandes, pelo diretor municipal de Compras e Licita\u00e7\u00f5es, M\u00e1rcio C\u00e9zar Pereira Lima. Sete empresas apresentaram propostas dentro da concorr\u00eancia p\u00fablica e a melhor oferta, no valor de R$4.380.062,12, dever\u00e1 ser homologada dentro de cinco dias, ap\u00f3s vencido o prazo recursal. \u201cUma excelente not\u00edcia para esta grande comunidade, que h\u00e1 muito tempo espera por este equipamento\u201d, assinalou J\u00fanior da Femac. Ele lembra que atualmente as fam\u00edlias precisam matricular seus filhos em unidades longe do bairro. \u201cE, a partir da constru\u00e7\u00e3o desta escola, ter\u00e3o a educa\u00e7\u00e3o perto de suas casas\u201d, refor\u00e7ou.<br \/>\nOs recursos que ser\u00e3o utilizados para saldar o contrato s\u00e3o provenientes do governo federal (R$3,5 milh\u00f5es), conquistados com articula\u00e7\u00e3o do deputado Federal S\u00e9rgio Souza (MDB), junto ao Fundo Nacional de Desenvolvimento da Educa\u00e7\u00e3o (FNDE), mais R$822 mil de contrapartida municipal. \u201cSomos muito gratos ao trabalho do parlamentar em Bras\u00edlia. Esse \u00e9 um recurso a fundo perdido, ou seja, n\u00e3o precisar\u00e1 ser devolvido\u201d, destacou o prefeito em exerc\u00edcio. Segundo ele, a partir da homologa\u00e7\u00e3o da empresa vencedora, o prefeito Beto Preto j\u00e1 dar\u00e1 a ordem de servi\u00e7o para in\u00edcio das obras. \u201cAcreditamos que esse ato autorizat\u00f3rio aconte\u00e7a dentro de 15 a 20 dias\u201d, disse J\u00fanior, salientando que a prefeitura possui uma \u00e1rea institucional com cerca de 20 mil metros quadrados onde ser\u00e3o edificados a escola, unidade de sa\u00fade, centro municipal de educa\u00e7\u00e3o infantil (CMEI) e Centro de Refer\u00eancia da Assist\u00eancia Social (CRAS).<br \/>\n\u201cO prefeito Beto Preto \u00e9 um gestor que conduz a m\u00e1quina p\u00fablica com muito esmero. A exemplo do que foi feito no Residencial Sumatra, no Jardim Interlagos tamb\u00e9m ser\u00e1 constru\u00eddo um centro de servi\u00e7o p\u00fablico, facilitando o acesso a toda a popula\u00e7\u00e3o, que sempre merece o melhor\u201d, disse o prefeito em exerc\u00edcio.<br \/>\nA unidade escolar do Jardim Interlagos ter\u00e1 \u00e1rea constru\u00edda de 3.228,08 metros quadrados e ser\u00e1 edificada em terreno de 8 mil metros quadrados, situado no prolongamento da Rua Andr\u00e9 Korilo, a poucos metros da rua Cristiano Kussmaul. Com capacidade para aproximadamente 420 alunos, vai ofertar turmas da Educa\u00e7\u00e3o Infantil e dos anos iniciais do Ensino Fundamental (1\u00ba ao 5\u00ba). \u201cSer\u00e1 uma escola de padr\u00e3o excelente, bem estruturada e que colocar\u00e1 fim a uma demanda de anos\u201d, refor\u00e7ou professora Marli Fernandes, secret\u00e1ria Municipal de Educa\u00e7\u00e3o.<br \/>\nSegundo o projeto de engenharia, o pr\u00e9dio ter\u00e1 cinco blocos pedag\u00f3gicos, com total de 16 salas, sendo 12 salas de aula, uma sala de laborat\u00f3rio, uma sala de inform\u00e1tica, uma sala para biblioteca, uma sala para audit\u00f3rio e uma sala do gr\u00eamio estudantil. \u201cHaver\u00e1 ainda um bloco de servi\u00e7o com refeit\u00f3rio de 225 metros quadrados, cozinha, despensa, banheiro para funcion\u00e1rios, dep\u00f3sito de materiais de limpeza e central de g\u00e1s. Uma quadra poliesportiva coberta com \u00e1rea de 899,17 metros quadrados, quatro banheiros, sendo dois masculinos e dois femininos, al\u00e9m de dois vesti\u00e1rios (masculino e feminino), p\u00e1tio aberto com bancos e floreiras com \u00e1rea de 745,78 metros quadrados e acessibilidade em toda a \u00e1rea escola\u201d, detalhou professora Marli. O bloco administrativo contar\u00e1 com sala da dire\u00e7\u00e3o, secretaria, sala dos professores, almoxarifado, sala de coordena\u00e7\u00e3o e dois banheiros para os funcion\u00e1rios.<br \/>\nTamb\u00e9m participaram da reuni\u00e3o o secret\u00e1rio Municipal de Obras, Herivelto Moreno, e a diretora do Departamento de Engenharia da Autarquia Municipal de Educa\u00e7\u00e3o (AME), Miriam Elena Favaretto Corbacho.<br \/>\nUBS \u2013 Al\u00e9m da escola, que ter\u00e1 sua constru\u00e7\u00e3o autorizada nos pr\u00f3ximos dias, em janeiro deste ano o prefeito Beto Preto deu ordem de servi\u00e7o para a constru\u00e7\u00e3o de sede pr\u00f3pria da Unidade B\u00e1sica de Sa\u00fade (UBS) Elaine Mazur, no Jardim Interlagos. O investimento \u00e9 de R$ 586.532,12.<br \/>\nClique e ou\u00e7a a mat\u00e9ria<br \/>\nMarli Fernandes- secret\u00e1ria de Educa\u00e7\u00e3o<br \/>\nhttps:\/\/soundcloud.com\/prefeitura-municipal-apucarana\/marli-fernandes-escola-interlagos-20-09-2018<br \/>\nJ\u00fanior da Femac- vice-prefeito de Apucarana<br \/>\nhttps:\/\/soundcloud.com\/prefeitura-municipal-apucarana\/junior-da-femac-escola-interlagos-20-09-2018<\/p>\n","protected":false},"excerpt":{"rendered":"<p>A unidade ter\u00e1 \u00e1rea constru\u00edda de 3.228,08 metros quadrados e ser\u00e1 edificada em terreno de 8 mil metros quadrados, situado no prolongamento da Rua Andr\u00e9 Korilo, a poucos metros da rua Cristiano Kussmaul (Foto: Edson Denobi)<\/p>\n","protected":false},"author":4,"featured_media":18039,"comment_status":"closed","ping_status":"open","sticky":false,"template":"","format":"standard","meta":{"footnotes":""},"categories":[24],"tags":[],"class_list":["post-18036","post","type-post","status-publish","format-standard","has-post-thumbnail","hentry","category-noticias"],"acf":[],"_links":{"self":[{"href":"http:\/\/www.apucarana.pr.gov.br\/site\/wp-json\/wp\/v2\/posts\/18036","targetHints":{"allow":["GET"]}}],"collection":[{"href":"http:\/\/www.apucarana.pr.gov.br\/site\/wp-json\/wp\/v2\/posts"}],"about":[{"href":"http:\/\/www.apucarana.pr.gov.br\/site\/wp-json\/wp\/v2\/types\/post"}],"author":[{"embeddable":true,"href":"http:\/\/www.apucarana.pr.gov.br\/site\/wp-json\/wp\/v2\/users\/4"}],"replies":[{"embeddable":true,"href":"http:\/\/www.apucarana.pr.gov.br\/site\/wp-json\/wp\/v2\/comments?post=18036"}],"version-history":[{"count":1,"href":"http:\/\/www.apucarana.pr.gov.br\/site\/wp-json\/wp\/v2\/posts\/18036\/revisions"}],"predecessor-version":[{"id":101077,"href":"http:\/\/www.apucarana.pr.gov.br\/site\/wp-json\/wp\/v2\/posts\/18036\/revisions\/101077"}],"wp:featuredmedia":[{"embeddable":true,"href":"http:\/\/www.apucarana.pr.gov.br\/site\/wp-json\/"}],"wp:attachment":[{"href":"http:\/\/www.apucarana.pr.gov.br\/site\/wp-json\/wp\/v2\/media?parent=18036"}],"wp:term":[{"taxonomy":"category","embeddable":true,"href":"http:\/\/www.apucarana.pr.gov.br\/site\/wp-json\/wp\/v2\/categories?post=18036"},{"taxonomy":"post_tag","embeddable":true,"href":"http:\/\/www.apucarana.pr.gov.br\/site\/wp-json\/wp\/v2\/tags?post=18036"}],"curies":[{"name":"wp","href":"https:\/\/api.w.org\/{rel}","templated":true}]}}