{"id":18020,"date":"2018-09-20T13:52:57","date_gmt":"2018-09-20T16:52:57","guid":{"rendered":"http:\/\/172.16.0.7\/site-antigo\/?p=18020"},"modified":"2024-10-08T09:17:46","modified_gmt":"2024-10-08T12:17:46","slug":"escolas-promovem-conscientizacao-sobre-seguranca-no-transito","status":"publish","type":"post","link":"http:\/\/www.apucarana.pr.gov.br\/site\/escolas-promovem-conscientizacao-sobre-seguranca-no-transito\/","title":{"rendered":"Escolas promovem conscientiza\u00e7\u00e3o sobre seguran\u00e7a no tr\u00e2nsito"},"content":{"rendered":"<p>Na Semana Nacional do Tr\u00e2nsito, comemorada de 18 a 25 de setembro, os alunos da rede municipal de ensino est\u00e3o saindo \u00e0s ruas de Apucarana e conscientizando os motoristas sobre a import\u00e2ncia deles respeitarem a sinaliza\u00e7\u00e3o, usarem o capacete e o cinto de seguran\u00e7a, manterem guardados os celulares enquanto dirigem, entre outras quest\u00f5es ligadas \u00e0 seguran\u00e7a.<br \/>\nAs blitzes educativas fazem parte do projeto Educa\u00e7\u00e3o para o Tr\u00e2nsito, desenvolvido pela Autarquia Municipal de Educa\u00e7\u00e3o e a Guarda Municipal de Apucarana. \u201cDesde o in\u00edcio de agosto, membros da nossa corpora\u00e7\u00e3o est\u00e3o percorrendo as escolas e conversando com alunos do 4\u00ba e do 5\u00ba ano sobre os principais cuidados nas vias. Para que as li\u00e7\u00f5es ficassem bem l\u00fadicas, n\u00f3s adaptamos alguns equipamentos como um sem\u00e1foro luminoso e uma cadeira girat\u00f3ria com cinto acoplado,\u201d explica o comandante da GMA, Alessandro Carletti.<br \/>\nA secret\u00e1ria municipal de educa\u00e7\u00e3o, Marli Fernandes, aponta que a sociedade s\u00f3 ter\u00e1 melhores condutores e pedestres no futuro se as crian\u00e7as aprenderem desde cedo sobre os comportamentos adequados no tr\u00e2nsito. \u201cEssa conscientiza\u00e7\u00e3o, inclusive, faz parte do curr\u00edculo do ensino fundamental, por meio dos conte\u00fados complementares previstos na Lei de Diretrizes e Bases da Educa\u00e7\u00e3o,\u201d diz.<br \/>\nEla acrescenta ainda que os alunos s\u00e3o potenciais multiplicadores do conhecimento. \u201cEu tenho duas netas em idade escolar. Sempre que elas andam de carro comigo, fazem quest\u00e3o de fiscalizar se eu estou usando o cinto de seguran\u00e7a, respeitando o sem\u00e1foro e a faixa de pedestre. As crian\u00e7as da rede municipal de ensino certamente fazem o mesmo com seus pais, irm\u00e3os e av\u00f3s,\u201d afirma.<br \/>\nA estudante Ana J\u00falia Carnio Basso, do 4\u00ba ano, esteve ontem (19) na blitz organizada pela Escola Municipal Humberto de Alencar Castelo Branco. \u201cEu adorei participar dessa atividade, at\u00e9 dei uma multa por falta de cinto e outra porque o capacete estava com a viseira aberta,\u201d descreve.<br \/>\n\u201cCom o projeto Educa\u00e7\u00e3o para o Tr\u00e2nsito, eu aprendi que devemos respeitar as leis para evitar acidentes e, assim, salvar muitas vidas,\u201d completa a aluna Ana Vit\u00f3ria dos Santos Cunha, matriculada no 4\u00ba ano da Escola Municipal Dr. Joaquim Vicente de Castro.<\/p>\n","protected":false},"excerpt":{"rendered":"<p>As blitzes educativas fazem parte de projeto desenvolvido pela Autarquia de Educa\u00e7\u00e3o e a Guarda Municipal de Apucarana com os estudantes de 4\u00ba e 5\u00ba ano<\/p>\n","protected":false},"author":4,"featured_media":18024,"comment_status":"closed","ping_status":"open","sticky":false,"template":"","format":"standard","meta":{"footnotes":""},"categories":[24],"tags":[126,151,56,92,82],"class_list":["post-18020","post","type-post","status-publish","format-standard","has-post-thumbnail","hentry","category-noticias","tag-apucarana","tag-conscientizacao","tag-educacao-integral","tag-escolas-municipais","tag-semana-nacional-do-transito"],"acf":[],"_links":{"self":[{"href":"http:\/\/www.apucarana.pr.gov.br\/site\/wp-json\/wp\/v2\/posts\/18020","targetHints":{"allow":["GET"]}}],"collection":[{"href":"http:\/\/www.apucarana.pr.gov.br\/site\/wp-json\/wp\/v2\/posts"}],"about":[{"href":"http:\/\/www.apucarana.pr.gov.br\/site\/wp-json\/wp\/v2\/types\/post"}],"author":[{"embeddable":true,"href":"http:\/\/www.apucarana.pr.gov.br\/site\/wp-json\/wp\/v2\/users\/4"}],"replies":[{"embeddable":true,"href":"http:\/\/www.apucarana.pr.gov.br\/site\/wp-json\/wp\/v2\/comments?post=18020"}],"version-history":[{"count":1,"href":"http:\/\/www.apucarana.pr.gov.br\/site\/wp-json\/wp\/v2\/posts\/18020\/revisions"}],"predecessor-version":[{"id":101078,"href":"http:\/\/www.apucarana.pr.gov.br\/site\/wp-json\/wp\/v2\/posts\/18020\/revisions\/101078"}],"wp:featuredmedia":[{"embeddable":true,"href":"http:\/\/www.apucarana.pr.gov.br\/site\/wp-json\/"}],"wp:attachment":[{"href":"http:\/\/www.apucarana.pr.gov.br\/site\/wp-json\/wp\/v2\/media?parent=18020"}],"wp:term":[{"taxonomy":"category","embeddable":true,"href":"http:\/\/www.apucarana.pr.gov.br\/site\/wp-json\/wp\/v2\/categories?post=18020"},{"taxonomy":"post_tag","embeddable":true,"href":"http:\/\/www.apucarana.pr.gov.br\/site\/wp-json\/wp\/v2\/tags?post=18020"}],"curies":[{"name":"wp","href":"https:\/\/api.w.org\/{rel}","templated":true}]}}