{"id":17542,"date":"2018-08-30T18:13:54","date_gmt":"2018-08-30T21:13:54","guid":{"rendered":"http:\/\/172.16.0.7\/site-antigo\/?p=17542"},"modified":"2024-10-08T09:16:44","modified_gmt":"2024-10-08T12:16:44","slug":"acoes-e-novos-projetos-da-sedu-sao-apresentadas-na-amuvi","status":"publish","type":"post","link":"http:\/\/www.apucarana.pr.gov.br\/site\/acoes-e-novos-projetos-da-sedu-sao-apresentadas-na-amuvi\/","title":{"rendered":"A\u00e7\u00f5es e novos projetos da Sedu s\u00e3o apresentadas na Amuvi"},"content":{"rendered":"<p>O secret\u00e1rio de Estado do Desenvolvimento Urbano, Silvio Barros, comandou nesta quinta-feira (30), reuni\u00e3o t\u00e9cnica na sede da Associa\u00e7\u00e3o dos Munic\u00edpios do Vale do Iva\u00ed (Amuvi). Participaram prefeitos de treze munic\u00edpios da regi\u00e3o, al\u00e9m de secret\u00e1rios municipais, vereadores, e t\u00e9cnicos das \u00e1reas de planejamento, projetos, obras e meio ambiente.<br \/>\nPara o Silvio Barros, estes encontros que est\u00e3o sendo realizados em todas as associa\u00e7\u00f5es microrregionais do Estado, se constituem numa boa oportunidade de estreitar o relacionamento com os gestores municipais. \u201cAo mesmo tempo, estamos disponibilizando novas ferramentas de trabalho e orientando a todos sobre como acelerar as parcerias entre o Estado e as prefeituras\u201d, avaliou o secret\u00e1rio.<br \/>\nO prefeito de Apucarana e presidente da Amuvi, Beto Preto, destacou que a reuni\u00e3o t\u00e9cnica foi bastante produtiva. \u201cO Silvio Barros foi prefeito de Maring\u00e1, j\u00e1 atuou na pasta de planejamento e agora est\u00e1 dirigindo a Secretaria de Desenvolvimento Urbano. Sem d\u00favida alguma, ele tem conhecimento t\u00e9cnico para contribuir neste processo\u201d, comentou.<br \/>\nPara o prefeito de Bom Sucesso, Raimundo Almeida Junior, o secret\u00e1rio apresentou informa\u00e7\u00f5es relevantes, principalmente no tocante \u00e0 redu\u00e7\u00e3o da burocracia, simplificando os processos para os munic\u00edpios. \u201cAs prefeituras precisam de boas parcerias com a Sedu e o Paranacidade e as novas ferramentas contribuem na formaliza\u00e7\u00e3o dos conv\u00eanios\u201d, opinou.<br \/>\nNa palestra apresentada pelo secret\u00e1rio Silvio Barros ele abordou as a\u00e7\u00f5es que est\u00e3o em andamento na SEDU, incluindo Objetivos do Desenvolvimento Sustent\u00e1vel (ODS), Programa Cidades para Pacto Global, Paran\u00e1 Interativo, recursos financeiros liberados, Mapa Paran\u00e1 e an\u00e1lise de projetos e or\u00e7amentos.<br \/>\nA pauta incluiu ainda o Plano de A\u00e7\u00f5es Estrat\u00e9gicas para 2019, contemplando o or\u00e7amento previsto (SFM e Paran\u00e1 Urbano III), aplicativo facilitador da gest\u00e3o p\u00fablica, apoio na elabora\u00e7\u00e3o de projetos  e or\u00e7amentos, resid\u00eancia t\u00e9cnica, proposta de novos programas, governo digital e o Nota Paran\u00e1.<br \/>\nParticiparam da reuni\u00e3o t\u00e9cnica os prefeitos de Arapu\u00e3, Deodato Matias; Bom sucesso, Raimundo Almeida Junior; California, Paulo Wilson Mendes; Cambira, Emerson Toledo; Grandes Rios, Ant\u00f4nio Cl\u00e1udio Santiago; Jandaia do Sul, Benedito P\u00fapio; Kalor\u00e9, Washington Luiz da Silva; Lunardelli, Reinaldo Grolla; Marumbi, Adhemar Rejani; Novo Itacolomi. Moacir Andreolla; Rio Bom, Ene Benedito Gon\u00e7alves; e de S\u00e3o Pedro do Iva\u00ed, Jos\u00e9 Izalberti. Os prefeitos de Ariranha do Iva\u00ed, Borraz\u00f3polis e Mau\u00e1 da Serra, enviaram representantes para o evento da Amuvi. <\/p>\n","protected":false},"excerpt":{"rendered":"<p>Na palestra apresentada pelo secret\u00e1rio Silvio Barros ele abordou as a\u00e7\u00f5es que est\u00e3o em andamento na SEDU, incluindo Objetivos do Desenvolvimento Sustent\u00e1vel (ODS), Programa Cidades para Pacto Global, Paran\u00e1 Interativo, recursos financeiros liberados, Mapa Paran\u00e1 e an\u00e1lise de projetos e or\u00e7amentos (Foto: Profeta)<\/p>\n","protected":false},"author":4,"featured_media":17550,"comment_status":"closed","ping_status":"open","sticky":false,"template":"","format":"standard","meta":{"footnotes":""},"categories":[24],"tags":[],"class_list":["post-17542","post","type-post","status-publish","format-standard","has-post-thumbnail","hentry","category-noticias"],"acf":[],"_links":{"self":[{"href":"http:\/\/www.apucarana.pr.gov.br\/site\/wp-json\/wp\/v2\/posts\/17542","targetHints":{"allow":["GET"]}}],"collection":[{"href":"http:\/\/www.apucarana.pr.gov.br\/site\/wp-json\/wp\/v2\/posts"}],"about":[{"href":"http:\/\/www.apucarana.pr.gov.br\/site\/wp-json\/wp\/v2\/types\/post"}],"author":[{"embeddable":true,"href":"http:\/\/www.apucarana.pr.gov.br\/site\/wp-json\/wp\/v2\/users\/4"}],"replies":[{"embeddable":true,"href":"http:\/\/www.apucarana.pr.gov.br\/site\/wp-json\/wp\/v2\/comments?post=17542"}],"version-history":[{"count":1,"href":"http:\/\/www.apucarana.pr.gov.br\/site\/wp-json\/wp\/v2\/posts\/17542\/revisions"}],"predecessor-version":[{"id":101126,"href":"http:\/\/www.apucarana.pr.gov.br\/site\/wp-json\/wp\/v2\/posts\/17542\/revisions\/101126"}],"wp:featuredmedia":[{"embeddable":true,"href":"http:\/\/www.apucarana.pr.gov.br\/site\/wp-json\/"}],"wp:attachment":[{"href":"http:\/\/www.apucarana.pr.gov.br\/site\/wp-json\/wp\/v2\/media?parent=17542"}],"wp:term":[{"taxonomy":"category","embeddable":true,"href":"http:\/\/www.apucarana.pr.gov.br\/site\/wp-json\/wp\/v2\/categories?post=17542"},{"taxonomy":"post_tag","embeddable":true,"href":"http:\/\/www.apucarana.pr.gov.br\/site\/wp-json\/wp\/v2\/tags?post=17542"}],"curies":[{"name":"wp","href":"https:\/\/api.w.org\/{rel}","templated":true}]}}