{"id":17478,"date":"2018-08-29T16:57:21","date_gmt":"2018-08-29T19:57:21","guid":{"rendered":"http:\/\/172.16.0.7\/site-antigo\/?p=17478"},"modified":"2024-10-08T09:16:44","modified_gmt":"2024-10-08T12:16:44","slug":"apucarana-vai-realizar-vacinacao-contra-polio-e-sarampo-neste-sabado","status":"publish","type":"post","link":"http:\/\/www.apucarana.pr.gov.br\/site\/apucarana-vai-realizar-vacinacao-contra-polio-e-sarampo-neste-sabado\/","title":{"rendered":"Apucarana vai realizar vacina\u00e7\u00e3o contra p\u00f3lio e sarampo neste s\u00e1bado"},"content":{"rendered":"<p>A Autarquia Municipal de Sa\u00fade (AMS), de Apucarana, vai abrir 14 Unidades B\u00e1sicas de Sa\u00fade (UBSs) neste s\u00e1bado (1) para vacina\u00e7\u00e3o contra poliomielite e sarampo. A campanha nacional contra as duas doen\u00e7as encerra na sexta-feira (31), mas a prefeitura, por determina\u00e7\u00e3o do prefeito Beto Preto, estender\u00e1 a imuniza\u00e7\u00e3o por mais um dia.<br \/>\n\u201cO s\u00e1bado \u00e9 um dia em que muitos pais, que trabalham durante a semana, poder\u00e3o levar seus filhos para vacinar. Esperamos que este dia adicional na campanha ajude a melhorar o \u00edndice de vacina\u00e7\u00e3o em nossa cidade, que at\u00e9 ter\u00e7a-feira (28) estava em 80,23% da meta para a P\u00f3lio, e em 78,56% da meta para o sarampo\u201d, afirma o diretor presidente da AMS, Roberto Kaneta.<br \/>\nAt\u00e9 sexta-feira (31) a vacina\u00e7\u00e3o pode ser feita nas 23 UBSs que possuem sala de vacina. J\u00e1 no s\u00e1bado, ficar\u00e3o abertas, entre 8 horas e 17 horas, para imunizar as crian\u00e7as, 14 unidades de sa\u00fade situadas em regi\u00f5es estrat\u00e9gicas. S\u00e3o as UBSs Takaiti Myadi, do N\u00facleo Habitacional Dom Romeu; Maria do Caf\u00e9, no Jardim Ponta Grossa; Antonio Sachelli, no Jardim Colonial; Bolivar Pav\u00e3o, no Jardim Am\u00e9rica; Mioji Kogure, Jardim Aclima\u00e7\u00e3o; Raul Castilho, no N\u00facleo Habitacional Jo\u00e3o Paulo; Pedro Barreto, na Vila Reis;Valter Lazarini, no distrito do Pirap\u00f3; Romeu Milani, na Rua Osvaldo Cruz, centro; Eunice Penharbel, Residencial Sumatra; Leopoldo Hartwig Junior, na Vila Nova; Osvaldo Damim, no Jaboti; Em\u00edlia Cretuchi (CSU), no Parque Bela Vista; e Marcos S. Mascaro, no N\u00facleo Parigot de Souza.<br \/>\nO p\u00fablico-alvo da Campanha Nacional de Vacina\u00e7\u00e3o contra Poliomielite e Paralisia Infantil s\u00e3o crian\u00e7as de 12 meses a 5 anos incompletos (4 anos, 11 meses e 29 dias). A campanha tem por objetivo vacinar quem nunca tomou a vacina, completar todo o esquema de vacina\u00e7\u00e3o de quem n\u00e3o tomou todas as vacinas e dar uma dose de refor\u00e7o para quem j\u00e1 se vacinou completamente (ou seja, tomou todas as doses necess\u00e1rias \u00e0 prote\u00e7\u00e3o).<\/p>\n","protected":false},"excerpt":{"rendered":"<p>Autarquia Municipal de Sa\u00fade vai abrir 14 UBSs para dar uma nova oportunidade para pais vacinarem seus filhos (Foto: Profeta)<\/p>\n","protected":false},"author":4,"featured_media":17479,"comment_status":"closed","ping_status":"open","sticky":false,"template":"","format":"standard","meta":{"footnotes":""},"categories":[24],"tags":[],"class_list":["post-17478","post","type-post","status-publish","format-standard","has-post-thumbnail","hentry","category-noticias"],"acf":[],"_links":{"self":[{"href":"http:\/\/www.apucarana.pr.gov.br\/site\/wp-json\/wp\/v2\/posts\/17478","targetHints":{"allow":["GET"]}}],"collection":[{"href":"http:\/\/www.apucarana.pr.gov.br\/site\/wp-json\/wp\/v2\/posts"}],"about":[{"href":"http:\/\/www.apucarana.pr.gov.br\/site\/wp-json\/wp\/v2\/types\/post"}],"author":[{"embeddable":true,"href":"http:\/\/www.apucarana.pr.gov.br\/site\/wp-json\/wp\/v2\/users\/4"}],"replies":[{"embeddable":true,"href":"http:\/\/www.apucarana.pr.gov.br\/site\/wp-json\/wp\/v2\/comments?post=17478"}],"version-history":[{"count":1,"href":"http:\/\/www.apucarana.pr.gov.br\/site\/wp-json\/wp\/v2\/posts\/17478\/revisions"}],"predecessor-version":[{"id":101132,"href":"http:\/\/www.apucarana.pr.gov.br\/site\/wp-json\/wp\/v2\/posts\/17478\/revisions\/101132"}],"wp:featuredmedia":[{"embeddable":true,"href":"http:\/\/www.apucarana.pr.gov.br\/site\/wp-json\/"}],"wp:attachment":[{"href":"http:\/\/www.apucarana.pr.gov.br\/site\/wp-json\/wp\/v2\/media?parent=17478"}],"wp:term":[{"taxonomy":"category","embeddable":true,"href":"http:\/\/www.apucarana.pr.gov.br\/site\/wp-json\/wp\/v2\/categories?post=17478"},{"taxonomy":"post_tag","embeddable":true,"href":"http:\/\/www.apucarana.pr.gov.br\/site\/wp-json\/wp\/v2\/tags?post=17478"}],"curies":[{"name":"wp","href":"https:\/\/api.w.org\/{rel}","templated":true}]}}