{"id":17434,"date":"2018-08-29T11:47:21","date_gmt":"2018-08-29T14:47:21","guid":{"rendered":"http:\/\/172.16.0.7\/site-antigo\/?p=17434"},"modified":"2024-10-08T09:16:44","modified_gmt":"2024-10-08T12:16:44","slug":"prefeitura-faz-a-pavimentacao-da-rua-jacaranda","status":"publish","type":"post","link":"http:\/\/www.apucarana.pr.gov.br\/site\/prefeitura-faz-a-pavimentacao-da-rua-jacaranda\/","title":{"rendered":"Prefeitura faz a pavimenta\u00e7\u00e3o da Rua Jacarand\u00e1"},"content":{"rendered":"<p>A Prefeitura de Apucarana deu in\u00edcio \u00e0 terceira e \u00faltima etapa de pavimenta\u00e7\u00e3o do Jardim Novo Horizonte, que levar\u00e1 o asfalto a 100% do bairro. Nesta semana, a empreiteira contratada pelo Munic\u00edpio fez a pavimenta\u00e7\u00e3o da Rua Jacarand\u00e1, via que est\u00e1 localizada na divisa do bairro com o Jardim Recanto dos Palmares.<br \/>\nDe acordo como engenheiro Herivelto Moreno, secret\u00e1rio municipal de Obras, os servi\u00e7os est\u00e3o sendo executados pela Romo Pavimentadora Ltda, vencedora do processo licitat\u00f3rio. Na Rua Jacarand\u00e1 foram executadas obras de galerias pluviais, pavimenta\u00e7\u00e3o e meio-fio.<br \/>\n\u201cNo in\u00edcio desta semana a empresa que est\u00e1 tocando a obra colocou a capa asf\u00e1ltica, em Concreto Betuminoso Usinado a Quente (CBUQ), em \u00e1rea de 5 mil metros quadrados\u201d, informa Herivelto, salientando que somente neste trecho de cerca de 700 metros lineares o investimento \u00e9 de R$ 419 mil.<br \/>\nO prefeito de Apucarana, Beto Preto, lembra que, em 2013, quando assumiu a Prefeitura, nenhuma rua do \u201cNovo Horizonte\u201d estava asfaltada. De acordo com ele, a atual administra\u00e7\u00e3o vem levando a pavimenta\u00e7\u00e3o ao bairro em etapas. \u201cChegamos agora \u00e0 terceira e \u00faltima etapa. Al\u00e9m da Rua Jacarand\u00e1 que j\u00e1 foi finalizada, os trabalhos j\u00e1 iniciaram tamb\u00e9m em\u00a0 trechos das ruas Telmiro Silva, Alexandre Balan, Agostinho Fabene e Ana Almeida\u201d, cita Beto Preto.<br \/>\nO investimento total nesta terceira etapa ser\u00e1 de R$ 1 milh\u00e3o e 480 mil, dos quais parte prov\u00eam de emenda do deputado federal Aliel Machado e o restante \u00e9 oriundo do caixa do pr\u00f3prio Munic\u00edpio. Os recursos federais foram conquistados com a intermedia\u00e7\u00e3o do vereador Lucas Leugi.<\/p>\n","protected":false},"excerpt":{"rendered":"<p>Servi\u00e7o integra terceira e \u00faltima etapa de obras, que levar\u00e1 o asfalto a 100% do Jardim Novo Horizonte. (Foto: Josias Profeta)<\/p>\n","protected":false},"author":4,"featured_media":17436,"comment_status":"closed","ping_status":"open","sticky":false,"template":"","format":"standard","meta":{"footnotes":""},"categories":[24],"tags":[],"class_list":["post-17434","post","type-post","status-publish","format-standard","has-post-thumbnail","hentry","category-noticias"],"acf":[],"_links":{"self":[{"href":"http:\/\/www.apucarana.pr.gov.br\/site\/wp-json\/wp\/v2\/posts\/17434","targetHints":{"allow":["GET"]}}],"collection":[{"href":"http:\/\/www.apucarana.pr.gov.br\/site\/wp-json\/wp\/v2\/posts"}],"about":[{"href":"http:\/\/www.apucarana.pr.gov.br\/site\/wp-json\/wp\/v2\/types\/post"}],"author":[{"embeddable":true,"href":"http:\/\/www.apucarana.pr.gov.br\/site\/wp-json\/wp\/v2\/users\/4"}],"replies":[{"embeddable":true,"href":"http:\/\/www.apucarana.pr.gov.br\/site\/wp-json\/wp\/v2\/comments?post=17434"}],"version-history":[{"count":1,"href":"http:\/\/www.apucarana.pr.gov.br\/site\/wp-json\/wp\/v2\/posts\/17434\/revisions"}],"predecessor-version":[{"id":101133,"href":"http:\/\/www.apucarana.pr.gov.br\/site\/wp-json\/wp\/v2\/posts\/17434\/revisions\/101133"}],"wp:featuredmedia":[{"embeddable":true,"href":"http:\/\/www.apucarana.pr.gov.br\/site\/wp-json\/"}],"wp:attachment":[{"href":"http:\/\/www.apucarana.pr.gov.br\/site\/wp-json\/wp\/v2\/media?parent=17434"}],"wp:term":[{"taxonomy":"category","embeddable":true,"href":"http:\/\/www.apucarana.pr.gov.br\/site\/wp-json\/wp\/v2\/categories?post=17434"},{"taxonomy":"post_tag","embeddable":true,"href":"http:\/\/www.apucarana.pr.gov.br\/site\/wp-json\/wp\/v2\/tags?post=17434"}],"curies":[{"name":"wp","href":"https:\/\/api.w.org\/{rel}","templated":true}]}}