{"id":17429,"date":"2018-08-29T11:11:01","date_gmt":"2018-08-29T14:11:01","guid":{"rendered":"http:\/\/172.16.0.7\/site-antigo\/?p=17429"},"modified":"2024-10-08T09:16:44","modified_gmt":"2024-10-08T12:16:44","slug":"autarquia-de-saude-divulga-locais-de-prova-de-concurso-publico","status":"publish","type":"post","link":"http:\/\/www.apucarana.pr.gov.br\/site\/autarquia-de-saude-divulga-locais-de-prova-de-concurso-publico\/","title":{"rendered":"Autarquia de Sa\u00fade divulga locais de prova de concurso p\u00fablico"},"content":{"rendered":"<p>Os 2.856 inscritos no concurso p\u00fablico da Autarquia Municipal Sa\u00fade (AMS), de Apucarana, j\u00e1 podem conferir os locais das provas que ser\u00e3o realizadas neste domingo (2). O edital com o ensalamento foi publicado hoje (29) no site da prefeitura <a href=\"http:\/\/www.apucarana.pr.gov.br\">www.apucarana.pr.gov.br <\/a>na aba Concursos,\u00a0 ou na p\u00e1gina da Funda\u00e7\u00e3o de Apoio ao Desenvolvimento da Universidade Estadual do Centro-Oeste (FAU-Unicentro), institui\u00e7\u00e3o respons\u00e1vel pela organiza\u00e7\u00e3o do concurso.<br \/>\nOs candidatos foram divididos em tr\u00eas locais de prova. A maioria deles vai prestar o concurso no campus da Unespar, antiga Fecea, mas os que concorrem a alguns cargos como o de assistente administrativo devem comparecer ao Col\u00e9gio Estadual Izidoro Luiz Cer\u00e1volo, no bairro 28 de janeiro, e no Col\u00e9gio Estadual Polivalente, no Jardim Paulista.<br \/>\nOs inscritos devem conferir individualmente qual \u00e9 o seu local de prova e a sala atrav\u00e9s do edital de ensalamento, bem como ficar atentos ao hor\u00e1rio de fechamento do port\u00e3o, \u00e0s 8h15, nos tr\u00eas locais. Acessando o endere\u00e7o eletr\u00f4nico www.concursosfau.com.br \u00e9 poss\u00edvel imprimir o cart\u00e3o de informa\u00e7\u00e3o do candidato, que informar\u00e1 o hor\u00e1rio e local de realiza\u00e7\u00e3o da prova objetiva.<br \/>\nEste \u00e9 o terceiro concurso p\u00fablico da sa\u00fade realizado na gest\u00e3o do prefeito Beto Preto. O primeiro aconteceu em 2014 e o outro em 2017.<br \/>\nConfira o n\u00famero de inscritos para cada uma dos 11 cargos: assistente social, 124 inscritos; contador, 47; farmac\u00eautico bioqu\u00edmico, 74; terapeuta ocupacional, 7; veterin\u00e1rio, 153; agente comunit\u00e1rio de sa\u00fade, 1001; assistente administrativo, 973; atendente de consult\u00f3rio dent\u00e1rio, 56; guardas de endemias, 103; operador de comunica\u00e7\u00e3o, 63; e motorista, 255.<\/p>\n","protected":false},"excerpt":{"rendered":"<p>Com 2.856 inscritos, provas objetivas acontecem neste domingo (2) (Fotos &#8211; Edson Denobi)<\/p>\n","protected":false},"author":4,"featured_media":17430,"comment_status":"closed","ping_status":"open","sticky":false,"template":"","format":"standard","meta":{"footnotes":""},"categories":[24],"tags":[],"class_list":["post-17429","post","type-post","status-publish","format-standard","has-post-thumbnail","hentry","category-noticias"],"acf":[],"_links":{"self":[{"href":"http:\/\/www.apucarana.pr.gov.br\/site\/wp-json\/wp\/v2\/posts\/17429","targetHints":{"allow":["GET"]}}],"collection":[{"href":"http:\/\/www.apucarana.pr.gov.br\/site\/wp-json\/wp\/v2\/posts"}],"about":[{"href":"http:\/\/www.apucarana.pr.gov.br\/site\/wp-json\/wp\/v2\/types\/post"}],"author":[{"embeddable":true,"href":"http:\/\/www.apucarana.pr.gov.br\/site\/wp-json\/wp\/v2\/users\/4"}],"replies":[{"embeddable":true,"href":"http:\/\/www.apucarana.pr.gov.br\/site\/wp-json\/wp\/v2\/comments?post=17429"}],"version-history":[{"count":1,"href":"http:\/\/www.apucarana.pr.gov.br\/site\/wp-json\/wp\/v2\/posts\/17429\/revisions"}],"predecessor-version":[{"id":101134,"href":"http:\/\/www.apucarana.pr.gov.br\/site\/wp-json\/wp\/v2\/posts\/17429\/revisions\/101134"}],"wp:featuredmedia":[{"embeddable":true,"href":"http:\/\/www.apucarana.pr.gov.br\/site\/wp-json\/"}],"wp:attachment":[{"href":"http:\/\/www.apucarana.pr.gov.br\/site\/wp-json\/wp\/v2\/media?parent=17429"}],"wp:term":[{"taxonomy":"category","embeddable":true,"href":"http:\/\/www.apucarana.pr.gov.br\/site\/wp-json\/wp\/v2\/categories?post=17429"},{"taxonomy":"post_tag","embeddable":true,"href":"http:\/\/www.apucarana.pr.gov.br\/site\/wp-json\/wp\/v2\/tags?post=17429"}],"curies":[{"name":"wp","href":"https:\/\/api.w.org\/{rel}","templated":true}]}}