{"id":17417,"date":"2018-08-28T17:41:04","date_gmt":"2018-08-28T20:41:04","guid":{"rendered":"http:\/\/172.16.0.7\/site-antigo\/?p=17417"},"modified":"2024-10-08T09:16:44","modified_gmt":"2024-10-08T12:16:44","slug":"santuario-promove-encontro-para-jovens-em-apucarana","status":"publish","type":"post","link":"http:\/\/www.apucarana.pr.gov.br\/site\/santuario-promove-encontro-para-jovens-em-apucarana\/","title":{"rendered":"Santu\u00e1rio promove encontro para jovens em Apucarana"},"content":{"rendered":"<p>Cerca de 500 jovens de Apucarana e regi\u00e3o participam neste final de semana (01 e 02\/09), no Santu\u00e1rio S\u00e3o Jos\u00e9, da quarta edi\u00e7\u00e3o do \u201cDespertai\u201d. Com o mote: \u201cVivo no mundo, mas n\u00e3o sou do mundo &#8211; #Santidade\u201d, a iniciativa do grupo de jovens da Par\u00f3quia S\u00e3o Jos\u00e9 visa atrair a juventude para Deus e acontece no sal\u00e3o paroquial neste s\u00e1bado, das 8 \u00e0s 22 horas, e domingo, das 8 \u00e0s 12 horas.<br \/>\nAs inscri\u00e7\u00f5es podem ser feitas antecipadamente no santu\u00e1rio ou no dia do evento mediante pagamento de uma taxa de R$10 e aquisi\u00e7\u00e3o da camiseta do encontro, que custa R$25. A alimenta\u00e7\u00e3o dos participantes ser\u00e1 \u00e0 parte. \u201cEstamos preparando este encontro h\u00e1 um ano com muita ora\u00e7\u00e3o e carinho. O \u201cDespertai\u201d quer Deus cada vez mais amado e conhecido, mostrando que os jovens de igreja n\u00e3o s\u00e3o caretas, que vivem muito bem servindo a Deus\u201d, pontuou Max Willian Val\u00e9rio de Souza, coordenador do Grupo de Jovens da Par\u00f3quia S\u00e3o Jos\u00e9 e um dos mobilizadores do evento.<br \/>\nA expectativa da organiza\u00e7\u00e3o \u00e9 superar a edi\u00e7\u00e3o do ano passado em participa\u00e7\u00f5es. \u201cEm 2017 tivemos a presen\u00e7a de cerca de 300 jovens e neste final de semana esperamos atingir 500 inscritos\u201d, anunciou Max Willian.<br \/>\nCom anima\u00e7\u00e3o do Minist\u00e9rio Nossa Senhora Aparecida, de Arapongas, o encontro de jovens contar\u00e1 com prega\u00e7\u00e3o de Juninho Ide, da Miss\u00e3o Ide (S\u00e3o Paulo). \u201cTrazer o Juninho era um sonho desde a primeira edi\u00e7\u00e3o do Despertai. \u00c9 um mission\u00e1rio muito usado por Deus\u201d, explica o mobilizador.<br \/>\nO 4\u00ba Despertai conta com apoio do Departamento de Turismo Religioso da Secretaria de Promo\u00e7\u00e3o Art\u00edstica, Cultura e Tur\u00edstica de Apucarana (Promatur). \u201cConvidamos a todos os jovens de Apucarana e regi\u00e3o para estarem presentes neste evento, que visa evangelizar, trazer nossa juventude para Deus. Voc\u00ea que \u00e9 pai, m\u00e3e, ou respons\u00e1vel por um jovem. Incentive-o a participar do Despertai. Voc\u00ea jovem, inscreva-se, n\u00e3o fique de fora. Ser\u00e1 uma grande oportunidade de ter um verdadeiro encontro pessoal com Deus, o que consequentemente vai refletir em uma vida mais feliz para voc\u00ea e toda sua fam\u00edlia\u201d, disse M\u00e1rio Felipe Rodrigues, diretor do Departamento de Turismo Religioso da Promatur.<br \/>\nO Santu\u00e1rio S\u00e3o Jos\u00e9 de Apucarana fica na Rua Dom Jos\u00e9 Marello, 39 \u2013 Vila Feliz. Mais informa\u00e7\u00f5es sobre o encontro de jovens podem ser obtidos pelos telefones (43) 3033-1899 ou (43) 99810-1563.<\/p>\n","protected":false},"excerpt":{"rendered":"<p>O 4\u00ba Despertai, que acontece neste final de semana no Santu\u00e1rio S\u00e3o Jos\u00e9, conta com apoio da Secretaria de Promo\u00e7\u00e3o Art\u00edstica, Cultura e Tur\u00edstica de Apucarana (Promatur) (Foto: Edson Denobi)<\/p>\n","protected":false},"author":4,"featured_media":17423,"comment_status":"closed","ping_status":"open","sticky":false,"template":"","format":"standard","meta":{"footnotes":""},"categories":[24],"tags":[],"class_list":["post-17417","post","type-post","status-publish","format-standard","has-post-thumbnail","hentry","category-noticias"],"acf":[],"_links":{"self":[{"href":"http:\/\/www.apucarana.pr.gov.br\/site\/wp-json\/wp\/v2\/posts\/17417","targetHints":{"allow":["GET"]}}],"collection":[{"href":"http:\/\/www.apucarana.pr.gov.br\/site\/wp-json\/wp\/v2\/posts"}],"about":[{"href":"http:\/\/www.apucarana.pr.gov.br\/site\/wp-json\/wp\/v2\/types\/post"}],"author":[{"embeddable":true,"href":"http:\/\/www.apucarana.pr.gov.br\/site\/wp-json\/wp\/v2\/users\/4"}],"replies":[{"embeddable":true,"href":"http:\/\/www.apucarana.pr.gov.br\/site\/wp-json\/wp\/v2\/comments?post=17417"}],"version-history":[{"count":1,"href":"http:\/\/www.apucarana.pr.gov.br\/site\/wp-json\/wp\/v2\/posts\/17417\/revisions"}],"predecessor-version":[{"id":101135,"href":"http:\/\/www.apucarana.pr.gov.br\/site\/wp-json\/wp\/v2\/posts\/17417\/revisions\/101135"}],"wp:featuredmedia":[{"embeddable":true,"href":"http:\/\/www.apucarana.pr.gov.br\/site\/wp-json\/"}],"wp:attachment":[{"href":"http:\/\/www.apucarana.pr.gov.br\/site\/wp-json\/wp\/v2\/media?parent=17417"}],"wp:term":[{"taxonomy":"category","embeddable":true,"href":"http:\/\/www.apucarana.pr.gov.br\/site\/wp-json\/wp\/v2\/categories?post=17417"},{"taxonomy":"post_tag","embeddable":true,"href":"http:\/\/www.apucarana.pr.gov.br\/site\/wp-json\/wp\/v2\/tags?post=17417"}],"curies":[{"name":"wp","href":"https:\/\/api.w.org\/{rel}","templated":true}]}}