{"id":17415,"date":"2018-08-28T17:29:22","date_gmt":"2018-08-28T20:29:22","guid":{"rendered":"http:\/\/172.16.0.7\/site-antigo\/?p=17415"},"modified":"2024-10-08T09:16:45","modified_gmt":"2024-10-08T12:16:45","slug":"cobertura-da-vacina-e-de-73-em-apucarana","status":"publish","type":"post","link":"http:\/\/www.apucarana.pr.gov.br\/site\/cobertura-da-vacina-e-de-73-em-apucarana\/","title":{"rendered":"Cobertura da vacina \u00e9 de 73% em Apucarana"},"content":{"rendered":"<p>A 3 dias do encerramento da Campanha Nacional de Vacina\u00e7\u00e3o contra a Poliomielite e Sarampo, que acontece nesta sexta-feira (31), Apucarana imunizou 73,52% do p\u00fablico-alvo contra a p\u00f3lio (paralisia infantil) e 71,80% contra o sarampo. Foram vacinadas 4.742 e 4.631 crian\u00e7as, respectivamente.<br \/>\nA meta no munic\u00edpio \u00e9 imunizar 6.450 crian\u00e7as de 12 meses a 5 anos incompletos (4 anos, 11 meses e 29 dias). \u201cVamos concentrar esfor\u00e7os para que nossa cobertura vacinal fique dentro dos 95% recomendado pelo Minist\u00e9rio da Sa\u00fade\u201d, afirma o diretor presidente da AMS, Roberto Kaneta.<br \/>\nAl\u00e9m da busca ativa pelas equipes de sa\u00fade das Unidades B\u00e1sicas de Sa\u00fade (UBSs), a Autarquia Municipal de Educa\u00e7\u00e3o est\u00e1 enviando bilhetes nas agendas das crian\u00e7as dos CMEIS e escolas, alertando as fam\u00edlias sobre a import\u00e2ncia da Vacina\u00e7\u00e3o Contra o Sarampo e Poliomielite.<br \/>\nCom vem reiterando ao longo da campanha, iniciada no dia 6 de agosto, o prefeito Beto Preto alerta os pais sobre a import\u00e2ncia da vacina\u00e7\u00e3o. \u201cEncontrem um tempo at\u00e9 sexta-feira e levem seus filhos em qualquer uma das nossas 23 Unidades de Sa\u00fade com sala de vacina\u00e7\u00e3o. Depende de voc\u00eas esse cuidado essencial a sa\u00fade deles\u201d, conclama Beto Preto.<br \/>\nApenas cinco UBSs n\u00e3o contam com sala de vacina em Apucarana: a Julia Reczkowski, do N\u00facleo Habitacional Marcos Freire; Rute Eug\u00eanio, do Jardim Vale Verde; Philipe Weckewerth, no Jardim Milani; Jo\u00e3o Marioto, na Vila Formosa; e Elayne Mazur, no Jardim Interlagos. As 23 demais est\u00e3o abertas para vacina\u00e7\u00e3o entre 8 horas e 16h30.<br \/>\n<strong>A campanha tem por objetivo: <\/strong><br \/>\n<strong>P\u00fablico-alvo s\u00e3o crian\u00e7as de 12 meses a 5 anos incompletos (4 anos, 11 meses e 29 dias)<\/strong><br \/>\n&#8211; Vacinar quem nunca tomou a vacina<br \/>\n-Completar todo o esquema de vacina\u00e7\u00e3o de quem n\u00e3o tomou todas as vacinas<br \/>\n&#8211; Dar uma dose de refor\u00e7o para quem j\u00e1 se vacinou completamente (ou seja, tomou todas as doses necess\u00e1rias \u00e0 prote\u00e7\u00e3o)<br \/>\nEsse tipo de campanha que inclui o refor\u00e7o da dose, informa o Minist\u00e9rio da Sa\u00fade, acontece de quatro em quatro anos e j\u00e1 estava prevista no or\u00e7amento da pasta. Esse ano, no entanto, a campanha \u00e9 ainda mais importante devido aos casos de sarampo que voltaram a acontecer no Brasil, e a amea\u00e7a da poliomielite.<br \/>\n&nbsp;<br \/>\n&nbsp;<br \/>\n&nbsp;<\/p>\n","protected":false},"excerpt":{"rendered":"<p>Campanha Nacional de Vacina\u00e7\u00e3o contra as duas doen\u00e7as termina nesta sexta-feira <\/p>\n","protected":false},"author":4,"featured_media":17416,"comment_status":"closed","ping_status":"open","sticky":false,"template":"","format":"standard","meta":{"footnotes":""},"categories":[24],"tags":[],"class_list":["post-17415","post","type-post","status-publish","format-standard","has-post-thumbnail","hentry","category-noticias"],"acf":[],"_links":{"self":[{"href":"http:\/\/www.apucarana.pr.gov.br\/site\/wp-json\/wp\/v2\/posts\/17415","targetHints":{"allow":["GET"]}}],"collection":[{"href":"http:\/\/www.apucarana.pr.gov.br\/site\/wp-json\/wp\/v2\/posts"}],"about":[{"href":"http:\/\/www.apucarana.pr.gov.br\/site\/wp-json\/wp\/v2\/types\/post"}],"author":[{"embeddable":true,"href":"http:\/\/www.apucarana.pr.gov.br\/site\/wp-json\/wp\/v2\/users\/4"}],"replies":[{"embeddable":true,"href":"http:\/\/www.apucarana.pr.gov.br\/site\/wp-json\/wp\/v2\/comments?post=17415"}],"version-history":[{"count":1,"href":"http:\/\/www.apucarana.pr.gov.br\/site\/wp-json\/wp\/v2\/posts\/17415\/revisions"}],"predecessor-version":[{"id":101136,"href":"http:\/\/www.apucarana.pr.gov.br\/site\/wp-json\/wp\/v2\/posts\/17415\/revisions\/101136"}],"wp:featuredmedia":[{"embeddable":true,"href":"http:\/\/www.apucarana.pr.gov.br\/site\/wp-json\/"}],"wp:attachment":[{"href":"http:\/\/www.apucarana.pr.gov.br\/site\/wp-json\/wp\/v2\/media?parent=17415"}],"wp:term":[{"taxonomy":"category","embeddable":true,"href":"http:\/\/www.apucarana.pr.gov.br\/site\/wp-json\/wp\/v2\/categories?post=17415"},{"taxonomy":"post_tag","embeddable":true,"href":"http:\/\/www.apucarana.pr.gov.br\/site\/wp-json\/wp\/v2\/tags?post=17415"}],"curies":[{"name":"wp","href":"https:\/\/api.w.org\/{rel}","templated":true}]}}