{"id":16317,"date":"2018-07-16T12:26:39","date_gmt":"2018-07-16T15:26:39","guid":{"rendered":"http:\/\/172.16.0.7\/site-antigo\/?p=16317"},"modified":"2024-10-08T09:16:54","modified_gmt":"2024-10-08T12:16:54","slug":"apucarana-recebe-extensao-do-38o-festival-internacional-de-musica-de-londrina-2","status":"publish","type":"post","link":"http:\/\/www.apucarana.pr.gov.br\/site\/apucarana-recebe-extensao-do-38o-festival-internacional-de-musica-de-londrina-2\/","title":{"rendered":"Apucarana recebe extens\u00e3o do 38\u00ba Festival Internacional de M\u00fasica de Londrina"},"content":{"rendered":"<p>Apucarana recebe neste m\u00eas de julho, quatro espet\u00e1culos dentro do 38\u00ba Festival Internacional de M\u00fasica de Londrina (FML). A programa\u00e7\u00e3o extensiva foi confirmada nesta semana pela Secretaria da Promo\u00e7\u00e3o Art\u00edstica, Cultural e Tur\u00edstica da Prefeitura de Apucarana (Promatur). \u201cTodos ter\u00e3o entrada gratuita e os ingressos dever\u00e3o ser retirados a partir de uma hora antes de cada espet\u00e1culo, que ter\u00e3o in\u00edcio sempre \u00e0s 20 horas, limitados a 480 lugares que \u00e9 a capacidade do Cine Teatro F\u00eanix\u201d, informa Maria Agar Borba Ferreira, secret\u00e1ria Municipal da Promatur.<br \/>\nA primeira atra\u00e7\u00e3o ser\u00e1\u00a0o Clube do Choro de Bras\u00edlia, que se apresenta na quarta-feira (18). No dia 20 de julho, a Orquestra Sinf\u00f4nica do Paran\u00e1 far\u00e1 um concerto de gala na Catedral Nossa Senhora de Lourdes. Dia 22 de julho, ser\u00e1 a vez da\u00a0\u00d3pera Contada Jo\u00e3o e Maria \u2013 uma livre adapta\u00e7\u00e3o da \u00f3pera de Engelbert Humperdinck. E finalizando no dia 27 de Julho, com o\u00a0recital de piano com Allan Duarte Manhas.<br \/>\nNo dia 18 de julho, \u00e0s 20 horas, o teatro apucaranense receber\u00e1 Clube de Choro de Bras\u00edlia.\u00a0Com quarenta anos de funda\u00e7\u00e3o o Clube do Choro de Bras\u00edlia segue comemorando e revisitando obras dos grandes compositores da m\u00fasica popular brasileira, trazendo para Apucarana obras-primas de nomes consagrados da nossa m\u00fasica, revistas e atualizadas pelos arranjos e interpreta\u00e7\u00f5es de alguns dos maiores instrumentistas atualmente em atividade no pa\u00eds.<br \/>\nO grupo Roda de Choro \u00e9 formado pelos professores\u00a0<a href=\"http:\/\/fml.com.br\/38\/professor1_cv.asp?prod_id=30\">Fernando C\u00e9sar<\/a>\u00a0(viol\u00e3o 7 cordas),\u00a0<a href=\"http:\/\/fml.com.br\/38\/professor1_cv.asp?prod_id=29\">L\u00e9o Benon<\/a>\u00a0(cavaquinho),\u00a0<a href=\"http:\/\/fml.com.br\/38\/professor1_cv.asp?prod_id=31\">S\u00e9rgio Morais\u00a0<\/a>(flauta) e\u00a0<a href=\"http:\/\/fml.com.br\/38\/professor1_cv.asp?prod_id=28\">Valerinho Xavier<\/a>\u00a0(pandeiro).<br \/>\nOs m\u00fasicos s\u00e3o professores da Escola Brasileira de Choro Raphael Rabello em Bras\u00edlia, e atuam no cen\u00e1rio musical brasileiro.<br \/>\nNo repert\u00f3rio para o show de Apucarana eles trazem al\u00e9m de cl\u00e1ssicos dos grandes mestres do Choro com Pixinguinha, Jacob do Bandolim, Waldir Azevedo e Altamiro Carrilho, composi\u00e7\u00f5es pr\u00f3prias<br \/>\nMais detalhes sobre os espet\u00e1culos da extens\u00e3o Apucarana podem ser obtidas no site www.apucarana.pr.gov.br ou pelo telefone 3423-2944. O FML \u00e9 uma realiza\u00e7\u00e3o do Governo do Paran\u00e1, Prefeitura do Munic\u00edpio de Londrina, Universidade Estadual de Londrina (UEL) e Associa\u00e7\u00e3o de Amigos do FML.<\/p>\n","protected":false},"excerpt":{"rendered":"<p>A primeira atra\u00e7\u00e3o ser\u00e1 o Clube do Choro de Bras\u00edlia, que se apresenta nesta quarta-feira (18\/07), \u00e0s 20 horas, no Cine Teatro F\u00eanix.<\/p>\n","protected":false},"author":4,"featured_media":16323,"comment_status":"closed","ping_status":"open","sticky":false,"template":"","format":"standard","meta":{"footnotes":""},"categories":[24],"tags":[],"class_list":["post-16317","post","type-post","status-publish","format-standard","has-post-thumbnail","hentry","category-noticias"],"acf":[],"_links":{"self":[{"href":"http:\/\/www.apucarana.pr.gov.br\/site\/wp-json\/wp\/v2\/posts\/16317","targetHints":{"allow":["GET"]}}],"collection":[{"href":"http:\/\/www.apucarana.pr.gov.br\/site\/wp-json\/wp\/v2\/posts"}],"about":[{"href":"http:\/\/www.apucarana.pr.gov.br\/site\/wp-json\/wp\/v2\/types\/post"}],"author":[{"embeddable":true,"href":"http:\/\/www.apucarana.pr.gov.br\/site\/wp-json\/wp\/v2\/users\/4"}],"replies":[{"embeddable":true,"href":"http:\/\/www.apucarana.pr.gov.br\/site\/wp-json\/wp\/v2\/comments?post=16317"}],"version-history":[{"count":1,"href":"http:\/\/www.apucarana.pr.gov.br\/site\/wp-json\/wp\/v2\/posts\/16317\/revisions"}],"predecessor-version":[{"id":101258,"href":"http:\/\/www.apucarana.pr.gov.br\/site\/wp-json\/wp\/v2\/posts\/16317\/revisions\/101258"}],"wp:featuredmedia":[{"embeddable":true,"href":"http:\/\/www.apucarana.pr.gov.br\/site\/wp-json\/"}],"wp:attachment":[{"href":"http:\/\/www.apucarana.pr.gov.br\/site\/wp-json\/wp\/v2\/media?parent=16317"}],"wp:term":[{"taxonomy":"category","embeddable":true,"href":"http:\/\/www.apucarana.pr.gov.br\/site\/wp-json\/wp\/v2\/categories?post=16317"},{"taxonomy":"post_tag","embeddable":true,"href":"http:\/\/www.apucarana.pr.gov.br\/site\/wp-json\/wp\/v2\/tags?post=16317"}],"curies":[{"name":"wp","href":"https:\/\/api.w.org\/{rel}","templated":true}]}}