{"id":131031,"date":"2026-09-04T14:44:09","date_gmt":"2026-09-04T17:44:09","guid":{"rendered":"https:\/\/www.apucarana.pr.gov.br\/site\/?p=131031"},"modified":"2026-09-04T14:44:09","modified_gmt":"2026-09-04T17:44:09","slug":"prefeitura-mantem-servicos-essenciais-funcionando-no-feriado-da-independencia","status":"publish","type":"post","link":"http:\/\/www.apucarana.pr.gov.br\/site\/prefeitura-mantem-servicos-essenciais-funcionando-no-feriado-da-independencia\/","title":{"rendered":"Prefeitura mant\u00e9m servi\u00e7os essenciais funcionando no feriado da Independ\u00eancia"},"content":{"rendered":"<p>A Prefeitura de Apucarana manter\u00e1 o funcionamento dos servi\u00e7os essenciais \u00e0 popula\u00e7\u00e3o durante o feriado do Dia da Independ\u00eancia, nesta segunda-feira (7\/9). Na \u00e1rea da sa\u00fade, a UPA, o SAMU, a Farm\u00e1cia 24 horas e o Pronto Atendimento Infantil (PAI) estar\u00e3o funcionando normalmente. A UBS Romeu Milani tamb\u00e9m ter\u00e1 atendimento, das 8 \u00e0s 17 horas, em regime de plant\u00e3o. Servi\u00e7os de seguran\u00e7a patrimonial e limpeza p\u00fablica tamb\u00e9m ter\u00e3o suas atividades mantidas.<\/p>\n<p>\u201cMesmo durante o feriado, os servi\u00e7os que n\u00e3o podem parar estar\u00e3o funcionando normalmente para atender quem precisar. \u00c9 importante que a popula\u00e7\u00e3o observe os hor\u00e1rios de cada unidade e procure o servi\u00e7o adequado para cada necessidade\u201d, orienta o prefeito Rodolfo Mota.<\/p>\n<p>A UPA, o SAMU e a Farm\u00e1cia 24 horas funcionam de forma ininterrupta, por sua natureza de atendimento cont\u00ednuo. O PAI estar\u00e1 aberto das 7 \u00e0s 22 horas, com atendimento voltado ao p\u00fablico infantil. J\u00e1 a UBS Romeu Milani realizar\u00e1, das 8 \u00e0s 17 horas, cuidados de enfermagem, como aferi\u00e7\u00e3o de press\u00e3o arterial e glicemia, curativos e procedimentos injet\u00e1veis. A limpeza p\u00fablica e seguran\u00e7a patrimonial ter\u00e3o atendimento mantido para garantir a continuidade dos servi\u00e7os \u00e0 popula\u00e7\u00e3o.<\/p>\n<p>Os demais \u00f3rg\u00e3os da administra\u00e7\u00e3o direta e indireta do Munic\u00edpio n\u00e3o ter\u00e3o expediente na segunda-feira, conforme o Decreto n\u00ba 016\/2026, voltando ao expediente normal na ter\u00e7a-feira. Na rede municipal de Educa\u00e7\u00e3o, o funcionamento segue o calend\u00e1rio escolar previamente definido. As atividades nos Centros Municipais de Educa\u00e7\u00e3o Infantil (CMEIs) e nas Escolas Municipais ser\u00e3o retomadas normalmente no dia 8.<\/p>\n<p>O calend\u00e1rio escolar pode ser consultado pelas fam\u00edlias no site oficial da Prefeitura de Apucarana, em <a href=\"http:\/\/apucarana.pr.gov.br\/ame\/calendarios\">apucarana.pr.gov.br\/ame\/calendarios<\/a>. A administra\u00e7\u00e3o municipal orienta os cidad\u00e3os a observarem os hor\u00e1rios e servi\u00e7os dispon\u00edveis antes de se deslocarem durante o feriado. As unidades de atendimento de urg\u00eancia e emerg\u00eancia permanecem \u00e0 disposi\u00e7\u00e3o da popula\u00e7\u00e3o.<\/p>\n","protected":false},"excerpt":{"rendered":"<p>A Prefeitura de Apucarana manter&aacute; o funcionamento dos servi&ccedil;os essenciais &agrave; popula&ccedil;&atilde;o durante o feriado do Dia da Independ&ecirc;ncia, nesta segunda-feira (7\/9). Na &aacute;rea da sa&uacute;de, a UPA, o SAMU, a Farm&aacute;cia 24 horas e o Pronto Atendimento Infantil (PAI) estar&atilde;o funcionando normalmente. A UBS Romeu Milani tamb&eacute;m ter&aacute; atendimento, das 8 &agrave;s 17 horas, [&hellip;]<\/p>\n","protected":false},"author":8,"featured_media":131032,"comment_status":"closed","ping_status":"closed","sticky":false,"template":"","format":"standard","meta":{"footnotes":""},"categories":[24],"tags":[],"class_list":["post-131031","post","type-post","status-publish","format-standard","has-post-thumbnail","hentry","category-noticias"],"acf":[],"_links":{"self":[{"href":"http:\/\/www.apucarana.pr.gov.br\/site\/wp-json\/wp\/v2\/posts\/131031","targetHints":{"allow":["GET"]}}],"collection":[{"href":"http:\/\/www.apucarana.pr.gov.br\/site\/wp-json\/wp\/v2\/posts"}],"about":[{"href":"http:\/\/www.apucarana.pr.gov.br\/site\/wp-json\/wp\/v2\/types\/post"}],"author":[{"embeddable":true,"href":"http:\/\/www.apucarana.pr.gov.br\/site\/wp-json\/wp\/v2\/users\/8"}],"replies":[{"embeddable":true,"href":"http:\/\/www.apucarana.pr.gov.br\/site\/wp-json\/wp\/v2\/comments?post=131031"}],"version-history":[{"count":1,"href":"http:\/\/www.apucarana.pr.gov.br\/site\/wp-json\/wp\/v2\/posts\/131031\/revisions"}],"predecessor-version":[{"id":131033,"href":"http:\/\/www.apucarana.pr.gov.br\/site\/wp-json\/wp\/v2\/posts\/131031\/revisions\/131033"}],"wp:featuredmedia":[{"embeddable":true,"href":"http:\/\/www.apucarana.pr.gov.br\/site\/wp-json\/wp\/v2\/media\/131032"}],"wp:attachment":[{"href":"http:\/\/www.apucarana.pr.gov.br\/site\/wp-json\/wp\/v2\/media?parent=131031"}],"wp:term":[{"taxonomy":"category","embeddable":true,"href":"http:\/\/www.apucarana.pr.gov.br\/site\/wp-json\/wp\/v2\/categories?post=131031"},{"taxonomy":"post_tag","embeddable":true,"href":"http:\/\/www.apucarana.pr.gov.br\/site\/wp-json\/wp\/v2\/tags?post=131031"}],"curies":[{"name":"wp","href":"https:\/\/api.w.org\/{rel}","templated":true}]}}