{"id":131016,"date":"2026-09-04T12:00:52","date_gmt":"2026-09-04T15:00:52","guid":{"rendered":"https:\/\/www.apucarana.pr.gov.br\/site\/?p=131016"},"modified":"2026-09-04T12:00:52","modified_gmt":"2026-09-04T15:00:52","slug":"utfpr-in-concert-promove-noite-de-musica-e-solidariedade-no-cine-teatro-fenix","status":"publish","type":"post","link":"http:\/\/www.apucarana.pr.gov.br\/site\/utfpr-in-concert-promove-noite-de-musica-e-solidariedade-no-cine-teatro-fenix\/","title":{"rendered":"UTFPR In Concert promove noite de m\u00fasica e solidariedade no Cine Teatro F\u00eanix"},"content":{"rendered":"<p>A Prefeitura de Apucarana, por meio da Secretaria Municipal de Cultura e Turismo, convida a popula\u00e7\u00e3o para prestigiar a 3\u00aa edi\u00e7\u00e3o do UTFPR In Concert, que acontece nesta sexta-feira (4\/9), \u00e0s 20 horas, no Cine Teatro F\u00eanix. O concerto ter\u00e1 entrada solid\u00e1ria, mediante a doa\u00e7\u00e3o de 1 quilo de alimento n\u00e3o perec\u00edvel ou produtos de limpeza.<\/p>\n<p>Organizado pelos projetos de extens\u00e3o Orquestra e Coral da Universidade Tecnol\u00f3gica Federal do Paran\u00e1 (UTFPR), o evento reunir\u00e1 estudantes, servidores e integrantes da comunidade externa em uma programa\u00e7\u00e3o que busca aproximar a universidade da popula\u00e7\u00e3o por meio da m\u00fasica.<\/p>\n<p>O secret\u00e1rio municipal de Cultura e Turismo, Rodrigo Almeida, destaca a import\u00e2ncia de iniciativas que unem cultura, educa\u00e7\u00e3o e solidariedade. \u201cO UTFPR In Concert \u00e9 uma oportunidade de a popula\u00e7\u00e3o conhecer e prestigiar o trabalho desenvolvido pela universidade, ao mesmo tempo em que participa de uma a\u00e7\u00e3o solid\u00e1ria. \u00c9 uma programa\u00e7\u00e3o cultural de qualidade, aberta \u00e0 comunidade, que transforma a m\u00fasica em instrumento de integra\u00e7\u00e3o e tamb\u00e9m de cuidado com quem mais precisa.\u201d<\/p>\n<p>O UTFPR In Concert chega \u00e0 terceira edi\u00e7\u00e3o ap\u00f3s duas apresenta\u00e7\u00f5es realizadas no Cine Teatro F\u00eanix, em 2024 e 2025. Cada edi\u00e7\u00e3o reuniu aproximadamente 500 pessoas, demonstrando a boa receptividade do p\u00fablico \u00e0 iniciativa.<\/p>\n<p>Al\u00e9m de proporcionar acesso \u00e0 m\u00fasica e valorizar os projetos de extens\u00e3o da UTFPR, o evento tamb\u00e9m possui um importante car\u00e1ter social. Nas duas primeiras edi\u00e7\u00f5es, foram arrecadados cerca de 450 quilos de alimentos em cada apresenta\u00e7\u00e3o, destinados a a\u00e7\u00f5es de apoio \u00e0 comunidade.<\/p>\n<p>Nesta terceira edi\u00e7\u00e3o, toda a arrecada\u00e7\u00e3o ser\u00e1 destinada ao Lar Sagrada Fam\u00edlia, entidade que atualmente acolhe 18 crian\u00e7as em situa\u00e7\u00e3o de vulnerabilidade.<\/p>\n<p>Entre os produtos de limpeza, a organiza\u00e7\u00e3o solicita, preferencialmente, sab\u00e3o em p\u00f3, \u00e1gua sanit\u00e1ria, esponja, palha de a\u00e7o, desinfetante e detergente em p\u00f3. J\u00e1 entre os alimentos n\u00e3o perec\u00edveis, os itens mais esperados s\u00e3o achocolatado, bolacha, caf\u00e9 e fermento em p\u00f3.<\/p>\n<p>A popula\u00e7\u00e3o de Apucarana e regi\u00e3o est\u00e1 convidada a participar do concerto, conhecer o trabalho desenvolvido pelos projetos de extens\u00e3o da UTFPR e contribuir com uma causa social.<\/p>\n","protected":false},"excerpt":{"rendered":"<p>A Prefeitura de Apucarana, por meio da Secretaria Municipal de Cultura e Turismo, convida a popula&ccedil;&atilde;o para prestigiar a 3&ordf; edi&ccedil;&atilde;o do UTFPR In Concert, que acontece nesta sexta-feira (4\/9), &agrave;s 20 horas, no Cine Teatro F&ecirc;nix. O concerto ter&aacute; entrada solid&aacute;ria, mediante a doa&ccedil;&atilde;o de 1 quilo de alimento n&atilde;o perec&iacute;vel ou produtos de [&hellip;]<\/p>\n","protected":false},"author":8,"featured_media":131017,"comment_status":"closed","ping_status":"closed","sticky":false,"template":"","format":"standard","meta":{"footnotes":""},"categories":[24],"tags":[],"class_list":["post-131016","post","type-post","status-publish","format-standard","has-post-thumbnail","hentry","category-noticias"],"acf":[],"_links":{"self":[{"href":"http:\/\/www.apucarana.pr.gov.br\/site\/wp-json\/wp\/v2\/posts\/131016","targetHints":{"allow":["GET"]}}],"collection":[{"href":"http:\/\/www.apucarana.pr.gov.br\/site\/wp-json\/wp\/v2\/posts"}],"about":[{"href":"http:\/\/www.apucarana.pr.gov.br\/site\/wp-json\/wp\/v2\/types\/post"}],"author":[{"embeddable":true,"href":"http:\/\/www.apucarana.pr.gov.br\/site\/wp-json\/wp\/v2\/users\/8"}],"replies":[{"embeddable":true,"href":"http:\/\/www.apucarana.pr.gov.br\/site\/wp-json\/wp\/v2\/comments?post=131016"}],"version-history":[{"count":1,"href":"http:\/\/www.apucarana.pr.gov.br\/site\/wp-json\/wp\/v2\/posts\/131016\/revisions"}],"predecessor-version":[{"id":131018,"href":"http:\/\/www.apucarana.pr.gov.br\/site\/wp-json\/wp\/v2\/posts\/131016\/revisions\/131018"}],"wp:featuredmedia":[{"embeddable":true,"href":"http:\/\/www.apucarana.pr.gov.br\/site\/wp-json\/wp\/v2\/media\/131017"}],"wp:attachment":[{"href":"http:\/\/www.apucarana.pr.gov.br\/site\/wp-json\/wp\/v2\/media?parent=131016"}],"wp:term":[{"taxonomy":"category","embeddable":true,"href":"http:\/\/www.apucarana.pr.gov.br\/site\/wp-json\/wp\/v2\/categories?post=131016"},{"taxonomy":"post_tag","embeddable":true,"href":"http:\/\/www.apucarana.pr.gov.br\/site\/wp-json\/wp\/v2\/tags?post=131016"}],"curies":[{"name":"wp","href":"https:\/\/api.w.org\/{rel}","templated":true}]}}