{"id":131015,"date":"2026-09-04T12:12:11","date_gmt":"2026-09-04T15:12:11","guid":{"rendered":"https:\/\/www.apucarana.pr.gov.br\/site\/?p=131015"},"modified":"2026-09-04T12:24:48","modified_gmt":"2026-09-04T15:24:48","slug":"prefeitura-mobiliza-mais-de-90-entidades-para-celebrar-o-civismo-e-o-amor-a-patria-no-desfile-de-7-de-setembro","status":"publish","type":"post","link":"http:\/\/www.apucarana.pr.gov.br\/site\/prefeitura-mobiliza-mais-de-90-entidades-para-celebrar-o-civismo-e-o-amor-a-patria-no-desfile-de-7-de-setembro\/","title":{"rendered":"Prefeitura mobiliza mais de 90 entidades para celebrar o civismo e o amor \u00e0 P\u00e1tria no Desfile de 7 de Setembro"},"content":{"rendered":"\n\t\t<!-- MasterSlider -->\n\t\t<div id=\"P_MS6a9b047af315a\" class=\"master-slider-parent master-slider-gallery   ms-parent-id-0\" style=\"\" >\n\n\t\t\t\n\t\t\t<!-- MasterSlider Main -->\n\t\t\t<div id=\"MS6a9b047af315a\" class=\"master-slider ms-skin-default\" >\n\t\t\t\t \t\t\t\t \n\t\t\t<div  class=\"ms-slide\" data-delay=\"3\"    >\n\t\t\t\t\t<img decoding=\"async\" src=\"http:\/\/www.apucarana.pr.gov.br\/site\/wp-content\/plugins\/masterslider\/public\/assets\/css\/blank.gif\" alt=\"Desfile_7_setembro003\" title=\"Desfile_7_setembro003\" data-src=\"http:\/\/www.apucarana.pr.gov.br\/site\/wp-content\/uploads\/2026\/09\/Desfile_7_setembro003-1024x683.jpg\" \/>\n\t<a href=\"http:\/\/www.apucarana.pr.gov.br\/site\/wp-content\/uploads\/2026\/09\/Desfile_7_setembro003-1024x683.jpg\" target=\"_self\"    >Desfile_7_setembro003<\/a>\n\n\n\t<img decoding=\"async\" class=\"ms-thumb\" src=\"http:\/\/www.apucarana.pr.gov.br\/site\/wp-content\/uploads\/2026\/09\/Desfile_7_setembro003-1024x683-140x80.jpg\" alt=\"Desfile_7_setembro003\" \/>\n\t\t\t\t<\/div>\n\t\t\t<div  class=\"ms-slide\" data-delay=\"3\"    >\n\t\t\t\t\t<img decoding=\"async\" src=\"http:\/\/www.apucarana.pr.gov.br\/site\/wp-content\/plugins\/masterslider\/public\/assets\/css\/blank.gif\" alt=\"Desfile_7_setembro010\" title=\"Desfile_7_setembro010\" data-src=\"http:\/\/www.apucarana.pr.gov.br\/site\/wp-content\/uploads\/2026\/09\/Desfile_7_setembro010-1024x683.jpg\" \/>\n\t<a href=\"http:\/\/www.apucarana.pr.gov.br\/site\/wp-content\/uploads\/2026\/09\/Desfile_7_setembro010-1024x683.jpg\" target=\"_self\"    >Desfile_7_setembro010<\/a>\n\n\n\t<img decoding=\"async\" class=\"ms-thumb\" src=\"http:\/\/www.apucarana.pr.gov.br\/site\/wp-content\/uploads\/2026\/09\/Desfile_7_setembro010-1024x683-140x80.jpg\" alt=\"Desfile_7_setembro010\" \/>\n\t\t\t\t<\/div>\n\t\t\t<div  class=\"ms-slide\" data-delay=\"3\"    >\n\t\t\t\t\t<img decoding=\"async\" src=\"http:\/\/www.apucarana.pr.gov.br\/site\/wp-content\/plugins\/masterslider\/public\/assets\/css\/blank.gif\" alt=\"Mapa tr\u00e2nsito entorno do desfile\" title=\"Mapa tr\u00e2nsito entorno do desfile\" data-src=\"http:\/\/www.apucarana.pr.gov.br\/site\/wp-content\/uploads\/2026\/09\/Mapa-transito-entorno-do-desfile-1024x538.jpeg\" \/>\n\t<a href=\"http:\/\/www.apucarana.pr.gov.br\/site\/wp-content\/uploads\/2026\/09\/Mapa-transito-entorno-do-desfile-1024x538.jpeg\" target=\"_self\"    >Mapa tr\u00e2nsito entorno do desfile<\/a>\n\n\n\t<img decoding=\"async\" class=\"ms-thumb\" src=\"http:\/\/www.apucarana.pr.gov.br\/site\/wp-content\/uploads\/2026\/09\/Mapa-transito-entorno-do-desfile-1024x538-140x80.jpeg\" alt=\"Mapa tr\u00e2nsito entorno do desfile\" \/>\n\t\t\t\t<\/div>\n\t\t\t<div  class=\"ms-slide\" data-delay=\"3\"    >\n\t\t\t\t\t<img decoding=\"async\" src=\"http:\/\/www.apucarana.pr.gov.br\/site\/wp-content\/plugins\/masterslider\/public\/assets\/css\/blank.gif\" alt=\"Mapa posi\u00e7\u00e3o das entidades\" title=\"Mapa posi\u00e7\u00e3o das entidades\" data-src=\"http:\/\/www.apucarana.pr.gov.br\/site\/wp-content\/uploads\/2026\/09\/Mapa-posicao-das-entidades-1024x724.jpeg\" \/>\n\t<a href=\"http:\/\/www.apucarana.pr.gov.br\/site\/wp-content\/uploads\/2026\/09\/Mapa-posicao-das-entidades-1024x724.jpeg\" target=\"_self\"    >Mapa posi\u00e7\u00e3o das entidades<\/a>\n\n\n\t<img decoding=\"async\" class=\"ms-thumb\" src=\"http:\/\/www.apucarana.pr.gov.br\/site\/wp-content\/uploads\/2026\/09\/Mapa-posicao-das-entidades-1024x724-140x80.jpeg\" alt=\"Mapa posi\u00e7\u00e3o das entidades\" \/>\n\t\t\t\t<\/div>\n\t\t\t<div  class=\"ms-slide\" data-delay=\"3\"    >\n\t\t\t\t\t<img decoding=\"async\" src=\"http:\/\/www.apucarana.pr.gov.br\/site\/wp-content\/plugins\/masterslider\/public\/assets\/css\/blank.gif\" alt=\"Desfile_7_setembro005\" title=\"Desfile_7_setembro005\" data-src=\"http:\/\/www.apucarana.pr.gov.br\/site\/wp-content\/uploads\/2026\/09\/Desfile_7_setembro005-1024x683.jpg\" \/>\n\t<a href=\"http:\/\/www.apucarana.pr.gov.br\/site\/wp-content\/uploads\/2026\/09\/Desfile_7_setembro005-1024x683.jpg\" target=\"_self\"    >Desfile_7_setembro005<\/a>\n\n\n\t<img decoding=\"async\" class=\"ms-thumb\" src=\"http:\/\/www.apucarana.pr.gov.br\/site\/wp-content\/uploads\/2026\/09\/Desfile_7_setembro005-1024x683-140x80.jpg\" alt=\"Desfile_7_setembro005\" \/>\n\t\t\t\t<\/div>\n\t\t\t<div  class=\"ms-slide\" data-delay=\"3\"    >\n\t\t\t\t\t<img decoding=\"async\" src=\"http:\/\/www.apucarana.pr.gov.br\/site\/wp-content\/plugins\/masterslider\/public\/assets\/css\/blank.gif\" alt=\"Desfile_7_setembro028\" title=\"Desfile_7_setembro028\" data-src=\"http:\/\/www.apucarana.pr.gov.br\/site\/wp-content\/uploads\/2026\/09\/Desfile_7_setembro028-1024x683.jpg\" \/>\n\t<a href=\"http:\/\/www.apucarana.pr.gov.br\/site\/wp-content\/uploads\/2026\/09\/Desfile_7_setembro028-1024x683.jpg\" target=\"_self\"    >Desfile_7_setembro028<\/a>\n\n\n\t<img decoding=\"async\" class=\"ms-thumb\" src=\"http:\/\/www.apucarana.pr.gov.br\/site\/wp-content\/uploads\/2026\/09\/Desfile_7_setembro028-1024x683-140x80.jpg\" alt=\"Desfile_7_setembro028\" \/>\n\t\t\t\t<\/div>\n\t\t\t<div  class=\"ms-slide\" data-delay=\"3\"    >\n\t\t\t\t\t<img decoding=\"async\" src=\"http:\/\/www.apucarana.pr.gov.br\/site\/wp-content\/plugins\/masterslider\/public\/assets\/css\/blank.gif\" alt=\"Desfile_7_setembro036\" title=\"Desfile_7_setembro036\" data-src=\"http:\/\/www.apucarana.pr.gov.br\/site\/wp-content\/uploads\/2026\/09\/Desfile_7_setembro036-1024x683.jpg\" \/>\n\t<a href=\"http:\/\/www.apucarana.pr.gov.br\/site\/wp-content\/uploads\/2026\/09\/Desfile_7_setembro036-1024x683.jpg\" target=\"_self\"    >Desfile_7_setembro036<\/a>\n\n\n\t<img decoding=\"async\" class=\"ms-thumb\" src=\"http:\/\/www.apucarana.pr.gov.br\/site\/wp-content\/uploads\/2026\/09\/Desfile_7_setembro036-1024x683-140x80.jpg\" alt=\"Desfile_7_setembro036\" \/>\n\t\t\t\t<\/div>\n\t\t\t<div  class=\"ms-slide\" data-delay=\"3\"    >\n\t\t\t\t\t<img decoding=\"async\" src=\"http:\/\/www.apucarana.pr.gov.br\/site\/wp-content\/plugins\/masterslider\/public\/assets\/css\/blank.gif\" alt=\"Desfile_7_setembro037\" title=\"Desfile_7_setembro037\" data-src=\"http:\/\/www.apucarana.pr.gov.br\/site\/wp-content\/uploads\/2026\/09\/Desfile_7_setembro037-1024x683.jpg\" \/>\n\t<a href=\"http:\/\/www.apucarana.pr.gov.br\/site\/wp-content\/uploads\/2026\/09\/Desfile_7_setembro037-1024x683.jpg\" target=\"_self\"    >Desfile_7_setembro037<\/a>\n\n\n\t<img decoding=\"async\" class=\"ms-thumb\" src=\"http:\/\/www.apucarana.pr.gov.br\/site\/wp-content\/uploads\/2026\/09\/Desfile_7_setembro037-1024x683-140x80.jpg\" alt=\"Desfile_7_setembro037\" \/>\n\t\t\t\t<\/div>\n\t\t\t<div  class=\"ms-slide\" data-delay=\"3\"    >\n\t\t\t\t\t<img decoding=\"async\" src=\"http:\/\/www.apucarana.pr.gov.br\/site\/wp-content\/plugins\/masterslider\/public\/assets\/css\/blank.gif\" alt=\"Desfile_7_setembro040\" title=\"Desfile_7_setembro040\" data-src=\"http:\/\/www.apucarana.pr.gov.br\/site\/wp-content\/uploads\/2026\/09\/Desfile_7_setembro040-1024x683.jpg\" \/>\n\t<a href=\"http:\/\/www.apucarana.pr.gov.br\/site\/wp-content\/uploads\/2026\/09\/Desfile_7_setembro040-1024x683.jpg\" target=\"_self\"    >Desfile_7_setembro040<\/a>\n\n\n\t<img decoding=\"async\" class=\"ms-thumb\" src=\"http:\/\/www.apucarana.pr.gov.br\/site\/wp-content\/uploads\/2026\/09\/Desfile_7_setembro040-1024x683-140x80.jpg\" alt=\"Desfile_7_setembro040\" \/>\n\t\t\t\t<\/div>\n\n\t\t\t<\/div>\n\t\t\t<!-- END MasterSlider Main -->\n\n\t\t\t \n\t\t<\/div>\n\t\t<!-- END MasterSlider -->\n\n\t\t<script>\n\t\t( window.MSReady = window.MSReady || [] ).push( function( $ ) {\n\n\t\t\t\"use strict\";\n\t\t\tvar masterslider_315a = new MasterSlider();\n\n\t\t\t\/\/ slider controls\n\t\t\tmasterslider_315a.control('arrows'     ,{ autohide:true, overVideo:true  });\n\t\t\tmasterslider_315a.control('thumblist'  ,{ autohide:false, overVideo:true, dir:'h', speed:17, inset:false, arrows:false, hover:false, customClass:'', align:'bottom',type:'thumbs', margin:2, width:140, height:80, space:2, fillMode:'fill'  });\n\t\t\t\/\/ slider setup\n\t\t\tmasterslider_315a.setup(\"MS6a9b047af315a\", {\n\t\t\t\twidth           : 960,\n\t\t\t\theight          : 540,\n\t\t\t\tminHeight       : 0,\n\t\t\t\tspace           : 0,\n\t\t\t\tstart           : 1,\n\t\t\t\tgrabCursor      : true,\n\t\t\t\tswipe           : true,\n\t\t\t\tmouse           : true,\n\t\t\t\tkeyboard        : false,\n\t\t\t\tlayout          : \"fillwidth\",\n\t\t\t\twheel           : false,\n\t\t\t\tautoplay        : true,\n                instantStartLayers:false,\n\t\t\t\tmobileBGVideo:false,\n\t\t\t\tloop            : true,\n\t\t\t\tshuffle         : false,\n\t\t\t\tpreload         : 3,\n\t\t\t\theightLimit     : false,\n\t\t\t\tautoHeight      : false,\n\t\t\t\tsmoothHeight    : true,\n\t\t\t\tendPause        : false,\n\t\t\t\toverPause       : false,\n\t\t\t\tfillMode        : \"fill\",\n\t\t\t\tcenterControls  : true,\n\t\t\t\tstartOnAppear   : false,\n\t\t\t\tlayersMode      : \"center\",\n\t\t\t\tautofillTarget  : \"\",\n\t\t\t\thideLayers      : false,\n\t\t\t\tfullscreenMargin: 0,\n\t\t\t\tspeed           : 17,\n\t\t\t\tdir             : \"h\",\n\t\t\t\tresponsive      : true,\n\t\t\t\ttabletWidth     : 768,\n\t\t\t\ttabletHeight    : null,\n\t\t\t\tphoneWidth      : 480,\n\t\t\t\tphoneHeight    : null,\n\t\t\t\tsizingReference : window,\n\t\t\t\tparallaxMode    : 'swipe',\n\t\t\t\tview            : \"basic\"\n\t\t\t});\n\n\t\t\t\n\t\t\twindow.masterslider_instances = window.masterslider_instances || [];\n\t\t\twindow.masterslider_instances.push( masterslider_315a );\n\t\t});\n\t\t<\/script>\n\n\n<p>A Avenida Curitiba ser\u00e1 palco de uma das maiores celebra\u00e7\u00f5es c\u00edvicas de Apucarana no pr\u00f3ximo dia 7 de setembro. Promovido pela Prefeitura, o Desfile da Independ\u00eancia reunir\u00e1 mais de 90 institui\u00e7\u00f5es, entre for\u00e7as de seguran\u00e7a, entidades da sociedade civil, escolas, CMEIs, clubes, organiza\u00e7\u00f5es religiosas e grupos culturais. A programa\u00e7\u00e3o come\u00e7a \u00e0s 8 horas, com o hasteamento das bandeiras, seguido pelo desfile c\u00edvico, \u00e0s 8h30.<\/p>\n<p>O prefeito Rodolfo Mota afirma que a cerim\u00f4nia foi organizada com muito carinho para acolher as fam\u00edlias apucaranenses que poder\u00e3o, com toda seguran\u00e7a e tranquilidade, manifestar o esp\u00edrito patri\u00f3tico. \u201cO desfile representa um momento de uni\u00e3o entre poder p\u00fablico, institui\u00e7\u00f5es e comunidade, refor\u00e7ando valores como patriotismo, cidadania e respeito \u00e0 hist\u00f3ria do pa\u00eds. A expectativa \u00e9 que, a exemplo do ano passado, o evento atraia milhares de pessoas\u201d, frisou.<\/p>\n<p>O secret\u00e1rio municipal de Cultura e Turismo, Rodrigo Francisco de Almeida, lembra que a concentra\u00e7\u00e3o dos participantes acontecer\u00e1 na altura do Supermercado Amig\u00e3o, enquanto a dispers\u00e3o ser\u00e1 realizada na esquina da Avenida Curitiba com a Rua Oswaldo Cruz. \u201cO primeiro a desfilar ser o Ex\u00e9rcito, um dos momentos mais aguardados pelo p\u00fablico, contando com uma abertura feita pela Banda Municipal Maestro Jo\u00e3o Florindo da Silva&#8221;, pontuou.<\/p>\n<p>Almeida acrescenta que a Prefeitura elaborou um mapa detalhado da organiza\u00e7\u00e3o do desfile, indicando a sequ\u00eancia das institui\u00e7\u00f5es participantes, o posicionamento de cada grupo, \u00e1reas de concentra\u00e7\u00e3o e apoio, acessos principais, localiza\u00e7\u00e3o de banheiros qu\u00edmicos, cavaletes e demais pontos de refer\u00eancia. \u201cO material foi disponibilizado antecipadamente para facilitar a organiza\u00e7\u00e3o das entidades e orientar participantes e espectadores\u201d, observou.<\/p>\n<p>O secret\u00e1rio municipal de Seguran\u00e7a P\u00fablica, Transporte, Tr\u00e2nsito, Mobilidade Urbana e Defesa Civil (Segtran), Almir Antonio de Freitas, ressalta que tamb\u00e9m foi preparado um plano especial de tr\u00e2nsito para garantir a seguran\u00e7a durante o evento. Haver\u00e1 duas interdi\u00e7\u00f5es parciais de vias: uma na Rua Clot\u00e1rio Portugal, destinada \u00e0s viaturas do 30\u00ba Batalh\u00e3o de Infantaria Mecanizado, e outra na Rua Munhoz da Rocha, reservada para o embarque e desembarque dos estudantes que participar\u00e3o do desfile.<\/p>\n<p>&nbsp;<\/p>\n<p><strong>Rede municipal de ensino participar\u00e1 com os 25 CMEIs e 35 escolas<\/strong><\/p>\n<p>A Autarquia Municipal de Educa\u00e7\u00e3o (AME) ter\u00e1 uma atua\u00e7\u00e3o de destaque nas comemora\u00e7\u00f5es. Segundo o superintendente pedag\u00f3gico Pablo Costa e Silva, a rede municipal levar\u00e1 para a avenida\u00a0 60 unidades escolares, sendo 25 Centros Municipais de Educa\u00e7\u00e3o Infantil (CMEIs) e 35 escolas municipais. Neste ano, a apresenta\u00e7\u00e3o ter\u00e1 como tema P\u00e1tria, Educa\u00e7\u00e3o e Cidadania, celebrando os 25 anos da implanta\u00e7\u00e3o da educa\u00e7\u00e3o em tempo integral em Apucarana.<\/p>\n<p>Pablo Costa e Silva explica que o tema ser\u00e1 desenvolvido em sete eixos que destacam a forma\u00e7\u00e3o hist\u00f3rica do Brasil, a valoriza\u00e7\u00e3o dos povos origin\u00e1rios, sustentabilidade, ci\u00eancia e tecnologia, cidadania na inf\u00e2ncia e a constru\u00e7\u00e3o de uma sociedade mais justa e inclusiva. Entre os destaques da apresenta\u00e7\u00e3o estar\u00e3o as bandeiras gigantes de Apucarana, do Paran\u00e1 e do Brasil, os pavilh\u00f5es dos 26 estados e do Distrito Federal, al\u00e9m da participa\u00e7\u00e3o da Fanfarra Municipal Infantil.<\/p>\n<p>SERVI\u00c7O<br \/>\n<a href=\"http:\/\/www.apucarana.pr.gov.br\/site\/wp-content\/uploads\/2026\/09\/Mapa-posicao-das-entidades.jpeg\">Mapa com a posi\u00e7\u00e3o das entidades<\/a><\/p>\n<p><a href=\"http:\/\/www.apucarana.pr.gov.br\/site\/wp-content\/uploads\/2026\/09\/Mapa-transito-entorno-do-desfile.jpeg\">Mapa de tr\u00e2nsito no entorno do desfile<\/a><\/p>\n<p>&nbsp;<\/p>\n<p><strong>SEQU\u00caNCIA DAS ENTIDADES NO DESFILE<\/strong><\/p>\n<ol>\n<li>30\u00ba BIMEC COM ABERTURA DA BANDA MUNICIPAL<\/li>\n<li>10\u00ba BPM<\/li>\n<li>CORPO DE BOMBEIROS<\/li>\n<li>POL\u00cdCIA CIVIL<\/li>\n<li>POL\u00cdCIA CIENT\u00cdFICA DO PARAN\u00c1<\/li>\n<li>GUARDA MUNICIPAL DE APUCARANA<\/li>\n<li>AGENTES MUNICIPAIS DE TR\u00c2NSITO<\/li>\n<li>SEGTRAN<\/li>\n<li>SAMU<\/li>\n<li>AME \u2013 25 CMEIS<\/li>\n<li>AME \u2013 35 ESCOLAS MUNICIPAIS<\/li>\n<li>R.E &#8211; ESCOLAS ESTADUAIS<\/li>\n<li>COL\u00c9GIO PRESBITERIANO CHAMBERLAIN<\/li>\n<li>ESCOLA ALVO E CENTRO DE ENSINO PROFISSIONALIZANTE E T\u00c9CNICO &#8211; ESCOLA DE RESGATISTAS<\/li>\n<li>DESBRAVADORES<\/li>\n<li>GRUPO ESCOTEIRO DOM BOSCO<\/li>\n<li>CLUBE DE AVENTUREIROS LUTHER KIDS DE APUCARANA<\/li>\n<li>BSGI &#8211; BRASIL SOKA GAKKAI INTERNACIONAL<\/li>\n<li>ORDEM DEMOLAY<\/li>\n<li>PROJETO MOVIMENTE-SE<\/li>\n<li>IGREJA EVANG\u00c9LICA ASSEMBLEIA DE DEUS APUCARANA<\/li>\n<li>DIVERSIDADE CULTURA PLURAL E PASTORAL AFRO-DIOCESANA<\/li>\n<li>TEMPLO DE UMBANDA CABOCLO PENA DOURADA NA CASA DE OGUM BEIRA MAR (TUM)<\/li>\n<li>ASSOCIA\u00c7\u00c3O CURA EM FLOR<\/li>\n<li>FROTA DA PREFEITURA<\/li>\n<li>MISS APUCARANA<\/li>\n<li>UTFPR &#8211; CAMPUS APUCARANA<\/li>\n<li>FAM\u00cdLIA OPALA CLUBE APUCARANA<\/li>\n<li>OMEGA CLUBE ABSOLUTOS.COM DE APUCARANA<\/li>\n<li>APUCARANA BAIXOS<\/li>\n<li>GRUPO ANTIGOS 43<\/li>\n<li>JR VW CLUBE FUSCA APUCARANA<\/li>\n<li>ACF AUTO SOCORRO<\/li>\n<li>AMA MOTOCLUBE &#8211; APUCARANA MOTO A\u00c7\u00c3O<\/li>\n<li>GARDENAL BARRO CLUBE APUCARANA<\/li>\n<li>JEEP CLUBE DE APUCARANA<\/li>\n<\/ol>\n","protected":false},"excerpt":{"rendered":"<p>A Avenida Curitiba ser&aacute; palco de uma das maiores celebra&ccedil;&otilde;es c&iacute;vicas de Apucarana no pr&oacute;ximo dia 7 de setembro. Promovido pela Prefeitura, o Desfile da Independ&ecirc;ncia reunir&aacute; mais de 90 institui&ccedil;&otilde;es, entre for&ccedil;as de seguran&ccedil;a, entidades da sociedade civil, escolas, CMEIs, clubes, organiza&ccedil;&otilde;es religiosas e grupos culturais. A programa&ccedil;&atilde;o come&ccedil;a &agrave;s 8 horas, com o [&hellip;]<\/p>\n","protected":false},"author":6,"featured_media":131025,"comment_status":"closed","ping_status":"closed","sticky":false,"template":"","format":"standard","meta":{"footnotes":""},"categories":[203],"tags":[],"class_list":["post-131015","post","type-post","status-publish","format-standard","has-post-thumbnail","hentry","category-destaque"],"acf":[],"_links":{"self":[{"href":"http:\/\/www.apucarana.pr.gov.br\/site\/wp-json\/wp\/v2\/posts\/131015","targetHints":{"allow":["GET"]}}],"collection":[{"href":"http:\/\/www.apucarana.pr.gov.br\/site\/wp-json\/wp\/v2\/posts"}],"about":[{"href":"http:\/\/www.apucarana.pr.gov.br\/site\/wp-json\/wp\/v2\/types\/post"}],"author":[{"embeddable":true,"href":"http:\/\/www.apucarana.pr.gov.br\/site\/wp-json\/wp\/v2\/users\/6"}],"replies":[{"embeddable":true,"href":"http:\/\/www.apucarana.pr.gov.br\/site\/wp-json\/wp\/v2\/comments?post=131015"}],"version-history":[{"count":3,"href":"http:\/\/www.apucarana.pr.gov.br\/site\/wp-json\/wp\/v2\/posts\/131015\/revisions"}],"predecessor-version":[{"id":131030,"href":"http:\/\/www.apucarana.pr.gov.br\/site\/wp-json\/wp\/v2\/posts\/131015\/revisions\/131030"}],"wp:featuredmedia":[{"embeddable":true,"href":"http:\/\/www.apucarana.pr.gov.br\/site\/wp-json\/wp\/v2\/media\/131025"}],"wp:attachment":[{"href":"http:\/\/www.apucarana.pr.gov.br\/site\/wp-json\/wp\/v2\/media?parent=131015"}],"wp:term":[{"taxonomy":"category","embeddable":true,"href":"http:\/\/www.apucarana.pr.gov.br\/site\/wp-json\/wp\/v2\/categories?post=131015"},{"taxonomy":"post_tag","embeddable":true,"href":"http:\/\/www.apucarana.pr.gov.br\/site\/wp-json\/wp\/v2\/tags?post=131015"}],"curies":[{"name":"wp","href":"https:\/\/api.w.org\/{rel}","templated":true}]}}