{"id":131005,"date":"2026-09-03T16:50:22","date_gmt":"2026-09-03T19:50:22","guid":{"rendered":"https:\/\/www.apucarana.pr.gov.br\/site\/?p=131005"},"modified":"2026-09-03T16:50:22","modified_gmt":"2026-09-03T19:50:22","slug":"psss-da-prefeitura-de-apucarana-atraem-1-534-candidatos-para-48-vagas","status":"publish","type":"post","link":"http:\/\/www.apucarana.pr.gov.br\/site\/psss-da-prefeitura-de-apucarana-atraem-1-534-candidatos-para-48-vagas\/","title":{"rendered":"PSS\u2019s da Prefeitura de Apucarana atraem 1.534 candidatos para 48 vagas"},"content":{"rendered":"\n\t\t<!-- MasterSlider -->\n\t\t<div id=\"P_MS6a9a3c7e38fba\" class=\"master-slider-parent master-slider-gallery   ms-parent-id-0\" style=\"\" >\n\n\t\t\t\n\t\t\t<!-- MasterSlider Main -->\n\t\t\t<div id=\"MS6a9a3c7e38fba\" class=\"master-slider ms-skin-default\" >\n\t\t\t\t \t\t\t\t \n\t\t\t<div  class=\"ms-slide\" data-delay=\"3\"    >\n\t\t\t\t\t<img decoding=\"async\" src=\"http:\/\/www.apucarana.pr.gov.br\/site\/wp-content\/plugins\/masterslider\/public\/assets\/css\/blank.gif\" alt=\"pss01-2\" title=\"pss01-2\" data-src=\"http:\/\/www.apucarana.pr.gov.br\/site\/wp-content\/uploads\/2026\/09\/pss01-2-1024x1024.jpg\" \/>\n\t<a href=\"http:\/\/www.apucarana.pr.gov.br\/site\/wp-content\/uploads\/2026\/09\/pss01-2-1024x1024.jpg\" target=\"_self\"    >pss01-2<\/a>\n\n\n\t<img decoding=\"async\" class=\"ms-thumb\" src=\"http:\/\/www.apucarana.pr.gov.br\/site\/wp-content\/uploads\/2026\/09\/pss01-2-1024x1024-140x80.jpg\" alt=\"pss01-2\" \/>\n\t\t\t\t<\/div>\n\t\t\t<div  class=\"ms-slide\" data-delay=\"3\"    >\n\t\t\t\t\t<img decoding=\"async\" src=\"http:\/\/www.apucarana.pr.gov.br\/site\/wp-content\/plugins\/masterslider\/public\/assets\/css\/blank.gif\" alt=\"pss01-11\" title=\"pss01-11\" data-src=\"http:\/\/www.apucarana.pr.gov.br\/site\/wp-content\/uploads\/2026\/09\/pss01-11-1024x683.jpg\" \/>\n\t<a href=\"http:\/\/www.apucarana.pr.gov.br\/site\/wp-content\/uploads\/2026\/09\/pss01-11-1024x683.jpg\" target=\"_self\"    >pss01-11<\/a>\n\n\n\t<img decoding=\"async\" class=\"ms-thumb\" src=\"http:\/\/www.apucarana.pr.gov.br\/site\/wp-content\/uploads\/2026\/09\/pss01-11-1024x683-140x80.jpg\" alt=\"pss01-11\" \/>\n\t\t\t\t<\/div>\n\t\t\t<div  class=\"ms-slide\" data-delay=\"3\"    >\n\t\t\t\t\t<img decoding=\"async\" src=\"http:\/\/www.apucarana.pr.gov.br\/site\/wp-content\/plugins\/masterslider\/public\/assets\/css\/blank.gif\" alt=\"pss01-17\" title=\"pss01-17\" data-src=\"http:\/\/www.apucarana.pr.gov.br\/site\/wp-content\/uploads\/2026\/09\/pss01-17-1024x683.jpg\" \/>\n\t<a href=\"http:\/\/www.apucarana.pr.gov.br\/site\/wp-content\/uploads\/2026\/09\/pss01-17-1024x683.jpg\" target=\"_self\"    >pss01-17<\/a>\n\n\n\t<img decoding=\"async\" class=\"ms-thumb\" src=\"http:\/\/www.apucarana.pr.gov.br\/site\/wp-content\/uploads\/2026\/09\/pss01-17-1024x683-140x80.jpg\" alt=\"pss01-17\" \/>\n\t\t\t\t<\/div>\n\t\t\t<div  class=\"ms-slide\" data-delay=\"3\"    >\n\t\t\t\t\t<img decoding=\"async\" src=\"http:\/\/www.apucarana.pr.gov.br\/site\/wp-content\/plugins\/masterslider\/public\/assets\/css\/blank.gif\" alt=\"sala_de_aula-69\" title=\"sala_de_aula-69\" data-src=\"http:\/\/www.apucarana.pr.gov.br\/site\/wp-content\/uploads\/2026\/09\/sala_de_aula-69-1024x683.jpg\" \/>\n\t<a href=\"http:\/\/www.apucarana.pr.gov.br\/site\/wp-content\/uploads\/2026\/09\/sala_de_aula-69-1024x683.jpg\" target=\"_self\"    >sala_de_aula-69<\/a>\n\n\n\t<img decoding=\"async\" class=\"ms-thumb\" src=\"http:\/\/www.apucarana.pr.gov.br\/site\/wp-content\/uploads\/2026\/09\/sala_de_aula-69-1024x683-140x80.jpg\" alt=\"sala_de_aula-69\" \/>\n\t\t\t\t<\/div>\n\n\t\t\t<\/div>\n\t\t\t<!-- END MasterSlider Main -->\n\n\t\t\t \n\t\t<\/div>\n\t\t<!-- END MasterSlider -->\n\n\t\t<script>\n\t\t( window.MSReady = window.MSReady || [] ).push( function( $ ) {\n\n\t\t\t\"use strict\";\n\t\t\tvar masterslider_8fba = new MasterSlider();\n\n\t\t\t\/\/ slider controls\n\t\t\tmasterslider_8fba.control('arrows'     ,{ autohide:true, overVideo:true  });\n\t\t\tmasterslider_8fba.control('thumblist'  ,{ autohide:false, overVideo:true, dir:'h', speed:17, inset:false, arrows:false, hover:false, customClass:'', align:'bottom',type:'thumbs', margin:2, width:140, height:80, space:2, fillMode:'fill'  });\n\t\t\t\/\/ slider setup\n\t\t\tmasterslider_8fba.setup(\"MS6a9a3c7e38fba\", {\n\t\t\t\twidth           : 960,\n\t\t\t\theight          : 540,\n\t\t\t\tminHeight       : 0,\n\t\t\t\tspace           : 0,\n\t\t\t\tstart           : 1,\n\t\t\t\tgrabCursor      : true,\n\t\t\t\tswipe           : true,\n\t\t\t\tmouse           : true,\n\t\t\t\tkeyboard        : false,\n\t\t\t\tlayout          : \"fillwidth\",\n\t\t\t\twheel           : false,\n\t\t\t\tautoplay        : true,\n                instantStartLayers:false,\n\t\t\t\tmobileBGVideo:false,\n\t\t\t\tloop            : true,\n\t\t\t\tshuffle         : false,\n\t\t\t\tpreload         : 3,\n\t\t\t\theightLimit     : false,\n\t\t\t\tautoHeight      : false,\n\t\t\t\tsmoothHeight    : true,\n\t\t\t\tendPause        : false,\n\t\t\t\toverPause       : false,\n\t\t\t\tfillMode        : \"fill\",\n\t\t\t\tcenterControls  : true,\n\t\t\t\tstartOnAppear   : false,\n\t\t\t\tlayersMode      : \"center\",\n\t\t\t\tautofillTarget  : \"\",\n\t\t\t\thideLayers      : false,\n\t\t\t\tfullscreenMargin: 0,\n\t\t\t\tspeed           : 17,\n\t\t\t\tdir             : \"h\",\n\t\t\t\tresponsive      : true,\n\t\t\t\ttabletWidth     : 768,\n\t\t\t\ttabletHeight    : null,\n\t\t\t\tphoneWidth      : 480,\n\t\t\t\tphoneHeight    : null,\n\t\t\t\tsizingReference : window,\n\t\t\t\tparallaxMode    : 'swipe',\n\t\t\t\tview            : \"basic\"\n\t\t\t});\n\n\t\t\t\n\t\t\twindow.masterslider_instances = window.masterslider_instances || [];\n\t\t\twindow.masterslider_instances.push( masterslider_8fba );\n\t\t});\n\t\t<\/script>\n\n\n<p>A Prefeitura de Apucarana divulgou nesta quinta-feira (03\/09) a homologa\u00e7\u00e3o preliminar das inscri\u00e7\u00f5es dos Processos Seletivos Simplificados (PSS\u2019s) destinados \u00e0 contrata\u00e7\u00e3o por tempo determinado de profissionais para a administra\u00e7\u00e3o direta e para as autarquias municipais de Sa\u00fade (AMS) e de Educa\u00e7\u00e3o (AME). Ao todo, 1.534 candidatos est\u00e3o preliminarmente habilitados a participar dos processos seletivos que visam a contrata\u00e7\u00e3o tempor\u00e1ria de 48 profissionais para refor\u00e7ar o atendimento \u00e0 popula\u00e7\u00e3o.<\/p>\n<p>As oportunidades s\u00e3o destinadas a candidatos com forma\u00e7\u00e3o de n\u00edveis m\u00e9dio e superior, com sal\u00e1rios que variam de R$ 2.600,40 a R$ 11.957,61. A maior procura foi registrada no PSS da Prefeitura, que recebeu 923 inscri\u00e7\u00f5es para 10 cargos. Na sequ\u00eancia aparecem o PSS da AME, com 388 candidatos para quatro cargos, e o PSS da AMS, com 223 inscritos tamb\u00e9m para quatro cargos. Entre todas as oportunidades ofertadas, a maior procura foi pela fun\u00e7\u00e3o de professor da rede municipal de Educa\u00e7\u00e3o, com 292 candidatos inscritos, seguido pela fun\u00e7\u00e3o de educador social, com 165 inscritos; administrador, com 140; psic\u00f3logo, com 131; e enfermeiro, com 125 candidatos.<\/p>\n<p>O prefeito Rodolfo Mota refor\u00e7a para os candidatos a import\u00e2ncia de acompanhar os editais e as publica\u00e7\u00f5es oficiais. \u201cCada etapa tem seu prazo, e \u00e9 fundamental ficar atento para n\u00e3o perder nenhuma oportunidade de seguir na sele\u00e7\u00e3o\u201d, diz o prefeito, pontuando que os profissionais que ser\u00e3o contratados pelos PSS\u2019s v\u00e3o chegar para atender demandas imediatas da Prefeitura e das autarquias, ajudando as equipes de servidores efetivos e comissionados, atendendo a necessidade tempor\u00e1ria excepcional de interesse p\u00fablico.<\/p>\n<p>O secret\u00e1rio municipal da Fazenda, professor Rog\u00e9rio Ribeiro, observa que a homologa\u00e7\u00e3o preliminar das inscri\u00e7\u00f5es publicada contempla candidatos da ampla concorr\u00eancia, das cotas para Pessoas Pretas ou Pardas e das cotas para Pessoas com Defici\u00eancia (PcD), e pode ser consultada nos sites da Prefeitura de Apucarana e da Universidade Estadual do Oeste do Paran\u00e1 (Unioeste), respons\u00e1vel pela organiza\u00e7\u00e3o dos PSS\u2019s. \u201cOs candidatos que tiveram suas inscri\u00e7\u00f5es indeferidas poder\u00e3o apresentar recurso at\u00e9 esta sexta-feira (04\/09), por meio da \u00e1rea do candidato no site da institui\u00e7\u00e3o respons\u00e1vel pelo processo seletivo. A divulga\u00e7\u00e3o das respostas aos recursos e a publica\u00e7\u00e3o da homologa\u00e7\u00e3o definitiva das inscri\u00e7\u00f5es est\u00e3o previstas para 8 de setembro\u201d, informa o secret\u00e1rio.<\/p>\n<p>Rog\u00e9rio Ribeiro salienta que pela primeira vez o Processo Seletivo Simplificado contempla os cargos de administrador e economista na estrutura da Prefeitura de Apucarana. Segundo ele, a iniciativa faz parte da prepara\u00e7\u00e3o do munic\u00edpio para as mudan\u00e7as trazidas pela reforma tribut\u00e1ria e para o fortalecimento da gest\u00e3o p\u00fablica. \u201cA reforma tribut\u00e1ria vai exigir uma nova din\u00e2mica da administra\u00e7\u00e3o p\u00fablica. A cria\u00e7\u00e3o das vagas de administrador e economista representa um grande avan\u00e7o. Esses profissionais ter\u00e3o papel importante no planejamento, na gest\u00e3o dos recursos p\u00fablicos e na adapta\u00e7\u00e3o do munic\u00edpio \u00e0s novas exig\u00eancias da legisla\u00e7\u00e3o, contribuindo para uma administra\u00e7\u00e3o cada vez mais eficiente\u201d, explicou.<\/p>\n<p>Entre as fun\u00e7\u00f5es com maior concorr\u00eancia na prefeitura, o cargo de psic\u00f3logo lidera o ranking, com 131 candidatos para uma vaga, seguido por arquiteto, com 108 candidatos por vaga, e engenheiro civil, com 95. Entre os cargos que oferecem duas vagas, destaque para educador social, que recebeu 165 inscri\u00e7\u00f5es, resultando em 82,5 candidatos por vaga, e administrador, com 70 candidatos por vaga. Na Sa\u00fade, enfermeiro teve a maior procura, com 125 inscritos para tr\u00eas vagas, uma m\u00e9dia de 41,7 candidatos por vaga. Na Educa\u00e7\u00e3o, o destaque foi professor de Ensino Fundamental, com 292 candidatos para 10 vagas, ou 29,2 candidatos por vaga.<\/p>\n<p><strong>Processo de sele\u00e7\u00e3o<\/strong> &#8211; A sele\u00e7\u00e3o entre os candidatos homologados ser\u00e1 composta por prova objetiva (1\u00aa etapa) para todos os cargos e avalia\u00e7\u00e3o de t\u00edtulos (2\u00aa etapa) para os cargos de n\u00edvel superior.<\/p>\n<p>As provas objetivas ser\u00e3o aplicadas no dia 13 de setembro. No per\u00edodo da manh\u00e3, realizar\u00e3o a avalia\u00e7\u00e3o os candidatos aos cargos da administra\u00e7\u00e3o direta e da Autarquia Municipal de Sa\u00fade. No per\u00edodo da tarde, ser\u00e1 a vez dos candidatos aos cargos de professores da Autarquia Municipal de Educa\u00e7\u00e3o. Uma vez convocado, o candidato aprovado dever\u00e1 submeter-se \u00e0 avalia\u00e7\u00e3o m\u00e9dica e psicol\u00f3gica, de car\u00e1ter eliminat\u00f3rio, como fim de verificar sua capacidade f\u00edsica e mental para a fun\u00e7\u00e3o p\u00fablica.<\/p>\n<p><strong>PSS da Autarquia Municipal de Educa\u00e7\u00e3o (AME)<\/strong><\/p>\n<table>\n<thead>\n<tr>\n<td>Cargo<\/td>\n<td>Vagas<\/td>\n<td>Inscritos<\/td>\n<td>Candidatos por vaga<\/td>\n<\/tr>\n<\/thead>\n<tbody>\n<tr>\n<td>Professor de Ensino Fundamental<\/td>\n<td>10<\/td>\n<td>292<\/td>\n<td>29,2<\/td>\n<\/tr>\n<tr>\n<td>Professor de Educa\u00e7\u00e3o F\u00edsica<\/td>\n<td>5<\/td>\n<td>47<\/td>\n<td>9,4<\/td>\n<\/tr>\n<tr>\n<td>Professor de Ingl\u00eas<\/td>\n<td>5<\/td>\n<td>26<\/td>\n<td>5,2<\/td>\n<\/tr>\n<tr>\n<td>Professor de Espanhol<\/td>\n<td>5<\/td>\n<td>23<\/td>\n<td>4,6<\/td>\n<\/tr>\n<tr>\n<td>Total<\/td>\n<td>25<\/td>\n<td>388<\/td>\n<td>15,5<\/td>\n<\/tr>\n<\/tbody>\n<\/table>\n<p>&nbsp;<\/p>\n<p><strong>PSS da Prefeitura de Apucarana<\/strong><\/p>\n<table>\n<thead>\n<tr>\n<td>Cargo<\/td>\n<td>Vagas<\/td>\n<td>Inscritos<\/td>\n<td>Candidatos por vaga<\/td>\n<\/tr>\n<\/thead>\n<tbody>\n<tr>\n<td>Educador Social<\/td>\n<td>2<\/td>\n<td>165<\/td>\n<td>82,5<\/td>\n<\/tr>\n<tr>\n<td>Administrador<\/td>\n<td>2<\/td>\n<td>140<\/td>\n<td>70,0<\/td>\n<\/tr>\n<tr>\n<td>Psic\u00f3logo<\/td>\n<td>1<\/td>\n<td>131<\/td>\n<td>131,0<\/td>\n<\/tr>\n<tr>\n<td>Arquiteto<\/td>\n<td>1<\/td>\n<td>108<\/td>\n<td>108,0<\/td>\n<\/tr>\n<tr>\n<td>Engenheiro Civil<\/td>\n<td>1<\/td>\n<td>95<\/td>\n<td>95,0<\/td>\n<\/tr>\n<tr>\n<td>Veterin\u00e1rio<\/td>\n<td>1<\/td>\n<td>79<\/td>\n<td>79,0<\/td>\n<\/tr>\n<tr>\n<td>Assistente Social<\/td>\n<td>1<\/td>\n<td>72<\/td>\n<td>72,0<\/td>\n<\/tr>\n<tr>\n<td>Engenheiro Agr\u00f4nomo<\/td>\n<td>1<\/td>\n<td>52<\/td>\n<td>52,0<\/td>\n<\/tr>\n<tr>\n<td>Nutricionista<\/td>\n<td>1<\/td>\n<td>47<\/td>\n<td>47,0<\/td>\n<\/tr>\n<tr>\n<td>Economista<\/td>\n<td>2<\/td>\n<td>34<\/td>\n<td>17,0<\/td>\n<\/tr>\n<tr>\n<td>Total<\/td>\n<td>13<\/td>\n<td>923<\/td>\n<td>71,0<\/td>\n<\/tr>\n<\/tbody>\n<\/table>\n<p>&nbsp;<\/p>\n<p><strong>PSS da Autarquia Municipal de Sa\u00fade (AMS)<\/strong><\/p>\n<table>\n<thead>\n<tr>\n<td>Cargo<\/td>\n<td>Vagas<\/td>\n<td>Inscritos<\/td>\n<td>Candidatos por vaga<\/td>\n<\/tr>\n<\/thead>\n<tbody>\n<tr>\n<td>Enfermeiro<\/td>\n<td>3<\/td>\n<td>125<\/td>\n<td>41,7<\/td>\n<\/tr>\n<tr>\n<td>T\u00e9cnico de Enfermagem<\/td>\n<td>5<\/td>\n<td>91<\/td>\n<td>18,2<\/td>\n<\/tr>\n<tr>\n<td>Terapeuta Ocupacional<\/td>\n<td>1<\/td>\n<td>5<\/td>\n<td>5,0<\/td>\n<\/tr>\n<tr>\n<td>Fonoaudi\u00f3logo<\/td>\n<td>1<\/td>\n<td>2<\/td>\n<td>2,0<\/td>\n<\/tr>\n<tr>\n<td>Total<\/td>\n<td>10<\/td>\n<td>223<\/td>\n<td>22,3<\/td>\n<\/tr>\n<\/tbody>\n<\/table>\n<p>&nbsp;<\/p>\n","protected":false},"excerpt":{"rendered":"<p>A Prefeitura de Apucarana divulgou nesta quinta-feira (03\/09) a homologa&ccedil;&atilde;o preliminar das inscri&ccedil;&otilde;es dos Processos Seletivos Simplificados (PSS&rsquo;s) destinados &agrave; contrata&ccedil;&atilde;o por tempo determinado de profissionais para a administra&ccedil;&atilde;o direta e para as autarquias municipais de Sa&uacute;de (AMS) e de Educa&ccedil;&atilde;o (AME). Ao todo, 1.534 candidatos est&atilde;o preliminarmente habilitados a participar dos processos seletivos que [&hellip;]<\/p>\n","protected":false},"author":7,"featured_media":131010,"comment_status":"closed","ping_status":"closed","sticky":false,"template":"","format":"standard","meta":{"footnotes":""},"categories":[203],"tags":[],"class_list":["post-131005","post","type-post","status-publish","format-standard","has-post-thumbnail","hentry","category-destaque"],"acf":[],"_links":{"self":[{"href":"http:\/\/www.apucarana.pr.gov.br\/site\/wp-json\/wp\/v2\/posts\/131005","targetHints":{"allow":["GET"]}}],"collection":[{"href":"http:\/\/www.apucarana.pr.gov.br\/site\/wp-json\/wp\/v2\/posts"}],"about":[{"href":"http:\/\/www.apucarana.pr.gov.br\/site\/wp-json\/wp\/v2\/types\/post"}],"author":[{"embeddable":true,"href":"http:\/\/www.apucarana.pr.gov.br\/site\/wp-json\/wp\/v2\/users\/7"}],"replies":[{"embeddable":true,"href":"http:\/\/www.apucarana.pr.gov.br\/site\/wp-json\/wp\/v2\/comments?post=131005"}],"version-history":[{"count":1,"href":"http:\/\/www.apucarana.pr.gov.br\/site\/wp-json\/wp\/v2\/posts\/131005\/revisions"}],"predecessor-version":[{"id":131011,"href":"http:\/\/www.apucarana.pr.gov.br\/site\/wp-json\/wp\/v2\/posts\/131005\/revisions\/131011"}],"wp:featuredmedia":[{"embeddable":true,"href":"http:\/\/www.apucarana.pr.gov.br\/site\/wp-json\/wp\/v2\/media\/131010"}],"wp:attachment":[{"href":"http:\/\/www.apucarana.pr.gov.br\/site\/wp-json\/wp\/v2\/media?parent=131005"}],"wp:term":[{"taxonomy":"category","embeddable":true,"href":"http:\/\/www.apucarana.pr.gov.br\/site\/wp-json\/wp\/v2\/categories?post=131005"},{"taxonomy":"post_tag","embeddable":true,"href":"http:\/\/www.apucarana.pr.gov.br\/site\/wp-json\/wp\/v2\/tags?post=131005"}],"curies":[{"name":"wp","href":"https:\/\/api.w.org\/{rel}","templated":true}]}}