{"id":130994,"date":"2026-09-03T12:35:29","date_gmt":"2026-09-03T15:35:29","guid":{"rendered":"https:\/\/www.apucarana.pr.gov.br\/site\/?p=130994"},"modified":"2026-09-03T12:36:11","modified_gmt":"2026-09-03T15:36:11","slug":"rede-de-farmacias-sao-joao-inaugura-nova-loja-em-apucarana-e-destina-metade-das-vendas-do-dia-ao-lar-sagrada-familia","status":"publish","type":"post","link":"http:\/\/www.apucarana.pr.gov.br\/site\/rede-de-farmacias-sao-joao-inaugura-nova-loja-em-apucarana-e-destina-metade-das-vendas-do-dia-ao-lar-sagrada-familia\/","title":{"rendered":"Rede de Farm\u00e1cias S\u00e3o Jo\u00e3o inaugura nova loja em Apucarana e destina metade das vendas do dia ao Lar Sagrada Fam\u00edlia"},"content":{"rendered":"\n\t\t<!-- MasterSlider -->\n\t\t<div id=\"P_MS6a99b30020920\" class=\"master-slider-parent master-slider-gallery   ms-parent-id-0\" style=\"\" >\n\n\t\t\t\n\t\t\t<!-- MasterSlider Main -->\n\t\t\t<div id=\"MS6a99b30020920\" class=\"master-slider ms-skin-default\" >\n\t\t\t\t \t\t\t\t \n\t\t\t<div  class=\"ms-slide\" data-delay=\"3\"    >\n\t\t\t\t\t<img decoding=\"async\" src=\"http:\/\/www.apucarana.pr.gov.br\/site\/wp-content\/plugins\/masterslider\/public\/assets\/css\/blank.gif\" alt=\"03-09-2026_inauguracao_farmacia_sao_joao01\" title=\"03-09-2026_inauguracao_farmacia_sao_joao01\" data-src=\"http:\/\/www.apucarana.pr.gov.br\/site\/wp-content\/uploads\/2026\/09\/03-09-2026_inauguracao_farmacia_sao_joao01-1024x651.jpg\" \/>\n\t<a href=\"http:\/\/www.apucarana.pr.gov.br\/site\/wp-content\/uploads\/2026\/09\/03-09-2026_inauguracao_farmacia_sao_joao01-1024x651.jpg\" target=\"_self\"    >03-09-2026_inauguracao_farmacia_sao_joao01<\/a>\n\n\n\t<img decoding=\"async\" class=\"ms-thumb\" src=\"http:\/\/www.apucarana.pr.gov.br\/site\/wp-content\/uploads\/2026\/09\/03-09-2026_inauguracao_farmacia_sao_joao01-1024x651-140x80.jpg\" alt=\"03-09-2026_inauguracao_farmacia_sao_joao01\" \/>\n\t\t\t\t<\/div>\n\t\t\t<div  class=\"ms-slide\" data-delay=\"3\"    >\n\t\t\t\t\t<img decoding=\"async\" src=\"http:\/\/www.apucarana.pr.gov.br\/site\/wp-content\/plugins\/masterslider\/public\/assets\/css\/blank.gif\" alt=\"03-09-2026_inauguracao_farmacia_sao_joao01-9\" title=\"03-09-2026_inauguracao_farmacia_sao_joao01-9\" data-src=\"http:\/\/www.apucarana.pr.gov.br\/site\/wp-content\/uploads\/2026\/09\/03-09-2026_inauguracao_farmacia_sao_joao01-9-1024x683.jpg\" \/>\n\t<a href=\"http:\/\/www.apucarana.pr.gov.br\/site\/wp-content\/uploads\/2026\/09\/03-09-2026_inauguracao_farmacia_sao_joao01-9-1024x683.jpg\" target=\"_self\"    >03-09-2026_inauguracao_farmacia_sao_joao01-9<\/a>\n\n\n\t<img decoding=\"async\" class=\"ms-thumb\" src=\"http:\/\/www.apucarana.pr.gov.br\/site\/wp-content\/uploads\/2026\/09\/03-09-2026_inauguracao_farmacia_sao_joao01-9-1024x683-140x80.jpg\" alt=\"03-09-2026_inauguracao_farmacia_sao_joao01-9\" \/>\n\t\t\t\t<\/div>\n\t\t\t<div  class=\"ms-slide\" data-delay=\"3\"    >\n\t\t\t\t\t<img decoding=\"async\" src=\"http:\/\/www.apucarana.pr.gov.br\/site\/wp-content\/plugins\/masterslider\/public\/assets\/css\/blank.gif\" alt=\"03-09-2026_inauguracao_farmacia_sao_joao01-17\" title=\"03-09-2026_inauguracao_farmacia_sao_joao01-17\" data-src=\"http:\/\/www.apucarana.pr.gov.br\/site\/wp-content\/uploads\/2026\/09\/03-09-2026_inauguracao_farmacia_sao_joao01-17-1024x683.jpg\" \/>\n\t<a href=\"http:\/\/www.apucarana.pr.gov.br\/site\/wp-content\/uploads\/2026\/09\/03-09-2026_inauguracao_farmacia_sao_joao01-17-1024x683.jpg\" target=\"_self\"    >03-09-2026_inauguracao_farmacia_sao_joao01-17<\/a>\n\n\n\t<img decoding=\"async\" class=\"ms-thumb\" src=\"http:\/\/www.apucarana.pr.gov.br\/site\/wp-content\/uploads\/2026\/09\/03-09-2026_inauguracao_farmacia_sao_joao01-17-1024x683-140x80.jpg\" alt=\"03-09-2026_inauguracao_farmacia_sao_joao01-17\" \/>\n\t\t\t\t<\/div>\n\t\t\t<div  class=\"ms-slide\" data-delay=\"3\"    >\n\t\t\t\t\t<img decoding=\"async\" src=\"http:\/\/www.apucarana.pr.gov.br\/site\/wp-content\/plugins\/masterslider\/public\/assets\/css\/blank.gif\" alt=\"03-09-2026_inauguracao_farmacia_sao_joao01-18\" title=\"03-09-2026_inauguracao_farmacia_sao_joao01-18\" data-src=\"http:\/\/www.apucarana.pr.gov.br\/site\/wp-content\/uploads\/2026\/09\/03-09-2026_inauguracao_farmacia_sao_joao01-18-1024x683.jpg\" \/>\n\t<a href=\"http:\/\/www.apucarana.pr.gov.br\/site\/wp-content\/uploads\/2026\/09\/03-09-2026_inauguracao_farmacia_sao_joao01-18-1024x683.jpg\" target=\"_self\"    >03-09-2026_inauguracao_farmacia_sao_joao01-18<\/a>\n\n\n\t<img decoding=\"async\" class=\"ms-thumb\" src=\"http:\/\/www.apucarana.pr.gov.br\/site\/wp-content\/uploads\/2026\/09\/03-09-2026_inauguracao_farmacia_sao_joao01-18-1024x683-140x80.jpg\" alt=\"03-09-2026_inauguracao_farmacia_sao_joao01-18\" \/>\n\t\t\t\t<\/div>\n\t\t\t<div  class=\"ms-slide\" data-delay=\"3\"    >\n\t\t\t\t\t<img decoding=\"async\" src=\"http:\/\/www.apucarana.pr.gov.br\/site\/wp-content\/plugins\/masterslider\/public\/assets\/css\/blank.gif\" alt=\"03-09-2026_inauguracao_farmacia_sao_joao01-22\" title=\"03-09-2026_inauguracao_farmacia_sao_joao01-22\" data-src=\"http:\/\/www.apucarana.pr.gov.br\/site\/wp-content\/uploads\/2026\/09\/03-09-2026_inauguracao_farmacia_sao_joao01-22-1024x683.jpg\" \/>\n\t<a href=\"http:\/\/www.apucarana.pr.gov.br\/site\/wp-content\/uploads\/2026\/09\/03-09-2026_inauguracao_farmacia_sao_joao01-22-1024x683.jpg\" target=\"_self\"    >03-09-2026_inauguracao_farmacia_sao_joao01-22<\/a>\n\n\n\t<img decoding=\"async\" class=\"ms-thumb\" src=\"http:\/\/www.apucarana.pr.gov.br\/site\/wp-content\/uploads\/2026\/09\/03-09-2026_inauguracao_farmacia_sao_joao01-22-1024x683-140x80.jpg\" alt=\"03-09-2026_inauguracao_farmacia_sao_joao01-22\" \/>\n\t\t\t\t<\/div>\n\t\t\t<div  class=\"ms-slide\" data-delay=\"3\"    >\n\t\t\t\t\t<img decoding=\"async\" src=\"http:\/\/www.apucarana.pr.gov.br\/site\/wp-content\/plugins\/masterslider\/public\/assets\/css\/blank.gif\" alt=\"03-09-2026_inauguracao_farmacia_sao_joao01-23\" title=\"03-09-2026_inauguracao_farmacia_sao_joao01-23\" data-src=\"http:\/\/www.apucarana.pr.gov.br\/site\/wp-content\/uploads\/2026\/09\/03-09-2026_inauguracao_farmacia_sao_joao01-23-1024x683.jpg\" \/>\n\t<a href=\"http:\/\/www.apucarana.pr.gov.br\/site\/wp-content\/uploads\/2026\/09\/03-09-2026_inauguracao_farmacia_sao_joao01-23-1024x683.jpg\" target=\"_self\"    >03-09-2026_inauguracao_farmacia_sao_joao01-23<\/a>\n\n\n\t<img decoding=\"async\" class=\"ms-thumb\" src=\"http:\/\/www.apucarana.pr.gov.br\/site\/wp-content\/uploads\/2026\/09\/03-09-2026_inauguracao_farmacia_sao_joao01-23-1024x683-140x80.jpg\" alt=\"03-09-2026_inauguracao_farmacia_sao_joao01-23\" \/>\n\t\t\t\t<\/div>\n\t\t\t<div  class=\"ms-slide\" data-delay=\"3\"    >\n\t\t\t\t\t<img decoding=\"async\" src=\"http:\/\/www.apucarana.pr.gov.br\/site\/wp-content\/plugins\/masterslider\/public\/assets\/css\/blank.gif\" alt=\"03-09-2026_inauguracao_farmacia_sao_joao01-24\" title=\"03-09-2026_inauguracao_farmacia_sao_joao01-24\" data-src=\"http:\/\/www.apucarana.pr.gov.br\/site\/wp-content\/uploads\/2026\/09\/03-09-2026_inauguracao_farmacia_sao_joao01-24-1024x683.jpg\" \/>\n\t<a href=\"http:\/\/www.apucarana.pr.gov.br\/site\/wp-content\/uploads\/2026\/09\/03-09-2026_inauguracao_farmacia_sao_joao01-24-1024x683.jpg\" target=\"_self\"    >03-09-2026_inauguracao_farmacia_sao_joao01-24<\/a>\n\n\n\t<img decoding=\"async\" class=\"ms-thumb\" src=\"http:\/\/www.apucarana.pr.gov.br\/site\/wp-content\/uploads\/2026\/09\/03-09-2026_inauguracao_farmacia_sao_joao01-24-1024x683-140x80.jpg\" alt=\"03-09-2026_inauguracao_farmacia_sao_joao01-24\" \/>\n\t\t\t\t<\/div>\n\t\t\t<div  class=\"ms-slide\" data-delay=\"3\"    >\n\t\t\t\t\t<img decoding=\"async\" src=\"http:\/\/www.apucarana.pr.gov.br\/site\/wp-content\/plugins\/masterslider\/public\/assets\/css\/blank.gif\" alt=\"03-09-2026_inauguracao_farmacia_sao_joao01-28\" title=\"03-09-2026_inauguracao_farmacia_sao_joao01-28\" data-src=\"http:\/\/www.apucarana.pr.gov.br\/site\/wp-content\/uploads\/2026\/09\/03-09-2026_inauguracao_farmacia_sao_joao01-28-1024x683.jpg\" \/>\n\t<a href=\"http:\/\/www.apucarana.pr.gov.br\/site\/wp-content\/uploads\/2026\/09\/03-09-2026_inauguracao_farmacia_sao_joao01-28-1024x683.jpg\" target=\"_self\"    >03-09-2026_inauguracao_farmacia_sao_joao01-28<\/a>\n\n\n\t<img decoding=\"async\" class=\"ms-thumb\" src=\"http:\/\/www.apucarana.pr.gov.br\/site\/wp-content\/uploads\/2026\/09\/03-09-2026_inauguracao_farmacia_sao_joao01-28-1024x683-140x80.jpg\" alt=\"03-09-2026_inauguracao_farmacia_sao_joao01-28\" \/>\n\t\t\t\t<\/div>\n\t\t\t<div  class=\"ms-slide\" data-delay=\"3\"    >\n\t\t\t\t\t<img decoding=\"async\" src=\"http:\/\/www.apucarana.pr.gov.br\/site\/wp-content\/plugins\/masterslider\/public\/assets\/css\/blank.gif\" alt=\"03-09-2026_inauguracao_farmacia_sao_joao01-30\" title=\"03-09-2026_inauguracao_farmacia_sao_joao01-30\" data-src=\"http:\/\/www.apucarana.pr.gov.br\/site\/wp-content\/uploads\/2026\/09\/03-09-2026_inauguracao_farmacia_sao_joao01-30-1024x683.jpg\" \/>\n\t<a href=\"http:\/\/www.apucarana.pr.gov.br\/site\/wp-content\/uploads\/2026\/09\/03-09-2026_inauguracao_farmacia_sao_joao01-30-1024x683.jpg\" target=\"_self\"    >03-09-2026_inauguracao_farmacia_sao_joao01-30<\/a>\n\n\n\t<img decoding=\"async\" class=\"ms-thumb\" src=\"http:\/\/www.apucarana.pr.gov.br\/site\/wp-content\/uploads\/2026\/09\/03-09-2026_inauguracao_farmacia_sao_joao01-30-1024x683-140x80.jpg\" alt=\"03-09-2026_inauguracao_farmacia_sao_joao01-30\" \/>\n\t\t\t\t<\/div>\n\n\t\t\t<\/div>\n\t\t\t<!-- END MasterSlider Main -->\n\n\t\t\t \n\t\t<\/div>\n\t\t<!-- END MasterSlider -->\n\n\t\t<script>\n\t\t( window.MSReady = window.MSReady || [] ).push( function( $ ) {\n\n\t\t\t\"use strict\";\n\t\t\tvar masterslider_0920 = new MasterSlider();\n\n\t\t\t\/\/ slider controls\n\t\t\tmasterslider_0920.control('arrows'     ,{ autohide:true, overVideo:true  });\n\t\t\tmasterslider_0920.control('thumblist'  ,{ autohide:false, overVideo:true, dir:'h', speed:17, inset:false, arrows:false, hover:false, customClass:'', align:'bottom',type:'thumbs', margin:2, width:140, height:80, space:2, fillMode:'fill'  });\n\t\t\t\/\/ slider setup\n\t\t\tmasterslider_0920.setup(\"MS6a99b30020920\", {\n\t\t\t\twidth           : 960,\n\t\t\t\theight          : 540,\n\t\t\t\tminHeight       : 0,\n\t\t\t\tspace           : 0,\n\t\t\t\tstart           : 1,\n\t\t\t\tgrabCursor      : true,\n\t\t\t\tswipe           : true,\n\t\t\t\tmouse           : true,\n\t\t\t\tkeyboard        : false,\n\t\t\t\tlayout          : \"fillwidth\",\n\t\t\t\twheel           : false,\n\t\t\t\tautoplay        : true,\n                instantStartLayers:false,\n\t\t\t\tmobileBGVideo:false,\n\t\t\t\tloop            : true,\n\t\t\t\tshuffle         : false,\n\t\t\t\tpreload         : 3,\n\t\t\t\theightLimit     : false,\n\t\t\t\tautoHeight      : false,\n\t\t\t\tsmoothHeight    : true,\n\t\t\t\tendPause        : false,\n\t\t\t\toverPause       : false,\n\t\t\t\tfillMode        : \"fill\",\n\t\t\t\tcenterControls  : true,\n\t\t\t\tstartOnAppear   : false,\n\t\t\t\tlayersMode      : \"center\",\n\t\t\t\tautofillTarget  : \"\",\n\t\t\t\thideLayers      : false,\n\t\t\t\tfullscreenMargin: 0,\n\t\t\t\tspeed           : 17,\n\t\t\t\tdir             : \"h\",\n\t\t\t\tresponsive      : true,\n\t\t\t\ttabletWidth     : 768,\n\t\t\t\ttabletHeight    : null,\n\t\t\t\tphoneWidth      : 480,\n\t\t\t\tphoneHeight    : null,\n\t\t\t\tsizingReference : window,\n\t\t\t\tparallaxMode    : 'swipe',\n\t\t\t\tview            : \"basic\"\n\t\t\t});\n\n\t\t\t\n\t\t\twindow.masterslider_instances = window.masterslider_instances || [];\n\t\t\twindow.masterslider_instances.push( masterslider_0920 );\n\t\t});\n\t\t<\/script>\n\n\n<p>A Rede de Farm\u00e1cias S\u00e3o Jo\u00e3o inaugurou, na manh\u00e3 desta quinta-feira (3\/9), sua mais nova unidade em Apucarana. Localizada em um ponto estrat\u00e9gico do munic\u00edpio \u2014 na Avenida Curitiba, esquina com a Rua Cl\u00f3vis da Fonseca \u2014, a loja representa a consolida\u00e7\u00e3o dos investimentos da empresa na cidade. Como gesto de responsabilidade social e compromisso com a comunidade apucaranense, 50% do faturamento de inaugura\u00e7\u00e3o da nova farm\u00e1cia ser\u00e1 revertido em doa\u00e7\u00e3o para o Lar Sagrada Fam\u00edlia, institui\u00e7\u00e3o que acolhe crian\u00e7as em situa\u00e7\u00e3o de vulnerabilidade.<\/p>\n<p>Durante a cerim\u00f4nia, o prefeito Rodolfo Mota destacou o papel fundamental do investimento privado para o desenvolvimento econ\u00f4mico de Apucarana e ressaltou o alinhamento de prop\u00f3sitos entre a gest\u00e3o p\u00fablica e o setor privado. \u201cN\u00f3s nos sentimos muito felizes. O lema da nossa gest\u00e3o na Prefeitura \u00e9 cuidar e acolher as pessoas, e ver uma empresa privada trazendo essa mesma sensibilidade ao atender a popula\u00e7\u00e3o e ainda colaborar diretamente com o Lar Sagrada Fam\u00edlia mostra a for\u00e7a e o valor do empreendedorismo em Apucarana\u201d, afirmou o prefeito Rodolfo Mota.<\/p>\n<p>O evento marca a abertura da filial de n\u00famero 1.250 de toda a rede e a de n\u00famero 160 no estado do Paran\u00e1. A mudan\u00e7a do endere\u00e7o anterior, na Avenida Corifeu de Azevedo Marques, para o novo ponto na Avenida Curitiba visa expandir a capacidade de atendimento e oferecer instala\u00e7\u00f5es modernas e confort\u00e1veis para a popula\u00e7\u00e3o.<\/p>\n<p>O coordenador distrital da Rede de Farm\u00e1cias S\u00e3o Jo\u00e3o no Paran\u00e1, Rodrigo Ferreira, enfatizou a rela\u00e7\u00e3o de carinho e o acolhimento que a empresa sempre recebeu na cidade desde a sua chegada, h\u00e1 cerca de sete anos. \u201cTemos um carinho gigantesco por Apucarana pelo acolhimento que sempre recebemos da comunidade. A S\u00e3o Jo\u00e3o n\u00e3o chega a um munic\u00edpio com sentimento extrativista, mas sim para somar e contribuir com o desenvolvimento local. Escolhemos apoiar o Lar Sagrada Fam\u00edlia porque acreditamos na corrente do bem e queremos que a nossa atitude sirva de inspira\u00e7\u00e3o para que outros empres\u00e1rios fa\u00e7am o mesmo\u201d, destacou Rodrigo Ferreira, lembrando a trajet\u00f3ria do fundador, Pedro Henrique Brair, e o prop\u00f3sito da marca de priorizar o cuidado e o acolhimento humano no atendimento.<\/p>\n<p>Para o presidente do Lar Sagrada Fam\u00edlia, Maur\u00edcio Rawski de Paula, o repasse de 50% das vendas do dia de inaugura\u00e7\u00e3o contribuir\u00e1 para a manuten\u00e7\u00e3o das atividades da entidade, que acolhe atualmente 18 crian\u00e7as e depende do apoio comunit\u00e1rio e governamental. \u201cNosso trabalho no Lar \u00e9 oferecer uma resid\u00eancia tempor\u00e1ria cheia de afeto, mas a nossa maior dificuldade \u00e9 a financeira, especialmente com a folha de pagamento das cuidadoras que atuam 24 horas por dia. Este apoio da Rede S\u00e3o Jo\u00e3o foi uma grata surpresa e nos ajudar\u00e1 imensamente a honrar nossos compromissos, como o pagamento do 13\u00ba sal\u00e1rio. Se o lema da S\u00e3o Jo\u00e3o \u00e9 cuidar da sa\u00fade, o nosso \u00e9 deixar uma marca de amor, e hoje essas duas miss\u00f5es se uniram\u201d, agradeceu.<\/p>\n<p>Al\u00e9m do prefeito Rodolfo Mota, prestigiaram a cerim\u00f4nia de inaugura\u00e7\u00e3o o vice-prefeito Marcos da Vila Reis; a secret\u00e1ria municipal da Mulher e Assuntos da Fam\u00edlia e primeira-dama do munic\u00edpio, Karine Mota; o secret\u00e1rio municipal de Ind\u00fastria, Com\u00e9rcio e Servi\u00e7os, Neno Leyroz; o secret\u00e1rio municipal Chefe de Gabinete e Rela\u00e7\u00f5es Institucionais, Maykon Willian Silva Tavares, al\u00e9m de vereadores, l\u00edderes comunit\u00e1rios, colaboradores e moradores da regi\u00e3o.<\/p>\n","protected":false},"excerpt":{"rendered":"<p>A Rede de Farm&aacute;cias S&atilde;o Jo&atilde;o inaugurou, na manh&atilde; desta quinta-feira (3\/9), sua mais nova unidade em Apucarana. Localizada em um ponto estrat&eacute;gico do munic&iacute;pio &mdash; na Avenida Curitiba, esquina com a Rua Cl&oacute;vis da Fonseca &mdash;, a loja representa a consolida&ccedil;&atilde;o dos investimentos da empresa na cidade. Como gesto de responsabilidade social e compromisso [&hellip;]<\/p>\n","protected":false},"author":8,"featured_media":130996,"comment_status":"closed","ping_status":"closed","sticky":false,"template":"","format":"standard","meta":{"footnotes":""},"categories":[24],"tags":[],"class_list":["post-130994","post","type-post","status-publish","format-standard","has-post-thumbnail","hentry","category-noticias"],"acf":[],"_links":{"self":[{"href":"http:\/\/www.apucarana.pr.gov.br\/site\/wp-json\/wp\/v2\/posts\/130994","targetHints":{"allow":["GET"]}}],"collection":[{"href":"http:\/\/www.apucarana.pr.gov.br\/site\/wp-json\/wp\/v2\/posts"}],"about":[{"href":"http:\/\/www.apucarana.pr.gov.br\/site\/wp-json\/wp\/v2\/types\/post"}],"author":[{"embeddable":true,"href":"http:\/\/www.apucarana.pr.gov.br\/site\/wp-json\/wp\/v2\/users\/8"}],"replies":[{"embeddable":true,"href":"http:\/\/www.apucarana.pr.gov.br\/site\/wp-json\/wp\/v2\/comments?post=130994"}],"version-history":[{"count":1,"href":"http:\/\/www.apucarana.pr.gov.br\/site\/wp-json\/wp\/v2\/posts\/130994\/revisions"}],"predecessor-version":[{"id":131004,"href":"http:\/\/www.apucarana.pr.gov.br\/site\/wp-json\/wp\/v2\/posts\/130994\/revisions\/131004"}],"wp:featuredmedia":[{"embeddable":true,"href":"http:\/\/www.apucarana.pr.gov.br\/site\/wp-json\/wp\/v2\/media\/130996"}],"wp:attachment":[{"href":"http:\/\/www.apucarana.pr.gov.br\/site\/wp-json\/wp\/v2\/media?parent=130994"}],"wp:term":[{"taxonomy":"category","embeddable":true,"href":"http:\/\/www.apucarana.pr.gov.br\/site\/wp-json\/wp\/v2\/categories?post=130994"},{"taxonomy":"post_tag","embeddable":true,"href":"http:\/\/www.apucarana.pr.gov.br\/site\/wp-json\/wp\/v2\/tags?post=130994"}],"curies":[{"name":"wp","href":"https:\/\/api.w.org\/{rel}","templated":true}]}}