{"id":130988,"date":"2026-09-03T12:23:36","date_gmt":"2026-09-03T15:23:36","guid":{"rendered":"https:\/\/www.apucarana.pr.gov.br\/site\/?p=130988"},"modified":"2026-09-03T12:23:36","modified_gmt":"2026-09-03T15:23:36","slug":"apucarana-100-led-bairros-ganham-mais-claridade-seguranca-e-espacos-publicos-mais-acolhedores","status":"publish","type":"post","link":"http:\/\/www.apucarana.pr.gov.br\/site\/apucarana-100-led-bairros-ganham-mais-claridade-seguranca-e-espacos-publicos-mais-acolhedores\/","title":{"rendered":"APUCARANA 100% LED: bairros ganham mais claridade, seguran\u00e7a e espa\u00e7os p\u00fablicos mais acolhedores"},"content":{"rendered":"\n\t\t<!-- MasterSlider -->\n\t\t<div id=\"P_MS6a99b234ab40e\" class=\"master-slider-parent master-slider-gallery   ms-parent-id-0\" style=\"\" >\n\n\t\t\t\n\t\t\t<!-- MasterSlider Main -->\n\t\t\t<div id=\"MS6a99b234ab40e\" class=\"master-slider ms-skin-default\" >\n\t\t\t\t \t\t\t\t \n\t\t\t<div  class=\"ms-slide\" data-delay=\"3\"    >\n\t\t\t\t\t<img decoding=\"async\" src=\"http:\/\/www.apucarana.pr.gov.br\/site\/wp-content\/plugins\/masterslider\/public\/assets\/css\/blank.gif\" alt=\"default\" title=\"default\" data-src=\"http:\/\/www.apucarana.pr.gov.br\/site\/wp-content\/uploads\/2026\/09\/DJI_20260820183721_0266_D.JPG-1024x576.jpeg\" \/>\n\t<a href=\"http:\/\/www.apucarana.pr.gov.br\/site\/wp-content\/uploads\/2026\/09\/DJI_20260820183721_0266_D.JPG-1024x576.jpeg\" target=\"_self\"    >default<\/a>\n\n\n\t<img decoding=\"async\" class=\"ms-thumb\" src=\"http:\/\/www.apucarana.pr.gov.br\/site\/wp-content\/uploads\/2026\/09\/DJI_20260820183721_0266_D.JPG-1024x576-140x80.jpeg\" alt=\"default\" \/>\n\t\t\t\t<\/div>\n\t\t\t<div  class=\"ms-slide\" data-delay=\"3\"    >\n\t\t\t\t\t<img decoding=\"async\" src=\"http:\/\/www.apucarana.pr.gov.br\/site\/wp-content\/plugins\/masterslider\/public\/assets\/css\/blank.gif\" alt=\"default\" title=\"default\" data-src=\"http:\/\/www.apucarana.pr.gov.br\/site\/wp-content\/uploads\/2026\/09\/DJI_20260820183504_0261_D.JPG-1024x576.jpeg\" \/>\n\t<a href=\"http:\/\/www.apucarana.pr.gov.br\/site\/wp-content\/uploads\/2026\/09\/DJI_20260820183504_0261_D.JPG-1024x576.jpeg\" target=\"_self\"    >default<\/a>\n\n\n\t<img decoding=\"async\" class=\"ms-thumb\" src=\"http:\/\/www.apucarana.pr.gov.br\/site\/wp-content\/uploads\/2026\/09\/DJI_20260820183504_0261_D.JPG-1024x576-140x80.jpeg\" alt=\"default\" \/>\n\t\t\t\t<\/div>\n\t\t\t<div  class=\"ms-slide\" data-delay=\"3\"    >\n\t\t\t\t\t<img decoding=\"async\" src=\"http:\/\/www.apucarana.pr.gov.br\/site\/wp-content\/plugins\/masterslider\/public\/assets\/css\/blank.gif\" alt=\"default\" title=\"default\" data-src=\"http:\/\/www.apucarana.pr.gov.br\/site\/wp-content\/uploads\/2026\/09\/DJI_20260830204405_0315_D.JPG-3-1024x576.jpeg\" \/>\n\t<a href=\"http:\/\/www.apucarana.pr.gov.br\/site\/wp-content\/uploads\/2026\/09\/DJI_20260830204405_0315_D.JPG-3-1024x576.jpeg\" target=\"_self\"    >default<\/a>\n\n\n\t<img decoding=\"async\" class=\"ms-thumb\" src=\"http:\/\/www.apucarana.pr.gov.br\/site\/wp-content\/uploads\/2026\/09\/DJI_20260830204405_0315_D.JPG-3-1024x576-140x80.jpeg\" alt=\"default\" \/>\n\t\t\t\t<\/div>\n\t\t\t<div  class=\"ms-slide\" data-delay=\"3\"    >\n\t\t\t\t\t<img decoding=\"async\" src=\"http:\/\/www.apucarana.pr.gov.br\/site\/wp-content\/plugins\/masterslider\/public\/assets\/css\/blank.gif\" alt=\"default\" title=\"default\" data-src=\"http:\/\/www.apucarana.pr.gov.br\/site\/wp-content\/uploads\/2026\/09\/DJI_20260830204307_0312_D.JPG-1-1024x576.jpeg\" \/>\n\t<a href=\"http:\/\/www.apucarana.pr.gov.br\/site\/wp-content\/uploads\/2026\/09\/DJI_20260830204307_0312_D.JPG-1-1024x576.jpeg\" target=\"_self\"    >default<\/a>\n\n\n\t<img decoding=\"async\" class=\"ms-thumb\" src=\"http:\/\/www.apucarana.pr.gov.br\/site\/wp-content\/uploads\/2026\/09\/DJI_20260830204307_0312_D.JPG-1-1024x576-140x80.jpeg\" alt=\"default\" \/>\n\t\t\t\t<\/div>\n\n\t\t\t<\/div>\n\t\t\t<!-- END MasterSlider Main -->\n\n\t\t\t \n\t\t<\/div>\n\t\t<!-- END MasterSlider -->\n\n\t\t<script>\n\t\t( window.MSReady = window.MSReady || [] ).push( function( $ ) {\n\n\t\t\t\"use strict\";\n\t\t\tvar masterslider_b40e = new MasterSlider();\n\n\t\t\t\/\/ slider controls\n\t\t\tmasterslider_b40e.control('arrows'     ,{ autohide:true, overVideo:true  });\n\t\t\tmasterslider_b40e.control('thumblist'  ,{ autohide:false, overVideo:true, dir:'h', speed:17, inset:false, arrows:false, hover:false, customClass:'', align:'bottom',type:'thumbs', margin:2, width:140, height:80, space:2, fillMode:'fill'  });\n\t\t\t\/\/ slider setup\n\t\t\tmasterslider_b40e.setup(\"MS6a99b234ab40e\", {\n\t\t\t\twidth           : 960,\n\t\t\t\theight          : 540,\n\t\t\t\tminHeight       : 0,\n\t\t\t\tspace           : 0,\n\t\t\t\tstart           : 1,\n\t\t\t\tgrabCursor      : true,\n\t\t\t\tswipe           : true,\n\t\t\t\tmouse           : true,\n\t\t\t\tkeyboard        : false,\n\t\t\t\tlayout          : \"fillwidth\",\n\t\t\t\twheel           : false,\n\t\t\t\tautoplay        : true,\n                instantStartLayers:false,\n\t\t\t\tmobileBGVideo:false,\n\t\t\t\tloop            : true,\n\t\t\t\tshuffle         : false,\n\t\t\t\tpreload         : 3,\n\t\t\t\theightLimit     : false,\n\t\t\t\tautoHeight      : false,\n\t\t\t\tsmoothHeight    : true,\n\t\t\t\tendPause        : false,\n\t\t\t\toverPause       : false,\n\t\t\t\tfillMode        : \"fill\",\n\t\t\t\tcenterControls  : true,\n\t\t\t\tstartOnAppear   : false,\n\t\t\t\tlayersMode      : \"center\",\n\t\t\t\tautofillTarget  : \"\",\n\t\t\t\thideLayers      : false,\n\t\t\t\tfullscreenMargin: 0,\n\t\t\t\tspeed           : 17,\n\t\t\t\tdir             : \"h\",\n\t\t\t\tresponsive      : true,\n\t\t\t\ttabletWidth     : 768,\n\t\t\t\ttabletHeight    : null,\n\t\t\t\tphoneWidth      : 480,\n\t\t\t\tphoneHeight    : null,\n\t\t\t\tsizingReference : window,\n\t\t\t\tparallaxMode    : 'swipe',\n\t\t\t\tview            : \"basic\"\n\t\t\t});\n\n\t\t\t\n\t\t\twindow.masterslider_instances = window.masterslider_instances || [];\n\t\t\twindow.masterslider_instances.push( masterslider_b40e );\n\t\t});\n\t\t<\/script>\n\n\n<p>Quem circula pelos bairros de Apucarana durante a noite percebe uma grande transforma\u00e7\u00e3o na ilumina\u00e7\u00e3o p\u00fablica. Com o avan\u00e7o do Programa Apucarana 100% LED, ruas e avenidas ganharam luz branca e uniforme, proporcionando mais seguran\u00e7a para moradores, melhor visibilidade para motoristas e incentivando o uso dos espa\u00e7os p\u00fablicos para a conviv\u00eancia comunit\u00e1ria. O servi\u00e7o j\u00e1 chegou a 12 regi\u00f5es de Apucarana e prossegue em ritmo acelerado.<\/p>\n<p>O prefeito Rodolfo Mota afirma que o principal ganho percebido pela popula\u00e7\u00e3o \u00e9 a sensa\u00e7\u00e3o de seguran\u00e7a. \u201cA lumin\u00e1ria LED elimina pontos escuros em cal\u00e7adas e esquinas, facilitando a identifica\u00e7\u00e3o de pessoas, ve\u00edculos e obst\u00e1culos, al\u00e9m de contribuir para a preven\u00e7\u00e3o de acidentes e da criminalidade\u201d, frisou.<\/p>\n<p>Rodolfo Mota destaca ainda que a nova ilumina\u00e7\u00e3o incentiva a ocupa\u00e7\u00e3o dos espa\u00e7os p\u00fablicos no per\u00edodo noturno. \u201cOs moradores podem utilizar com mais tranquilidade ruas, pra\u00e7as e cal\u00e7adas para caminhadas, atividades f\u00edsicas e momentos de conviv\u00eancia entre vizinhos, fortalecendo a vida comunit\u00e1ria nos bairros atendidos\u201d, avaliou.<\/p>\n<p>O prefeito acrescenta que o programa tamb\u00e9m representa ganhos para a gest\u00e3o p\u00fablica. As lumin\u00e1rias em LED consomem menos energia el\u00e9trica, apresentam vida \u00fatil muito superior \u00e0s antigas l\u00e2mpadas e exigem menos manuten\u00e7\u00e3o.<\/p>\n<p>O engenheiro eletricista e diretor-presidente do Idepplan, Nilton Fornaciari J\u00fanior, explica que nas regi\u00f5es atendidas por l\u00e2mpadas de vapor de s\u00f3dio predominava a ilumina\u00e7\u00e3o alaranjada, que possui baixo \u00cdndice de Reprodu\u00e7\u00e3o de Cor (IRC), dificultando a identifica\u00e7\u00e3o e produzindo sombras mais intensas.<\/p>\n<p>Segundo Nilton Fornaciari J\u00fanior, nas \u00e1reas j\u00e1 modernizadas, a luz branca do LED oferece maior fidelidade das cores, melhora a percep\u00e7\u00e3o de profundidade e amplia o campo de vis\u00e3o de motoristas e pedestres. \u201cAl\u00e9m disso, as lumin\u00e1rias direcionam o fluxo luminoso com maior efici\u00eancia para a via, reduzindo a dispers\u00e3o da luz para o c\u00e9u e diminuindo as zonas de penumbra\u201d, observou.<\/p>\n<p>O engenheiro eletricista Bruno Augusto dos Santos, da MS Ilumina\u00e7\u00e3o e Eletricidade Ltda., empresa respons\u00e1vel pelos servi\u00e7os, informa que as equipes seguem trabalhando em diferentes regi\u00f5es da cidade. No N\u00facleo Habitacional Afonso de Camargo, aproximadamente 40% da substitui\u00e7\u00e3o das lumin\u00e1rias j\u00e1 foi executada. No Jardim Ponta Grossa, os trabalhos alcan\u00e7am cerca de 20% de conclus\u00e3o.<\/p>\n<p>Bruno Augusto dos Santos acrescenta que a Rua Osvaldo Cruz tamb\u00e9m est\u00e1 recebendo a moderniza\u00e7\u00e3o da ilumina\u00e7\u00e3o vi\u00e1ria. Dos 56 pontos previstos, 49 j\u00e1 foram conclu\u00eddos. Ap\u00f3s essas frentes de trabalho, o pr\u00f3ximo bairro a receber o Programa Apucarana 100% LED ser\u00e1 o Jardim Veneza.<\/p>\n<p>&nbsp;<\/p>\n<h3><strong>BAIRROS E VIAS CONTEMPLADOS PELO PROGRAMA <\/strong><\/h3>\n<h3><strong>APUCARANA 100% LED AT\u00c9 O MOMENTO<\/strong><\/h3>\n<p data-pm-slice=\"1 1 []\">\u2705 Sanches dos Santos<br \/>\n\u2705 Dom Romeu Alberti<br \/>\n\u2705 N\u00facleo das Ind\u00fastrias<br \/>\n\u2705 Solo Sagrado<br \/>\n\u2705 Michel Soni<br \/>\n\u2705 Residencial Arauc\u00e1ria<br \/>\n\u2705 Residencial It\u00e1lia<\/p>\n<p>\u2705 Avenida Pinho Arauc\u00e1ria<\/p>\n<p>\u2705 Residencial Monte Si\u00e3o<\/p>\n<p>\u2705 N\u00facleo Habitacional Afonso Alves de Camargo (em execu\u00e7\u00e3o)<\/p>\n<p>\u2705 Jardim Ponta Grossa (em execu\u00e7\u00e3o<\/p>\n<p>\u2705 Rua Osvaldo Cruz (em execu\u00e7\u00e3o)<\/p>\n<p>\ud83d\udca1<strong> O programa prev\u00ea a substitui\u00e7\u00e3o de 9.120 lumin\u00e1rias, garantindo cobertura integral com ilumina\u00e7\u00e3o em LED nas ruas, avenidas e bairros do munic\u00edpio.<\/strong><\/p>\n","protected":false},"excerpt":{"rendered":"<p>Quem circula pelos bairros de Apucarana durante a noite percebe uma grande transforma&ccedil;&atilde;o na ilumina&ccedil;&atilde;o p&uacute;blica. Com o avan&ccedil;o do Programa Apucarana 100% LED, ruas e avenidas ganharam luz branca e uniforme, proporcionando mais seguran&ccedil;a para moradores, melhor visibilidade para motoristas e incentivando o uso dos espa&ccedil;os p&uacute;blicos para a conviv&ecirc;ncia comunit&aacute;ria. O servi&ccedil;o j&aacute; [&hellip;]<\/p>\n","protected":false},"author":6,"featured_media":130989,"comment_status":"closed","ping_status":"closed","sticky":false,"template":"","format":"standard","meta":{"footnotes":""},"categories":[203],"tags":[],"class_list":["post-130988","post","type-post","status-publish","format-standard","has-post-thumbnail","hentry","category-destaque"],"acf":[],"_links":{"self":[{"href":"http:\/\/www.apucarana.pr.gov.br\/site\/wp-json\/wp\/v2\/posts\/130988","targetHints":{"allow":["GET"]}}],"collection":[{"href":"http:\/\/www.apucarana.pr.gov.br\/site\/wp-json\/wp\/v2\/posts"}],"about":[{"href":"http:\/\/www.apucarana.pr.gov.br\/site\/wp-json\/wp\/v2\/types\/post"}],"author":[{"embeddable":true,"href":"http:\/\/www.apucarana.pr.gov.br\/site\/wp-json\/wp\/v2\/users\/6"}],"replies":[{"embeddable":true,"href":"http:\/\/www.apucarana.pr.gov.br\/site\/wp-json\/wp\/v2\/comments?post=130988"}],"version-history":[{"count":1,"href":"http:\/\/www.apucarana.pr.gov.br\/site\/wp-json\/wp\/v2\/posts\/130988\/revisions"}],"predecessor-version":[{"id":130993,"href":"http:\/\/www.apucarana.pr.gov.br\/site\/wp-json\/wp\/v2\/posts\/130988\/revisions\/130993"}],"wp:featuredmedia":[{"embeddable":true,"href":"http:\/\/www.apucarana.pr.gov.br\/site\/wp-json\/wp\/v2\/media\/130989"}],"wp:attachment":[{"href":"http:\/\/www.apucarana.pr.gov.br\/site\/wp-json\/wp\/v2\/media?parent=130988"}],"wp:term":[{"taxonomy":"category","embeddable":true,"href":"http:\/\/www.apucarana.pr.gov.br\/site\/wp-json\/wp\/v2\/categories?post=130988"},{"taxonomy":"post_tag","embeddable":true,"href":"http:\/\/www.apucarana.pr.gov.br\/site\/wp-json\/wp\/v2\/tags?post=130988"}],"curies":[{"name":"wp","href":"https:\/\/api.w.org\/{rel}","templated":true}]}}