{"id":130922,"date":"2026-09-01T17:34:55","date_gmt":"2026-09-01T20:34:55","guid":{"rendered":"https:\/\/www.apucarana.pr.gov.br\/site\/?p=130922"},"modified":"2026-09-01T17:34:55","modified_gmt":"2026-09-01T20:34:55","slug":"caps-ad-orienta-familias-sobre-como-ajudar-no-tratamento-sem-assumir-sozinhas-o-problema","status":"publish","type":"post","link":"http:\/\/www.apucarana.pr.gov.br\/site\/caps-ad-orienta-familias-sobre-como-ajudar-no-tratamento-sem-assumir-sozinhas-o-problema\/","title":{"rendered":"CAPS AD orienta fam\u00edlias sobre como ajudar no tratamento sem assumir sozinhas o problema"},"content":{"rendered":"\n\t\t<!-- MasterSlider -->\n\t\t<div id=\"P_MS6a97495d33975\" class=\"master-slider-parent master-slider-gallery   ms-parent-id-0\" style=\"\" >\n\n\t\t\t\n\t\t\t<!-- MasterSlider Main -->\n\t\t\t<div id=\"MS6a97495d33975\" class=\"master-slider ms-skin-default\" >\n\t\t\t\t \t\t\t\t \n\t\t\t<div  class=\"ms-slide\" data-delay=\"3\"    >\n\t\t\t\t\t<img decoding=\"async\" src=\"http:\/\/www.apucarana.pr.gov.br\/site\/wp-content\/plugins\/masterslider\/public\/assets\/css\/blank.gif\" alt=\"WhatsApp Image 2026-09-01 at 17.26.39\" title=\"WhatsApp Image 2026-09-01 at 17.26.39\" data-src=\"http:\/\/www.apucarana.pr.gov.br\/site\/wp-content\/uploads\/2026\/09\/WhatsApp-Image-2026-09-01-at-17.26.39-819x1024.jpeg\" \/>\n\t<a href=\"http:\/\/www.apucarana.pr.gov.br\/site\/wp-content\/uploads\/2026\/09\/WhatsApp-Image-2026-09-01-at-17.26.39-819x1024.jpeg\" target=\"_self\"    >WhatsApp Image 2026-09-01 at 17.26.39<\/a>\n\n\n\t<img decoding=\"async\" class=\"ms-thumb\" src=\"http:\/\/www.apucarana.pr.gov.br\/site\/wp-content\/uploads\/2026\/09\/WhatsApp-Image-2026-09-01-at-17.26.39-819x1024-140x80.jpeg\" alt=\"WhatsApp Image 2026-09-01 at 17.26.39\" \/>\n\t\t\t\t<\/div>\n\n\t\t\t<\/div>\n\t\t\t<!-- END MasterSlider Main -->\n\n\t\t\t \n\t\t<\/div>\n\t\t<!-- END MasterSlider -->\n\n\t\t<script>\n\t\t( window.MSReady = window.MSReady || [] ).push( function( $ ) {\n\n\t\t\t\"use strict\";\n\t\t\tvar masterslider_3975 = new MasterSlider();\n\n\t\t\t\/\/ slider controls\n\t\t\tmasterslider_3975.control('arrows'     ,{ autohide:true, overVideo:true  });\n\t\t\tmasterslider_3975.control('thumblist'  ,{ autohide:false, overVideo:true, dir:'h', speed:17, inset:false, arrows:false, hover:false, customClass:'', align:'bottom',type:'thumbs', margin:2, width:140, height:80, space:2, fillMode:'fill'  });\n\t\t\t\/\/ slider setup\n\t\t\tmasterslider_3975.setup(\"MS6a97495d33975\", {\n\t\t\t\twidth           : 960,\n\t\t\t\theight          : 540,\n\t\t\t\tminHeight       : 0,\n\t\t\t\tspace           : 0,\n\t\t\t\tstart           : 1,\n\t\t\t\tgrabCursor      : true,\n\t\t\t\tswipe           : true,\n\t\t\t\tmouse           : true,\n\t\t\t\tkeyboard        : false,\n\t\t\t\tlayout          : \"fillwidth\",\n\t\t\t\twheel           : false,\n\t\t\t\tautoplay        : true,\n                instantStartLayers:false,\n\t\t\t\tmobileBGVideo:false,\n\t\t\t\tloop            : true,\n\t\t\t\tshuffle         : false,\n\t\t\t\tpreload         : 3,\n\t\t\t\theightLimit     : false,\n\t\t\t\tautoHeight      : false,\n\t\t\t\tsmoothHeight    : true,\n\t\t\t\tendPause        : false,\n\t\t\t\toverPause       : false,\n\t\t\t\tfillMode        : \"fill\",\n\t\t\t\tcenterControls  : true,\n\t\t\t\tstartOnAppear   : false,\n\t\t\t\tlayersMode      : \"center\",\n\t\t\t\tautofillTarget  : \"\",\n\t\t\t\thideLayers      : false,\n\t\t\t\tfullscreenMargin: 0,\n\t\t\t\tspeed           : 17,\n\t\t\t\tdir             : \"h\",\n\t\t\t\tresponsive      : true,\n\t\t\t\ttabletWidth     : 768,\n\t\t\t\ttabletHeight    : null,\n\t\t\t\tphoneWidth      : 480,\n\t\t\t\tphoneHeight    : null,\n\t\t\t\tsizingReference : window,\n\t\t\t\tparallaxMode    : 'swipe',\n\t\t\t\tview            : \"basic\"\n\t\t\t});\n\n\t\t\t\n\t\t\twindow.masterslider_instances = window.masterslider_instances || [];\n\t\t\twindow.masterslider_instances.push( masterslider_3975 );\n\t\t});\n\t\t<\/script>\n\n\n<p>O Centro de Aten\u00e7\u00e3o Psicossocial \u00c1lcool e outras Drogas (CAPS AD) de Apucarana realiza nesta quinta-feira (03\/09), \u00e0s 14 horas, um encontro do Grupo de Fam\u00edlias e Rede de Apoio para orientar familiares que convivem com problemas relacionados ao uso de \u00e1lcool e outras drogas. A atividade \u00e9 voltada principalmente a familiares de pessoas atendidas pelo servi\u00e7o, mas quem tiver um familiar nessa situa\u00e7\u00e3o e ainda n\u00e3o esteja em acompanhamento, tamb\u00e9m poder\u00e1 participar. O tema do encontro ser\u00e1 \u201cUso de \u00e1lcool e outras drogas e a codepend\u00eancia das fam\u00edlias\u201d.<\/p>\n<p>A coordenadora do CAPS AD, Jackeline Louren\u00e7o Aristides, explica que os encontros est\u00e3o sendo retomados em um novo formato, no per\u00edodo da tarde, para facilitar a participa\u00e7\u00e3o dos familiares. \u201cO envolvimento dos familiares \u00e9 fundamental, pois o cuidado depende da integra\u00e7\u00e3o entre o servi\u00e7o de sa\u00fade, o usu\u00e1rio e a rede de apoio\u201d, afirma.<\/p>\n<p>Al\u00e9m de receber orienta\u00e7\u00f5es, os participantes ter\u00e3o espa\u00e7o para escuta e troca de experi\u00eancias sobre situa\u00e7\u00f5es que fazem parte da rotina de muitas fam\u00edlias. Segundo Jackeline, \u00e9 comum que parentes tenham d\u00favidas sobre como agir, at\u00e9 onde ajudar e como estabelecer limites diante do uso de \u00e1lcool e outras drogas.<\/p>\n<p>Um dos assuntos abordados ser\u00e1 a codepend\u00eancia familiar, que pode ocorrer quando familiares passam a organizar a pr\u00f3pria vida em fun\u00e7\u00e3o da pessoa que enfrenta a depend\u00eancia e deixam de cuidar de si mesmos. Isso pode aparecer no excesso de prote\u00e7\u00e3o, na tentativa constante de controlar a situa\u00e7\u00e3o, na assun\u00e7\u00e3o de responsabilidades que caberiam ao usu\u00e1rio e at\u00e9 na tentativa de esconder ou minimizar os problemas provocados pelo uso de \u00e1lcool e outras drogas.<\/p>\n<p>A proposta do CAPS AD \u00e9 ajudar as fam\u00edlias a encontrarem uma forma mais equilibrada de oferecer apoio, com acolhimento, orienta\u00e7\u00e3o e limites. O encontro ser\u00e1 realizado na sede do CAPS AD, na Rua Jamil Soni, 174, no bairro 28 de Janeiro. A participa\u00e7\u00e3o tamb\u00e9m pode ser uma oportunidade para fam\u00edlias que ainda n\u00e3o procuraram o servi\u00e7o receberem orienta\u00e7\u00e3o sobre os caminhos de cuidado dispon\u00edveis na rede de sa\u00fade.<\/p>\n","protected":false},"excerpt":{"rendered":"<p>O Centro de Aten&ccedil;&atilde;o Psicossocial &Aacute;lcool e outras Drogas (CAPS AD) de Apucarana realiza nesta quinta-feira (03\/09), &agrave;s 14 horas, um encontro do Grupo de Fam&iacute;lias e Rede de Apoio para orientar familiares que convivem com problemas relacionados ao uso de &aacute;lcool e outras drogas. A atividade &eacute; voltada principalmente a familiares de pessoas atendidas [&hellip;]<\/p>\n","protected":false},"author":7,"featured_media":130923,"comment_status":"closed","ping_status":"closed","sticky":false,"template":"","format":"standard","meta":{"footnotes":""},"categories":[24],"tags":[],"class_list":["post-130922","post","type-post","status-publish","format-standard","has-post-thumbnail","hentry","category-noticias"],"acf":[],"_links":{"self":[{"href":"http:\/\/www.apucarana.pr.gov.br\/site\/wp-json\/wp\/v2\/posts\/130922","targetHints":{"allow":["GET"]}}],"collection":[{"href":"http:\/\/www.apucarana.pr.gov.br\/site\/wp-json\/wp\/v2\/posts"}],"about":[{"href":"http:\/\/www.apucarana.pr.gov.br\/site\/wp-json\/wp\/v2\/types\/post"}],"author":[{"embeddable":true,"href":"http:\/\/www.apucarana.pr.gov.br\/site\/wp-json\/wp\/v2\/users\/7"}],"replies":[{"embeddable":true,"href":"http:\/\/www.apucarana.pr.gov.br\/site\/wp-json\/wp\/v2\/comments?post=130922"}],"version-history":[{"count":1,"href":"http:\/\/www.apucarana.pr.gov.br\/site\/wp-json\/wp\/v2\/posts\/130922\/revisions"}],"predecessor-version":[{"id":130924,"href":"http:\/\/www.apucarana.pr.gov.br\/site\/wp-json\/wp\/v2\/posts\/130922\/revisions\/130924"}],"wp:featuredmedia":[{"embeddable":true,"href":"http:\/\/www.apucarana.pr.gov.br\/site\/wp-json\/wp\/v2\/media\/130923"}],"wp:attachment":[{"href":"http:\/\/www.apucarana.pr.gov.br\/site\/wp-json\/wp\/v2\/media?parent=130922"}],"wp:term":[{"taxonomy":"category","embeddable":true,"href":"http:\/\/www.apucarana.pr.gov.br\/site\/wp-json\/wp\/v2\/categories?post=130922"},{"taxonomy":"post_tag","embeddable":true,"href":"http:\/\/www.apucarana.pr.gov.br\/site\/wp-json\/wp\/v2\/tags?post=130922"}],"curies":[{"name":"wp","href":"https:\/\/api.w.org\/{rel}","templated":true}]}}