{"id":130892,"date":"2026-09-01T17:16:23","date_gmt":"2026-09-01T20:16:23","guid":{"rendered":"https:\/\/www.apucarana.pr.gov.br\/site\/?p=130892"},"modified":"2026-09-01T17:16:23","modified_gmt":"2026-09-01T20:16:23","slug":"apucarana-inicia-semana-da-patria-com-ato-civico-na-praca-rui-barbosa","status":"publish","type":"post","link":"http:\/\/www.apucarana.pr.gov.br\/site\/apucarana-inicia-semana-da-patria-com-ato-civico-na-praca-rui-barbosa\/","title":{"rendered":"Apucarana inicia Semana da P\u00e1tria com ato c\u00edvico na Pra\u00e7a Rui Barbosa"},"content":{"rendered":"\n\t\t<!-- MasterSlider -->\n\t\t<div id=\"P_MS6a9749b5bc56d\" class=\"master-slider-parent master-slider-gallery   ms-parent-id-0\" style=\"\" >\n\n\t\t\t\n\t\t\t<!-- MasterSlider Main -->\n\t\t\t<div id=\"MS6a9749b5bc56d\" class=\"master-slider ms-skin-default\" >\n\t\t\t\t \t\t\t\t \n\t\t\t<div  class=\"ms-slide\" data-delay=\"3\"    >\n\t\t\t\t\t<img decoding=\"async\" src=\"http:\/\/www.apucarana.pr.gov.br\/site\/wp-content\/plugins\/masterslider\/public\/assets\/css\/blank.gif\" alt=\"2026-09-01_abertura_semana_patria_-1\" title=\"2026-09-01_abertura_semana_patria_-1\" data-src=\"http:\/\/www.apucarana.pr.gov.br\/site\/wp-content\/uploads\/2026\/09\/2026-09-01_abertura_semana_patria_-1-1024x683.jpg\" \/>\n\t<a href=\"http:\/\/www.apucarana.pr.gov.br\/site\/wp-content\/uploads\/2026\/09\/2026-09-01_abertura_semana_patria_-1-1024x683.jpg\" target=\"_self\"    >2026-09-01_abertura_semana_patria_-1<\/a>\n\n\n\t<img decoding=\"async\" class=\"ms-thumb\" src=\"http:\/\/www.apucarana.pr.gov.br\/site\/wp-content\/uploads\/2026\/09\/2026-09-01_abertura_semana_patria_-1-1024x683-140x80.jpg\" alt=\"2026-09-01_abertura_semana_patria_-1\" \/>\n\t\t\t\t<\/div>\n\t\t\t<div  class=\"ms-slide\" data-delay=\"3\"    >\n\t\t\t\t\t<img decoding=\"async\" src=\"http:\/\/www.apucarana.pr.gov.br\/site\/wp-content\/plugins\/masterslider\/public\/assets\/css\/blank.gif\" alt=\"2026-09-01_abertura_semana_patria_-2\" title=\"2026-09-01_abertura_semana_patria_-2\" data-src=\"http:\/\/www.apucarana.pr.gov.br\/site\/wp-content\/uploads\/2026\/09\/2026-09-01_abertura_semana_patria_-2-1024x683.jpg\" \/>\n\t<a href=\"http:\/\/www.apucarana.pr.gov.br\/site\/wp-content\/uploads\/2026\/09\/2026-09-01_abertura_semana_patria_-2-1024x683.jpg\" target=\"_self\"    >2026-09-01_abertura_semana_patria_-2<\/a>\n\n\n\t<img decoding=\"async\" class=\"ms-thumb\" src=\"http:\/\/www.apucarana.pr.gov.br\/site\/wp-content\/uploads\/2026\/09\/2026-09-01_abertura_semana_patria_-2-1024x683-140x80.jpg\" alt=\"2026-09-01_abertura_semana_patria_-2\" \/>\n\t\t\t\t<\/div>\n\t\t\t<div  class=\"ms-slide\" data-delay=\"3\"    >\n\t\t\t\t\t<img decoding=\"async\" src=\"http:\/\/www.apucarana.pr.gov.br\/site\/wp-content\/plugins\/masterslider\/public\/assets\/css\/blank.gif\" alt=\"2026-09-01_abertura_semana_patria_-3\" title=\"2026-09-01_abertura_semana_patria_-3\" data-src=\"http:\/\/www.apucarana.pr.gov.br\/site\/wp-content\/uploads\/2026\/09\/2026-09-01_abertura_semana_patria_-3-1024x683.jpg\" \/>\n\t<a href=\"http:\/\/www.apucarana.pr.gov.br\/site\/wp-content\/uploads\/2026\/09\/2026-09-01_abertura_semana_patria_-3-1024x683.jpg\" target=\"_self\"    >2026-09-01_abertura_semana_patria_-3<\/a>\n\n\n\t<img decoding=\"async\" class=\"ms-thumb\" src=\"http:\/\/www.apucarana.pr.gov.br\/site\/wp-content\/uploads\/2026\/09\/2026-09-01_abertura_semana_patria_-3-1024x683-140x80.jpg\" alt=\"2026-09-01_abertura_semana_patria_-3\" \/>\n\t\t\t\t<\/div>\n\t\t\t<div  class=\"ms-slide\" data-delay=\"3\"    >\n\t\t\t\t\t<img decoding=\"async\" src=\"http:\/\/www.apucarana.pr.gov.br\/site\/wp-content\/plugins\/masterslider\/public\/assets\/css\/blank.gif\" alt=\"2026-09-01_abertura_semana_patria_-4\" title=\"2026-09-01_abertura_semana_patria_-4\" data-src=\"http:\/\/www.apucarana.pr.gov.br\/site\/wp-content\/uploads\/2026\/09\/2026-09-01_abertura_semana_patria_-4-1024x683.jpg\" \/>\n\t<a href=\"http:\/\/www.apucarana.pr.gov.br\/site\/wp-content\/uploads\/2026\/09\/2026-09-01_abertura_semana_patria_-4-1024x683.jpg\" target=\"_self\"    >2026-09-01_abertura_semana_patria_-4<\/a>\n\n\n\t<img decoding=\"async\" class=\"ms-thumb\" src=\"http:\/\/www.apucarana.pr.gov.br\/site\/wp-content\/uploads\/2026\/09\/2026-09-01_abertura_semana_patria_-4-1024x683-140x80.jpg\" alt=\"2026-09-01_abertura_semana_patria_-4\" \/>\n\t\t\t\t<\/div>\n\t\t\t<div  class=\"ms-slide\" data-delay=\"3\"    >\n\t\t\t\t\t<img decoding=\"async\" src=\"http:\/\/www.apucarana.pr.gov.br\/site\/wp-content\/plugins\/masterslider\/public\/assets\/css\/blank.gif\" alt=\"2026-09-01_abertura_semana_patria_-5\" title=\"2026-09-01_abertura_semana_patria_-5\" data-src=\"http:\/\/www.apucarana.pr.gov.br\/site\/wp-content\/uploads\/2026\/09\/2026-09-01_abertura_semana_patria_-5-1024x683.jpg\" \/>\n\t<a href=\"http:\/\/www.apucarana.pr.gov.br\/site\/wp-content\/uploads\/2026\/09\/2026-09-01_abertura_semana_patria_-5-1024x683.jpg\" target=\"_self\"    >2026-09-01_abertura_semana_patria_-5<\/a>\n\n\n\t<img decoding=\"async\" class=\"ms-thumb\" src=\"http:\/\/www.apucarana.pr.gov.br\/site\/wp-content\/uploads\/2026\/09\/2026-09-01_abertura_semana_patria_-5-1024x683-140x80.jpg\" alt=\"2026-09-01_abertura_semana_patria_-5\" \/>\n\t\t\t\t<\/div>\n\t\t\t<div  class=\"ms-slide\" data-delay=\"3\"    >\n\t\t\t\t\t<img decoding=\"async\" src=\"http:\/\/www.apucarana.pr.gov.br\/site\/wp-content\/plugins\/masterslider\/public\/assets\/css\/blank.gif\" alt=\"2026-09-01_abertura_semana_patria_-6\" title=\"2026-09-01_abertura_semana_patria_-6\" data-src=\"http:\/\/www.apucarana.pr.gov.br\/site\/wp-content\/uploads\/2026\/09\/2026-09-01_abertura_semana_patria_-6-1024x683.jpg\" \/>\n\t<a href=\"http:\/\/www.apucarana.pr.gov.br\/site\/wp-content\/uploads\/2026\/09\/2026-09-01_abertura_semana_patria_-6-1024x683.jpg\" target=\"_self\"    >2026-09-01_abertura_semana_patria_-6<\/a>\n\n\n\t<img decoding=\"async\" class=\"ms-thumb\" src=\"http:\/\/www.apucarana.pr.gov.br\/site\/wp-content\/uploads\/2026\/09\/2026-09-01_abertura_semana_patria_-6-1024x683-140x80.jpg\" alt=\"2026-09-01_abertura_semana_patria_-6\" \/>\n\t\t\t\t<\/div>\n\t\t\t<div  class=\"ms-slide\" data-delay=\"3\"    >\n\t\t\t\t\t<img decoding=\"async\" src=\"http:\/\/www.apucarana.pr.gov.br\/site\/wp-content\/plugins\/masterslider\/public\/assets\/css\/blank.gif\" alt=\"2026-09-01_abertura_semana_patria_-7\" title=\"2026-09-01_abertura_semana_patria_-7\" data-src=\"http:\/\/www.apucarana.pr.gov.br\/site\/wp-content\/uploads\/2026\/09\/2026-09-01_abertura_semana_patria_-7-1024x683.jpg\" \/>\n\t<a href=\"http:\/\/www.apucarana.pr.gov.br\/site\/wp-content\/uploads\/2026\/09\/2026-09-01_abertura_semana_patria_-7-1024x683.jpg\" target=\"_self\"    >2026-09-01_abertura_semana_patria_-7<\/a>\n\n\n\t<img decoding=\"async\" class=\"ms-thumb\" src=\"http:\/\/www.apucarana.pr.gov.br\/site\/wp-content\/uploads\/2026\/09\/2026-09-01_abertura_semana_patria_-7-1024x683-140x80.jpg\" alt=\"2026-09-01_abertura_semana_patria_-7\" \/>\n\t\t\t\t<\/div>\n\t\t\t<div  class=\"ms-slide\" data-delay=\"3\"    >\n\t\t\t\t\t<img decoding=\"async\" src=\"http:\/\/www.apucarana.pr.gov.br\/site\/wp-content\/plugins\/masterslider\/public\/assets\/css\/blank.gif\" alt=\"2026-09-01_abertura_semana_patria_-8\" title=\"2026-09-01_abertura_semana_patria_-8\" data-src=\"http:\/\/www.apucarana.pr.gov.br\/site\/wp-content\/uploads\/2026\/09\/2026-09-01_abertura_semana_patria_-8-1024x683.jpg\" \/>\n\t<a href=\"http:\/\/www.apucarana.pr.gov.br\/site\/wp-content\/uploads\/2026\/09\/2026-09-01_abertura_semana_patria_-8-1024x683.jpg\" target=\"_self\"    >2026-09-01_abertura_semana_patria_-8<\/a>\n\n\n\t<img decoding=\"async\" class=\"ms-thumb\" src=\"http:\/\/www.apucarana.pr.gov.br\/site\/wp-content\/uploads\/2026\/09\/2026-09-01_abertura_semana_patria_-8-1024x683-140x80.jpg\" alt=\"2026-09-01_abertura_semana_patria_-8\" \/>\n\t\t\t\t<\/div>\n\t\t\t<div  class=\"ms-slide\" data-delay=\"3\"    >\n\t\t\t\t\t<img decoding=\"async\" src=\"http:\/\/www.apucarana.pr.gov.br\/site\/wp-content\/plugins\/masterslider\/public\/assets\/css\/blank.gif\" alt=\"2026-09-01_abertura_semana_patria_-10\" title=\"2026-09-01_abertura_semana_patria_-10\" data-src=\"http:\/\/www.apucarana.pr.gov.br\/site\/wp-content\/uploads\/2026\/09\/2026-09-01_abertura_semana_patria_-10-1024x683.jpg\" \/>\n\t<a href=\"http:\/\/www.apucarana.pr.gov.br\/site\/wp-content\/uploads\/2026\/09\/2026-09-01_abertura_semana_patria_-10-1024x683.jpg\" target=\"_self\"    >2026-09-01_abertura_semana_patria_-10<\/a>\n\n\n\t<img decoding=\"async\" class=\"ms-thumb\" src=\"http:\/\/www.apucarana.pr.gov.br\/site\/wp-content\/uploads\/2026\/09\/2026-09-01_abertura_semana_patria_-10-1024x683-140x80.jpg\" alt=\"2026-09-01_abertura_semana_patria_-10\" \/>\n\t\t\t\t<\/div>\n\t\t\t<div  class=\"ms-slide\" data-delay=\"3\"    >\n\t\t\t\t\t<img decoding=\"async\" src=\"http:\/\/www.apucarana.pr.gov.br\/site\/wp-content\/plugins\/masterslider\/public\/assets\/css\/blank.gif\" alt=\"2026-09-01_abertura_semana_patria_-11\" title=\"2026-09-01_abertura_semana_patria_-11\" data-src=\"http:\/\/www.apucarana.pr.gov.br\/site\/wp-content\/uploads\/2026\/09\/2026-09-01_abertura_semana_patria_-11-1024x683.jpg\" \/>\n\t<a href=\"http:\/\/www.apucarana.pr.gov.br\/site\/wp-content\/uploads\/2026\/09\/2026-09-01_abertura_semana_patria_-11-1024x683.jpg\" target=\"_self\"    >2026-09-01_abertura_semana_patria_-11<\/a>\n\n\n\t<img decoding=\"async\" class=\"ms-thumb\" src=\"http:\/\/www.apucarana.pr.gov.br\/site\/wp-content\/uploads\/2026\/09\/2026-09-01_abertura_semana_patria_-11-1024x683-140x80.jpg\" alt=\"2026-09-01_abertura_semana_patria_-11\" \/>\n\t\t\t\t<\/div>\n\t\t\t<div  class=\"ms-slide\" data-delay=\"3\"    >\n\t\t\t\t\t<img decoding=\"async\" src=\"http:\/\/www.apucarana.pr.gov.br\/site\/wp-content\/plugins\/masterslider\/public\/assets\/css\/blank.gif\" alt=\"2026-09-01_abertura_semana_patria_-12\" title=\"2026-09-01_abertura_semana_patria_-12\" data-src=\"http:\/\/www.apucarana.pr.gov.br\/site\/wp-content\/uploads\/2026\/09\/2026-09-01_abertura_semana_patria_-12-1024x683.jpg\" \/>\n\t<a href=\"http:\/\/www.apucarana.pr.gov.br\/site\/wp-content\/uploads\/2026\/09\/2026-09-01_abertura_semana_patria_-12-1024x683.jpg\" target=\"_self\"    >2026-09-01_abertura_semana_patria_-12<\/a>\n\n\n\t<img decoding=\"async\" class=\"ms-thumb\" src=\"http:\/\/www.apucarana.pr.gov.br\/site\/wp-content\/uploads\/2026\/09\/2026-09-01_abertura_semana_patria_-12-1024x683-140x80.jpg\" alt=\"2026-09-01_abertura_semana_patria_-12\" \/>\n\t\t\t\t<\/div>\n\t\t\t<div  class=\"ms-slide\" data-delay=\"3\"    >\n\t\t\t\t\t<img decoding=\"async\" src=\"http:\/\/www.apucarana.pr.gov.br\/site\/wp-content\/plugins\/masterslider\/public\/assets\/css\/blank.gif\" alt=\"2026-09-01_abertura_semana_patria_-14\" title=\"2026-09-01_abertura_semana_patria_-14\" data-src=\"http:\/\/www.apucarana.pr.gov.br\/site\/wp-content\/uploads\/2026\/09\/2026-09-01_abertura_semana_patria_-14-1024x683.jpg\" \/>\n\t<a href=\"http:\/\/www.apucarana.pr.gov.br\/site\/wp-content\/uploads\/2026\/09\/2026-09-01_abertura_semana_patria_-14-1024x683.jpg\" target=\"_self\"    >2026-09-01_abertura_semana_patria_-14<\/a>\n\n\n\t<img decoding=\"async\" class=\"ms-thumb\" src=\"http:\/\/www.apucarana.pr.gov.br\/site\/wp-content\/uploads\/2026\/09\/2026-09-01_abertura_semana_patria_-14-1024x683-140x80.jpg\" alt=\"2026-09-01_abertura_semana_patria_-14\" \/>\n\t\t\t\t<\/div>\n\t\t\t<div  class=\"ms-slide\" data-delay=\"3\"    >\n\t\t\t\t\t<img decoding=\"async\" src=\"http:\/\/www.apucarana.pr.gov.br\/site\/wp-content\/plugins\/masterslider\/public\/assets\/css\/blank.gif\" alt=\"2026-09-01_abertura_semana_patria_-15\" title=\"2026-09-01_abertura_semana_patria_-15\" data-src=\"http:\/\/www.apucarana.pr.gov.br\/site\/wp-content\/uploads\/2026\/09\/2026-09-01_abertura_semana_patria_-15-1024x683.jpg\" \/>\n\t<a href=\"http:\/\/www.apucarana.pr.gov.br\/site\/wp-content\/uploads\/2026\/09\/2026-09-01_abertura_semana_patria_-15-1024x683.jpg\" target=\"_self\"    >2026-09-01_abertura_semana_patria_-15<\/a>\n\n\n\t<img decoding=\"async\" class=\"ms-thumb\" src=\"http:\/\/www.apucarana.pr.gov.br\/site\/wp-content\/uploads\/2026\/09\/2026-09-01_abertura_semana_patria_-15-1024x683-140x80.jpg\" alt=\"2026-09-01_abertura_semana_patria_-15\" \/>\n\t\t\t\t<\/div>\n\t\t\t<div  class=\"ms-slide\" data-delay=\"3\"    >\n\t\t\t\t\t<img decoding=\"async\" src=\"http:\/\/www.apucarana.pr.gov.br\/site\/wp-content\/plugins\/masterslider\/public\/assets\/css\/blank.gif\" alt=\"2026-09-01_abertura_semana_patria_-16\" title=\"2026-09-01_abertura_semana_patria_-16\" data-src=\"http:\/\/www.apucarana.pr.gov.br\/site\/wp-content\/uploads\/2026\/09\/2026-09-01_abertura_semana_patria_-16-1024x683.jpg\" \/>\n\t<a href=\"http:\/\/www.apucarana.pr.gov.br\/site\/wp-content\/uploads\/2026\/09\/2026-09-01_abertura_semana_patria_-16-1024x683.jpg\" target=\"_self\"    >2026-09-01_abertura_semana_patria_-16<\/a>\n\n\n\t<img decoding=\"async\" class=\"ms-thumb\" src=\"http:\/\/www.apucarana.pr.gov.br\/site\/wp-content\/uploads\/2026\/09\/2026-09-01_abertura_semana_patria_-16-1024x683-140x80.jpg\" alt=\"2026-09-01_abertura_semana_patria_-16\" \/>\n\t\t\t\t<\/div>\n\t\t\t<div  class=\"ms-slide\" data-delay=\"3\"    >\n\t\t\t\t\t<img decoding=\"async\" src=\"http:\/\/www.apucarana.pr.gov.br\/site\/wp-content\/plugins\/masterslider\/public\/assets\/css\/blank.gif\" alt=\"2026-09-01_abertura_semana_patria_-17\" title=\"2026-09-01_abertura_semana_patria_-17\" data-src=\"http:\/\/www.apucarana.pr.gov.br\/site\/wp-content\/uploads\/2026\/09\/2026-09-01_abertura_semana_patria_-17-1024x683.jpg\" \/>\n\t<a href=\"http:\/\/www.apucarana.pr.gov.br\/site\/wp-content\/uploads\/2026\/09\/2026-09-01_abertura_semana_patria_-17-1024x683.jpg\" target=\"_self\"    >2026-09-01_abertura_semana_patria_-17<\/a>\n\n\n\t<img decoding=\"async\" class=\"ms-thumb\" src=\"http:\/\/www.apucarana.pr.gov.br\/site\/wp-content\/uploads\/2026\/09\/2026-09-01_abertura_semana_patria_-17-1024x683-140x80.jpg\" alt=\"2026-09-01_abertura_semana_patria_-17\" \/>\n\t\t\t\t<\/div>\n\t\t\t<div  class=\"ms-slide\" data-delay=\"3\"    >\n\t\t\t\t\t<img decoding=\"async\" src=\"http:\/\/www.apucarana.pr.gov.br\/site\/wp-content\/plugins\/masterslider\/public\/assets\/css\/blank.gif\" alt=\"2026-09-01_abertura_semana_patria_-18\" title=\"2026-09-01_abertura_semana_patria_-18\" data-src=\"http:\/\/www.apucarana.pr.gov.br\/site\/wp-content\/uploads\/2026\/09\/2026-09-01_abertura_semana_patria_-18-1024x683.jpg\" \/>\n\t<a href=\"http:\/\/www.apucarana.pr.gov.br\/site\/wp-content\/uploads\/2026\/09\/2026-09-01_abertura_semana_patria_-18-1024x683.jpg\" target=\"_self\"    >2026-09-01_abertura_semana_patria_-18<\/a>\n\n\n\t<img decoding=\"async\" class=\"ms-thumb\" src=\"http:\/\/www.apucarana.pr.gov.br\/site\/wp-content\/uploads\/2026\/09\/2026-09-01_abertura_semana_patria_-18-1024x683-140x80.jpg\" alt=\"2026-09-01_abertura_semana_patria_-18\" \/>\n\t\t\t\t<\/div>\n\t\t\t<div  class=\"ms-slide\" data-delay=\"3\"    >\n\t\t\t\t\t<img decoding=\"async\" src=\"http:\/\/www.apucarana.pr.gov.br\/site\/wp-content\/plugins\/masterslider\/public\/assets\/css\/blank.gif\" alt=\"2026-09-01_abertura_semana_patria_-19\" title=\"2026-09-01_abertura_semana_patria_-19\" data-src=\"http:\/\/www.apucarana.pr.gov.br\/site\/wp-content\/uploads\/2026\/09\/2026-09-01_abertura_semana_patria_-19-1024x683.jpg\" \/>\n\t<a href=\"http:\/\/www.apucarana.pr.gov.br\/site\/wp-content\/uploads\/2026\/09\/2026-09-01_abertura_semana_patria_-19-1024x683.jpg\" target=\"_self\"    >2026-09-01_abertura_semana_patria_-19<\/a>\n\n\n\t<img decoding=\"async\" class=\"ms-thumb\" src=\"http:\/\/www.apucarana.pr.gov.br\/site\/wp-content\/uploads\/2026\/09\/2026-09-01_abertura_semana_patria_-19-1024x683-140x80.jpg\" alt=\"2026-09-01_abertura_semana_patria_-19\" \/>\n\t\t\t\t<\/div>\n\t\t\t<div  class=\"ms-slide\" data-delay=\"3\"    >\n\t\t\t\t\t<img decoding=\"async\" src=\"http:\/\/www.apucarana.pr.gov.br\/site\/wp-content\/plugins\/masterslider\/public\/assets\/css\/blank.gif\" alt=\"2026-09-01_abertura_semana_patria_-22\" title=\"2026-09-01_abertura_semana_patria_-22\" data-src=\"http:\/\/www.apucarana.pr.gov.br\/site\/wp-content\/uploads\/2026\/09\/2026-09-01_abertura_semana_patria_-22-1024x683.jpg\" \/>\n\t<a href=\"http:\/\/www.apucarana.pr.gov.br\/site\/wp-content\/uploads\/2026\/09\/2026-09-01_abertura_semana_patria_-22-1024x683.jpg\" target=\"_self\"    >2026-09-01_abertura_semana_patria_-22<\/a>\n\n\n\t<img decoding=\"async\" class=\"ms-thumb\" src=\"http:\/\/www.apucarana.pr.gov.br\/site\/wp-content\/uploads\/2026\/09\/2026-09-01_abertura_semana_patria_-22-1024x683-140x80.jpg\" alt=\"2026-09-01_abertura_semana_patria_-22\" \/>\n\t\t\t\t<\/div>\n\t\t\t<div  class=\"ms-slide\" data-delay=\"3\"    >\n\t\t\t\t\t<img decoding=\"async\" src=\"http:\/\/www.apucarana.pr.gov.br\/site\/wp-content\/plugins\/masterslider\/public\/assets\/css\/blank.gif\" alt=\"2026-09-01_abertura_semana_patria_-23\" title=\"2026-09-01_abertura_semana_patria_-23\" data-src=\"http:\/\/www.apucarana.pr.gov.br\/site\/wp-content\/uploads\/2026\/09\/2026-09-01_abertura_semana_patria_-23-1024x683.jpg\" \/>\n\t<a href=\"http:\/\/www.apucarana.pr.gov.br\/site\/wp-content\/uploads\/2026\/09\/2026-09-01_abertura_semana_patria_-23-1024x683.jpg\" target=\"_self\"    >2026-09-01_abertura_semana_patria_-23<\/a>\n\n\n\t<img decoding=\"async\" class=\"ms-thumb\" src=\"http:\/\/www.apucarana.pr.gov.br\/site\/wp-content\/uploads\/2026\/09\/2026-09-01_abertura_semana_patria_-23-1024x683-140x80.jpg\" alt=\"2026-09-01_abertura_semana_patria_-23\" \/>\n\t\t\t\t<\/div>\n\t\t\t<div  class=\"ms-slide\" data-delay=\"3\"    >\n\t\t\t\t\t<img decoding=\"async\" src=\"http:\/\/www.apucarana.pr.gov.br\/site\/wp-content\/plugins\/masterslider\/public\/assets\/css\/blank.gif\" alt=\"2026-09-01_abertura_semana_patria_-25\" title=\"2026-09-01_abertura_semana_patria_-25\" data-src=\"http:\/\/www.apucarana.pr.gov.br\/site\/wp-content\/uploads\/2026\/09\/2026-09-01_abertura_semana_patria_-25-1024x683.jpg\" \/>\n\t<a href=\"http:\/\/www.apucarana.pr.gov.br\/site\/wp-content\/uploads\/2026\/09\/2026-09-01_abertura_semana_patria_-25-1024x683.jpg\" target=\"_self\"    >2026-09-01_abertura_semana_patria_-25<\/a>\n\n\n\t<img decoding=\"async\" class=\"ms-thumb\" src=\"http:\/\/www.apucarana.pr.gov.br\/site\/wp-content\/uploads\/2026\/09\/2026-09-01_abertura_semana_patria_-25-1024x683-140x80.jpg\" alt=\"2026-09-01_abertura_semana_patria_-25\" \/>\n\t\t\t\t<\/div>\n\n\t\t\t<\/div>\n\t\t\t<!-- END MasterSlider Main -->\n\n\t\t\t \n\t\t<\/div>\n\t\t<!-- END MasterSlider -->\n\n\t\t<script>\n\t\t( window.MSReady = window.MSReady || [] ).push( function( $ ) {\n\n\t\t\t\"use strict\";\n\t\t\tvar masterslider_c56d = new MasterSlider();\n\n\t\t\t\/\/ slider controls\n\t\t\tmasterslider_c56d.control('arrows'     ,{ autohide:true, overVideo:true  });\n\t\t\tmasterslider_c56d.control('thumblist'  ,{ autohide:false, overVideo:true, dir:'h', speed:17, inset:false, arrows:false, hover:false, customClass:'', align:'bottom',type:'thumbs', margin:2, width:140, height:80, space:2, fillMode:'fill'  });\n\t\t\t\/\/ slider setup\n\t\t\tmasterslider_c56d.setup(\"MS6a9749b5bc56d\", {\n\t\t\t\twidth           : 960,\n\t\t\t\theight          : 540,\n\t\t\t\tminHeight       : 0,\n\t\t\t\tspace           : 0,\n\t\t\t\tstart           : 1,\n\t\t\t\tgrabCursor      : true,\n\t\t\t\tswipe           : true,\n\t\t\t\tmouse           : true,\n\t\t\t\tkeyboard        : false,\n\t\t\t\tlayout          : \"fillwidth\",\n\t\t\t\twheel           : false,\n\t\t\t\tautoplay        : true,\n                instantStartLayers:false,\n\t\t\t\tmobileBGVideo:false,\n\t\t\t\tloop            : true,\n\t\t\t\tshuffle         : false,\n\t\t\t\tpreload         : 3,\n\t\t\t\theightLimit     : false,\n\t\t\t\tautoHeight      : false,\n\t\t\t\tsmoothHeight    : true,\n\t\t\t\tendPause        : false,\n\t\t\t\toverPause       : false,\n\t\t\t\tfillMode        : \"fill\",\n\t\t\t\tcenterControls  : true,\n\t\t\t\tstartOnAppear   : false,\n\t\t\t\tlayersMode      : \"center\",\n\t\t\t\tautofillTarget  : \"\",\n\t\t\t\thideLayers      : false,\n\t\t\t\tfullscreenMargin: 0,\n\t\t\t\tspeed           : 17,\n\t\t\t\tdir             : \"h\",\n\t\t\t\tresponsive      : true,\n\t\t\t\ttabletWidth     : 768,\n\t\t\t\ttabletHeight    : null,\n\t\t\t\tphoneWidth      : 480,\n\t\t\t\tphoneHeight    : null,\n\t\t\t\tsizingReference : window,\n\t\t\t\tparallaxMode    : 'swipe',\n\t\t\t\tview            : \"basic\"\n\t\t\t});\n\n\t\t\t\n\t\t\twindow.masterslider_instances = window.masterslider_instances || [];\n\t\t\twindow.masterslider_instances.push( masterslider_c56d );\n\t\t});\n\t\t<\/script>\n\n\n<p>A Prefeitura de Apucarana, atrav\u00e9s da Secretaria Municipal de Cultura e Turismo, abriu oficialmente na tarde desta ter\u00e7a-feira (01\/09), no plat\u00f4 da Pra\u00e7a Rui Barbosa, as atividades da Semana da P\u00e1tria. O momento c\u00edvico, que deveria ter acontecido no in\u00edcio da manh\u00e3, precisou ser transferido devido ao mau tempo. Entre as autoridades militares e civis presentes, destaque para o prefeito Rodolfo Mota e o comandante do 30\u00ba Batalh\u00e3o de Infantaria Mecanizado (30\u00ba BIMec), tenente-coronel Ubiratan Athayde Marcondes Filho.<\/p>\n<p>Ao som do Hino da Independ\u00eancia do Brasil interpretado pela Banda Municipal Maestro Jo\u00e3o Florindo da Silva, a solenidade teve in\u00edcio com o acendimento do fogo simb\u00f3lico da P\u00e1tria conduzido desde o 30\u00ba BIMec, canto do Hino Nacional Brasileiro e o hasteamento das bandeiras Nacional, Estadual e Municipal. Ao declarar oficialmente aberta a Semana da P\u00e1tria, o prefeito afirmou ser \u201cuma alegria ter a oportunidade de conduzir um momento t\u00e3o simb\u00f3lico e importante de reafirma\u00e7\u00e3o cidad\u00e3 do amor pelo Brasil e do respeito \u00e0 P\u00e1tria. \u201cAo longo desta semana, a nossa rede municipal de ensino tamb\u00e9m vai trabalhar esse tema com os quase 13 mil alunos, levando para as nossas crian\u00e7as e jovens a import\u00e2ncia de conhecer, valorizar e respeitar o pa\u00eds em que nasceram e vivem. \u00c9 fundamental que essa nova gera\u00e7\u00e3o cres\u00e7a entendendo o significado da P\u00e1tria e dos s\u00edmbolos nacionais\u201d, disse o prefeito.<\/p>\n<p>Rodolfo Mota aproveitou a cerim\u00f4nia para refor\u00e7ar convite a toda a popula\u00e7\u00e3o de Apucarana e regi\u00e3o para o desfile c\u00edvico no dia 7 de setembro, a partir das 8h30 . \u201cNo ano passado tivemos uma grande participa\u00e7\u00e3o da comunidade e queremos, mais uma vez, ver as ruas tomadas pelas fam\u00edlias apucaranenses. Teremos a participa\u00e7\u00e3o do Ex\u00e9rcito, das for\u00e7as de seguran\u00e7a, do Corpo de Bombeiros, da Guarda Municipal, da Pol\u00edcia Civil e Militar, al\u00e9m das nossas escolas, fanfarras e diversas entidades. Ser\u00e1 um grande momento de celebra\u00e7\u00e3o do nosso pa\u00eds, da nossa cidade e dos valores que nos unem\u201d, pontuou o prefeito.<\/p>\n<p>O desfile deste ano marcar\u00e1 os 204 anos da Independ\u00eancia do Brasil e ter\u00e1 in\u00edcio \u00e0s 8h30, com a concentra\u00e7\u00e3o dos grupos na Avenida Curitiba, n\u00ba 2.256, na altura do Supermercado Amig\u00e3o. A dispers\u00e3o ser\u00e1 realizada na Avenida Curitiba, n\u00ba 1.121, em frente \u00e0s Casas Pernambucanas. O comandante do 30\u00ba BIMec, tenente-coronel Ubiratan Athayde Marcondes Filho, informou que a participa\u00e7\u00e3o do Ex\u00e9rcito na Semana da P\u00e1tria ter\u00e1 in\u00edcio j\u00e1 nesta quinta-feira (03\/09), com desfiles em munic\u00edpios da regi\u00e3o. Ao todo, o batalh\u00e3o estar\u00e1 presente em 11 cidades, al\u00e9m de Apucarana. \u201cNosso 7 de Setembro e Semana da P\u00e1tria come\u00e7am no dia 3, quando iniciaremos os desfiles nos munic\u00edpios vizinhos a Apucarana e culminaremos no dia 7, onde o batalh\u00e3o estar\u00e1 presente em sua plenitude. Aqueles que n\u00e3o estiverem em forma no desfile certamente estar\u00e3o cumprindo alguma miss\u00e3o na faixa de fronteira ou em alguma outra parte do Norte do Paran\u00e1\u201d, afirmou o comandante.<\/p>\n<p>Durante a solenidade, Ubiratan tamb\u00e9m destacou o significado da data para a preserva\u00e7\u00e3o da soberania nacional e para a constru\u00e7\u00e3o do futuro do pa\u00eds. \u201c\u00c9 uma oportunidade para todos n\u00f3s rememorarmos os feitos daqueles que nos antecederam, que constru\u00edram um Brasil livre e soberano, para que juntos possamos manter esse legado e construir um futuro, um Brasil melhor. Que Deus aben\u00e7oe o Brasil e nos mantenha livres, soberanos e unidos\u201d, afirmou.<\/p>\n<p>Entre as demais autoridades presentes estiveram o comandante do 11\u00ba Batalh\u00e3o de Bombeiro Militar do Paran\u00e1 (11\u00ba BBM), major Leandro Jos\u00e9 Callegari, o subcomandante do 10\u00ba Batalh\u00e3o da Pol\u00edcia Militar do Paran\u00e1 (10\u00ba BPM), capit\u00e3o Jefferson Philipe Claro Schelbauer, o presidente da C\u00e2mara Municipal de Apucarana, vereador Danylo Acioli e o vereador Mois\u00e9s Tavares, secret\u00e1rios municipais, oficiais, pra\u00e7as e alunos soldados da Pol\u00edcia Militar, guardas civis municipais, agentes municipais de tr\u00e2nsito, policiais civis, samuzeiros, bem como representantes de entidades da sociedade civil organizada.<\/p>\n","protected":false},"excerpt":{"rendered":"<p>A Prefeitura de Apucarana, atrav&eacute;s da Secretaria Municipal de Cultura e Turismo, abriu oficialmente na tarde desta ter&ccedil;a-feira (01\/09), no plat&ocirc; da Pra&ccedil;a Rui Barbosa, as atividades da Semana da P&aacute;tria. O momento c&iacute;vico, que deveria ter acontecido no in&iacute;cio da manh&atilde;, precisou ser transferido devido ao mau tempo. Entre as autoridades militares e civis [&hellip;]<\/p>\n","protected":false},"author":7,"featured_media":130910,"comment_status":"closed","ping_status":"closed","sticky":false,"template":"","format":"standard","meta":{"footnotes":""},"categories":[203],"tags":[],"class_list":["post-130892","post","type-post","status-publish","format-standard","has-post-thumbnail","hentry","category-destaque"],"acf":[],"_links":{"self":[{"href":"http:\/\/www.apucarana.pr.gov.br\/site\/wp-json\/wp\/v2\/posts\/130892","targetHints":{"allow":["GET"]}}],"collection":[{"href":"http:\/\/www.apucarana.pr.gov.br\/site\/wp-json\/wp\/v2\/posts"}],"about":[{"href":"http:\/\/www.apucarana.pr.gov.br\/site\/wp-json\/wp\/v2\/types\/post"}],"author":[{"embeddable":true,"href":"http:\/\/www.apucarana.pr.gov.br\/site\/wp-json\/wp\/v2\/users\/7"}],"replies":[{"embeddable":true,"href":"http:\/\/www.apucarana.pr.gov.br\/site\/wp-json\/wp\/v2\/comments?post=130892"}],"version-history":[{"count":1,"href":"http:\/\/www.apucarana.pr.gov.br\/site\/wp-json\/wp\/v2\/posts\/130892\/revisions"}],"predecessor-version":[{"id":130921,"href":"http:\/\/www.apucarana.pr.gov.br\/site\/wp-json\/wp\/v2\/posts\/130892\/revisions\/130921"}],"wp:featuredmedia":[{"embeddable":true,"href":"http:\/\/www.apucarana.pr.gov.br\/site\/wp-json\/wp\/v2\/media\/130910"}],"wp:attachment":[{"href":"http:\/\/www.apucarana.pr.gov.br\/site\/wp-json\/wp\/v2\/media?parent=130892"}],"wp:term":[{"taxonomy":"category","embeddable":true,"href":"http:\/\/www.apucarana.pr.gov.br\/site\/wp-json\/wp\/v2\/categories?post=130892"},{"taxonomy":"post_tag","embeddable":true,"href":"http:\/\/www.apucarana.pr.gov.br\/site\/wp-json\/wp\/v2\/tags?post=130892"}],"curies":[{"name":"wp","href":"https:\/\/api.w.org\/{rel}","templated":true}]}}