{"id":130823,"date":"2026-08-31T12:58:47","date_gmt":"2026-08-31T15:58:47","guid":{"rendered":"https:\/\/www.apucarana.pr.gov.br\/site\/?p=130823"},"modified":"2026-08-31T13:01:23","modified_gmt":"2026-08-31T16:01:23","slug":"equipes-da-prefeitura-dao-resposta-rapida-e-atendem-mais-de-100-ocorrencias-apos-temporal","status":"publish","type":"post","link":"http:\/\/www.apucarana.pr.gov.br\/site\/equipes-da-prefeitura-dao-resposta-rapida-e-atendem-mais-de-100-ocorrencias-apos-temporal\/","title":{"rendered":"Equipes da Prefeitura d\u00e3o resposta r\u00e1pida e atendem mais de 100 ocorr\u00eancias ap\u00f3s temporal"},"content":{"rendered":"\n\t\t<!-- MasterSlider -->\n\t\t<div id=\"P_MS6a95a9a5e62f8\" class=\"master-slider-parent master-slider-gallery   ms-parent-id-0\" style=\"\" >\n\n\t\t\t\n\t\t\t<!-- MasterSlider Main -->\n\t\t\t<div id=\"MS6a95a9a5e62f8\" class=\"master-slider ms-skin-default\" >\n\t\t\t\t \t\t\t\t \n\t\t\t<div  class=\"ms-slide\" data-delay=\"3\"    >\n\t\t\t\t\t<img decoding=\"async\" src=\"http:\/\/www.apucarana.pr.gov.br\/site\/wp-content\/plugins\/masterslider\/public\/assets\/css\/blank.gif\" alt=\"temporal 1 -\" title=\"temporal 1 -\" data-src=\"http:\/\/www.apucarana.pr.gov.br\/site\/wp-content\/uploads\/2026\/08\/temporal-1--1024x692.jpg\" \/>\n\t<a href=\"http:\/\/www.apucarana.pr.gov.br\/site\/equipes-da-prefeitura-dao-resposta-rapida-e-atendem-mais-de-100-ocorrencias-apos-temporal\/temporal-1-2\/\" target=\"_self\"    >temporal 1 -<\/a>\n\n\n\t<img decoding=\"async\" class=\"ms-thumb\" src=\"http:\/\/www.apucarana.pr.gov.br\/site\/wp-content\/uploads\/2026\/08\/temporal-1--1024x692-140x80.jpg\" alt=\"temporal 1 -\" \/>\n\t\t\t\t<\/div>\n\t\t\t<div  class=\"ms-slide\" data-delay=\"3\"    >\n\t\t\t\t\t<img decoding=\"async\" src=\"http:\/\/www.apucarana.pr.gov.br\/site\/wp-content\/plugins\/masterslider\/public\/assets\/css\/blank.gif\" alt=\"temporal 2\" title=\"temporal 2\" data-src=\"http:\/\/www.apucarana.pr.gov.br\/site\/wp-content\/uploads\/2026\/08\/temporal-2-1024x731.jpg\" \/>\n\t<a href=\"http:\/\/www.apucarana.pr.gov.br\/site\/equipes-da-prefeitura-dao-resposta-rapida-e-atendem-mais-de-100-ocorrencias-apos-temporal\/temporal-2\/\" target=\"_self\"    >temporal 2<\/a>\n\n\n\t<img decoding=\"async\" class=\"ms-thumb\" src=\"http:\/\/www.apucarana.pr.gov.br\/site\/wp-content\/uploads\/2026\/08\/temporal-2-1024x731-140x80.jpg\" alt=\"temporal 2\" \/>\n\t\t\t\t<\/div>\n\n\t\t\t<\/div>\n\t\t\t<!-- END MasterSlider Main -->\n\n\t\t\t \n\t\t<\/div>\n\t\t<!-- END MasterSlider -->\n\n\t\t<script>\n\t\t( window.MSReady = window.MSReady || [] ).push( function( $ ) {\n\n\t\t\t\"use strict\";\n\t\t\tvar masterslider_62f8 = new MasterSlider();\n\n\t\t\t\/\/ slider controls\n\t\t\tmasterslider_62f8.control('arrows'     ,{ autohide:true, overVideo:true  });\n\t\t\tmasterslider_62f8.control('thumblist'  ,{ autohide:false, overVideo:true, dir:'h', speed:17, inset:false, arrows:false, hover:false, customClass:'', align:'bottom',type:'thumbs', margin:2, width:140, height:80, space:2, fillMode:'fill'  });\n\t\t\t\/\/ slider setup\n\t\t\tmasterslider_62f8.setup(\"MS6a95a9a5e62f8\", {\n\t\t\t\twidth           : 960,\n\t\t\t\theight          : 540,\n\t\t\t\tminHeight       : 0,\n\t\t\t\tspace           : 0,\n\t\t\t\tstart           : 1,\n\t\t\t\tgrabCursor      : true,\n\t\t\t\tswipe           : true,\n\t\t\t\tmouse           : true,\n\t\t\t\tkeyboard        : false,\n\t\t\t\tlayout          : \"fillwidth\",\n\t\t\t\twheel           : false,\n\t\t\t\tautoplay        : true,\n                instantStartLayers:false,\n\t\t\t\tmobileBGVideo:false,\n\t\t\t\tloop            : true,\n\t\t\t\tshuffle         : false,\n\t\t\t\tpreload         : 3,\n\t\t\t\theightLimit     : false,\n\t\t\t\tautoHeight      : false,\n\t\t\t\tsmoothHeight    : true,\n\t\t\t\tendPause        : false,\n\t\t\t\toverPause       : false,\n\t\t\t\tfillMode        : \"fill\",\n\t\t\t\tcenterControls  : true,\n\t\t\t\tstartOnAppear   : false,\n\t\t\t\tlayersMode      : \"center\",\n\t\t\t\tautofillTarget  : \"\",\n\t\t\t\thideLayers      : false,\n\t\t\t\tfullscreenMargin: 0,\n\t\t\t\tspeed           : 17,\n\t\t\t\tdir             : \"h\",\n\t\t\t\tresponsive      : true,\n\t\t\t\ttabletWidth     : 768,\n\t\t\t\ttabletHeight    : null,\n\t\t\t\tphoneWidth      : 480,\n\t\t\t\tphoneHeight    : null,\n\t\t\t\tsizingReference : window,\n\t\t\t\tparallaxMode    : 'swipe',\n\t\t\t\tview            : \"basic\"\n\t\t\t});\n\n\t\t\t\n\t\t\twindow.masterslider_instances = window.masterslider_instances || [];\n\t\t\twindow.masterslider_instances.push( masterslider_62f8 );\n\t\t});\n\t\t<\/script>\n\n\n<p>O fim de semana foi marcado por intensa mobiliza\u00e7\u00e3o das equipes da Prefeitura de Apucarana para atender fam\u00edlias afetadas pelo temporal que atingiu o munic\u00edpio. Entre s\u00e1bado e domingo, mais de 100 ocorr\u00eancias foram registradas, envolvendo destelhamentos, quedas de \u00e1rvores, inunda\u00e7\u00f5es, interrup\u00e7\u00f5es no fornecimento de energia, danos em escolas e bloqueios de vias. As equipes trabalharam de forma ininterrupta na distribui\u00e7\u00e3o de lonas, remo\u00e7\u00e3o de \u00e1rvores e desobstru\u00e7\u00e3o de ruas.<\/p>\n<p>O prefeito Rodolfo Mota acompanhou a mobiliza\u00e7\u00e3o das equipes e agradeceu o empenho de todos os profissionais envolvidos na opera\u00e7\u00e3o. \u201cA for\u00e7a-tarefa reuniu Defesa Civil, Secretaria Municipal de Servi\u00e7os P\u00fablicos, Secretaria Municipal de Meio Ambiente, Idepplan, Guarda Civil Municipal (GCM), agentes de tr\u00e2nsito e SAMU, al\u00e9m do apoio do Corpo de Bombeiros e da Copel. Essa integra\u00e7\u00e3o entre os \u00f3rg\u00e3os permitiu uma resposta r\u00e1pida \u00e0s ocorr\u00eancias e o atendimento das fam\u00edlias afetadas\u201d, ressaltou.<\/p>\n<p>Rodolfo Mota salientou ainda que a prioridade foi garantir a seguran\u00e7a da popula\u00e7\u00e3o e minimizar os transtornos provocados pelo temporal. \u201cO trabalho foi mantido durante todo o fim de semana e prossegue nesta segunda-feira, conforme novas demandas foram sendo registradas\u201d, pontuou.<\/p>\n<p>A ocorr\u00eancia mais grave foi registrada no Loteamento de Ch\u00e1caras Mate Amargo. Duas crian\u00e7as ficaram feridas ap\u00f3s um brinquedo infl\u00e1vel ser arrastado pela for\u00e7a do vento. Elas receberam atendimento do SAMU e foram encaminhadas ao Hospital da Provid\u00eancia. No mesmo bairro, uma \u00e1rvore caiu sobre a rede el\u00e9trica da Copel, deixando moradores sem energia.<\/p>\n<p>Os danos tamb\u00e9m atingiram a rede municipal de ensino. O superintendente pedag\u00f3gico da Autarquia Municipal de Educa\u00e7\u00e3o, Pablo Costa e Silva, informou que, por quest\u00f5es de seguran\u00e7a, as aulas precisaram ser suspensas nesta segunda-feira nas escolas municipais Professor Idalice Moreira Prates, localizada no Parque Bela Vista, e Senador Marcos Freire, situada no Jardim Ponta Grossa.<\/p>\n<p>Na Professor Idalice Moreira Prates, quatro salas de aula tiveram o telhado arrancado juntamente com o forro. J\u00e1 na Senador Marcos Freire, houve destelhamento de duas salas e a queda de uma parede da quadra esportiva. Pablo Costa e Silva explicou que nesta segunda-feira ser\u00e3o feitos os trabalhos de limpeza, organiza\u00e7\u00e3o e reparos nas duas unidades. \u201cA previs\u00e3o \u00e9 que na Senador Marcos Freire as aulas voltem ao normal amanh\u00e3 e, na Idalice Moreira Prates, apenas parcialmente\u201d, projetou.<\/p>\n<p>Outras unidades da rede municipal tamb\u00e9m sofreram alguns danos, mas sem necessidade de interrup\u00e7\u00e3o das aulas. A sede da Apae de Apucarana tamb\u00e9m foi afetada, com danos no telhado.<\/p>\n<p>O coordenador da Defesa Civil, Rodrigo Gearola Leme, explicou que cada atendimento registrado representa um evento, mas algumas ocorr\u00eancias envolveram diversos servi\u00e7os no mesmo local. Ele citou como exemplo o Parque da Raposa, onde um \u00fanico registro resultou na remo\u00e7\u00e3o de mais de 20 \u00e1rvores ca\u00eddas. \u201cNesta segunda-feira continuam chegando novos chamados, entre eles seis de queda de \u00e1rvore e dois de destelhamento\u201d, citou.<\/p>\n<p>O secret\u00e1rio municipal de Meio Ambiente, Leandro Pires, destacou o intenso trabalho das equipes respons\u00e1veis pela remo\u00e7\u00e3o de \u00e1rvores. Somente os servidores da pasta realizaram o corte de 26 \u00e1rvores ca\u00eddas em 22 locais diferentes, permitindo a libera\u00e7\u00e3o de vias e a elimina\u00e7\u00e3o de riscos \u00e0 popula\u00e7\u00e3o.<\/p>\n<p>A Copel tamb\u00e9m mobilizou equipes ao longo do fim de semana para atender os impactos provocados pelo temporal. Conforme a concession\u00e1ria, o Simepar registrou rajadas de vento de at\u00e9 48,2 km\/h, que provocaram a queda de \u00e1rvores, danos em estruturas e destelhamentos em diferentes regi\u00f5es da cidade. No momento mais cr\u00edtico, 4.821 unidades consumidoras ficaram sem energia el\u00e9trica, exigindo um trabalho intenso das equipes para localizar os danos na rede e restabelecer gradativamente o fornecimento aos moradores.<\/p>\n<p>O comandante da Guarda Civil Municipal (GCM), F\u00e1bio de Souza,\u00a0 informou que as equipes distribu\u00edram mais de mil metros quadrados de lonas para proteger resid\u00eancias que foram destelhadas. \u201cAtendemos a quase totalidade das ocorr\u00eancias no dia do vendaval, mas no domingo nossa equipe continuou de prontid\u00e3o e atendeu fam\u00edlias no Dom Romeu Alberti e no Jardim Ouro Verde\u201d, afirmou.<\/p>\n<p>A Prefeitura refor\u00e7a a orienta\u00e7\u00e3o para n\u00e3o se aproximar de \u00e1rvores ou fios el\u00e9tricos ca\u00eddos e a n\u00e3o tentar fazer a remo\u00e7\u00e3o por conta pr\u00f3pria. Em situa\u00e7\u00f5es de emerg\u00eancia, os moradores devem acionar a Defesa Civil pelo telefone 199, o Corpo de Bombeiros pelo 193 ou a Guarda Civil Municipal pelo 153.<\/p>\n<p>&nbsp;<\/p>\n<h3><strong>Balan\u00e7o das principais ocorr\u00eancias atendidas<\/strong><\/h3>\n<ul>\n<li>Total de mais de <strong>100 ocorr\u00eancias<\/strong> registradas.<\/li>\n<li><strong>70 quedas de \u00e1rvores<\/strong>.<\/li>\n<li>Mais de <strong>1.000 metros quadrados de lonas<\/strong> distribu\u00eddos.<\/li>\n<li><strong>15 resid\u00eancias destelhadas<\/strong>.<\/li>\n<li><strong>1 ocorr\u00eancia atendida pelo SAMU<\/strong>, com duas crian\u00e7as feridas.<\/li>\n<li><strong>2 inunda\u00e7\u00f5es de resid\u00eancias<\/strong>.<\/li>\n<li><strong>8 religamentos de energia<\/strong>.<\/li>\n<li><strong>2 escolas municipais<\/strong> com aulas suspensas para limpeza, reparos e garantia da seguran\u00e7a dos alunos.<\/li>\n<\/ul>\n","protected":false},"excerpt":{"rendered":"<p>O fim de semana foi marcado por intensa mobiliza&ccedil;&atilde;o das equipes da Prefeitura de Apucarana para atender fam&iacute;lias afetadas pelo temporal que atingiu o munic&iacute;pio. Entre s&aacute;bado e domingo, mais de 100 ocorr&ecirc;ncias foram registradas, envolvendo destelhamentos, quedas de &aacute;rvores, inunda&ccedil;&otilde;es, interrup&ccedil;&otilde;es no fornecimento de energia, danos em escolas e bloqueios de vias. As equipes [&hellip;]<\/p>\n","protected":false},"author":6,"featured_media":130826,"comment_status":"closed","ping_status":"closed","sticky":false,"template":"","format":"standard","meta":{"footnotes":""},"categories":[203],"tags":[],"class_list":["post-130823","post","type-post","status-publish","format-standard","has-post-thumbnail","hentry","category-destaque"],"acf":[],"_links":{"self":[{"href":"http:\/\/www.apucarana.pr.gov.br\/site\/wp-json\/wp\/v2\/posts\/130823","targetHints":{"allow":["GET"]}}],"collection":[{"href":"http:\/\/www.apucarana.pr.gov.br\/site\/wp-json\/wp\/v2\/posts"}],"about":[{"href":"http:\/\/www.apucarana.pr.gov.br\/site\/wp-json\/wp\/v2\/types\/post"}],"author":[{"embeddable":true,"href":"http:\/\/www.apucarana.pr.gov.br\/site\/wp-json\/wp\/v2\/users\/6"}],"replies":[{"embeddable":true,"href":"http:\/\/www.apucarana.pr.gov.br\/site\/wp-json\/wp\/v2\/comments?post=130823"}],"version-history":[{"count":2,"href":"http:\/\/www.apucarana.pr.gov.br\/site\/wp-json\/wp\/v2\/posts\/130823\/revisions"}],"predecessor-version":[{"id":130828,"href":"http:\/\/www.apucarana.pr.gov.br\/site\/wp-json\/wp\/v2\/posts\/130823\/revisions\/130828"}],"wp:featuredmedia":[{"embeddable":true,"href":"http:\/\/www.apucarana.pr.gov.br\/site\/wp-json\/wp\/v2\/media\/130826"}],"wp:attachment":[{"href":"http:\/\/www.apucarana.pr.gov.br\/site\/wp-json\/wp\/v2\/media?parent=130823"}],"wp:term":[{"taxonomy":"category","embeddable":true,"href":"http:\/\/www.apucarana.pr.gov.br\/site\/wp-json\/wp\/v2\/categories?post=130823"},{"taxonomy":"post_tag","embeddable":true,"href":"http:\/\/www.apucarana.pr.gov.br\/site\/wp-json\/wp\/v2\/tags?post=130823"}],"curies":[{"name":"wp","href":"https:\/\/api.w.org\/{rel}","templated":true}]}}