{"id":130815,"date":"2026-08-31T12:10:14","date_gmt":"2026-08-31T15:10:14","guid":{"rendered":"https:\/\/www.apucarana.pr.gov.br\/site\/?p=130815"},"modified":"2026-08-31T12:10:14","modified_gmt":"2026-08-31T15:10:14","slug":"centro-da-juventude-recebe-recursos-e-computadores-para-projeto-que-promove-integracao-entre-idosos-e-adolescentes","status":"publish","type":"post","link":"http:\/\/www.apucarana.pr.gov.br\/site\/centro-da-juventude-recebe-recursos-e-computadores-para-projeto-que-promove-integracao-entre-idosos-e-adolescentes\/","title":{"rendered":"Centro da Juventude recebe recursos e computadores para projeto que promove integra\u00e7\u00e3o entre idosos e adolescentes"},"content":{"rendered":"\n\t\t<!-- MasterSlider -->\n\t\t<div id=\"P_MS6a95a7586e7da\" class=\"master-slider-parent master-slider-gallery   ms-parent-id-0\" style=\"\" >\n\n\t\t\t\n\t\t\t<!-- MasterSlider Main -->\n\t\t\t<div id=\"MS6a95a7586e7da\" class=\"master-slider ms-skin-default\" >\n\t\t\t\t \t\t\t\t \n\t\t\t<div  class=\"ms-slide\" data-delay=\"3\"    >\n\t\t\t\t\t<img decoding=\"async\" src=\"http:\/\/www.apucarana.pr.gov.br\/site\/wp-content\/plugins\/masterslider\/public\/assets\/css\/blank.gif\" alt=\"2026-08-31_entrega_computador_cheque_seja_001\" title=\"2026-08-31_entrega_computador_cheque_seja_001\" data-src=\"http:\/\/www.apucarana.pr.gov.br\/site\/wp-content\/uploads\/2026\/08\/2026-08-31_entrega_computador_cheque_seja_001-1024x683.jpg\" \/>\n\t<a href=\"http:\/\/www.apucarana.pr.gov.br\/site\/wp-content\/uploads\/2026\/08\/2026-08-31_entrega_computador_cheque_seja_001-1024x683.jpg\" target=\"_self\"    >2026-08-31_entrega_computador_cheque_seja_001<\/a>\n\n\n\t<img decoding=\"async\" class=\"ms-thumb\" src=\"http:\/\/www.apucarana.pr.gov.br\/site\/wp-content\/uploads\/2026\/08\/2026-08-31_entrega_computador_cheque_seja_001-1024x683-140x80.jpg\" alt=\"2026-08-31_entrega_computador_cheque_seja_001\" \/>\n\t\t\t\t<\/div>\n\t\t\t<div  class=\"ms-slide\" data-delay=\"3\"    >\n\t\t\t\t\t<img decoding=\"async\" src=\"http:\/\/www.apucarana.pr.gov.br\/site\/wp-content\/plugins\/masterslider\/public\/assets\/css\/blank.gif\" alt=\"2026-08-31_entrega_computador_cheque_seja_002\" title=\"2026-08-31_entrega_computador_cheque_seja_002\" data-src=\"http:\/\/www.apucarana.pr.gov.br\/site\/wp-content\/uploads\/2026\/08\/2026-08-31_entrega_computador_cheque_seja_002-1024x683.jpg\" \/>\n\t<a href=\"http:\/\/www.apucarana.pr.gov.br\/site\/wp-content\/uploads\/2026\/08\/2026-08-31_entrega_computador_cheque_seja_002-1024x683.jpg\" target=\"_self\"    >2026-08-31_entrega_computador_cheque_seja_002<\/a>\n\n\n\t<img decoding=\"async\" class=\"ms-thumb\" src=\"http:\/\/www.apucarana.pr.gov.br\/site\/wp-content\/uploads\/2026\/08\/2026-08-31_entrega_computador_cheque_seja_002-1024x683-140x80.jpg\" alt=\"2026-08-31_entrega_computador_cheque_seja_002\" \/>\n\t\t\t\t<\/div>\n\t\t\t<div  class=\"ms-slide\" data-delay=\"3\"    >\n\t\t\t\t\t<img decoding=\"async\" src=\"http:\/\/www.apucarana.pr.gov.br\/site\/wp-content\/plugins\/masterslider\/public\/assets\/css\/blank.gif\" alt=\"2026-08-31_entrega_computador_cheque_seja_006\" title=\"2026-08-31_entrega_computador_cheque_seja_006\" data-src=\"http:\/\/www.apucarana.pr.gov.br\/site\/wp-content\/uploads\/2026\/08\/2026-08-31_entrega_computador_cheque_seja_006-1024x683.jpg\" \/>\n\t<a href=\"http:\/\/www.apucarana.pr.gov.br\/site\/wp-content\/uploads\/2026\/08\/2026-08-31_entrega_computador_cheque_seja_006-1024x683.jpg\" target=\"_self\"    >2026-08-31_entrega_computador_cheque_seja_006<\/a>\n\n\n\t<img decoding=\"async\" class=\"ms-thumb\" src=\"http:\/\/www.apucarana.pr.gov.br\/site\/wp-content\/uploads\/2026\/08\/2026-08-31_entrega_computador_cheque_seja_006-1024x683-140x80.jpg\" alt=\"2026-08-31_entrega_computador_cheque_seja_006\" \/>\n\t\t\t\t<\/div>\n\t\t\t<div  class=\"ms-slide\" data-delay=\"3\"    >\n\t\t\t\t\t<img decoding=\"async\" src=\"http:\/\/www.apucarana.pr.gov.br\/site\/wp-content\/plugins\/masterslider\/public\/assets\/css\/blank.gif\" alt=\"2026-08-31_entrega_computador_cheque_seja_007\" title=\"2026-08-31_entrega_computador_cheque_seja_007\" data-src=\"http:\/\/www.apucarana.pr.gov.br\/site\/wp-content\/uploads\/2026\/08\/2026-08-31_entrega_computador_cheque_seja_007-1024x683.jpg\" \/>\n\t<a href=\"http:\/\/www.apucarana.pr.gov.br\/site\/wp-content\/uploads\/2026\/08\/2026-08-31_entrega_computador_cheque_seja_007-1024x683.jpg\" target=\"_self\"    >2026-08-31_entrega_computador_cheque_seja_007<\/a>\n\n\n\t<img decoding=\"async\" class=\"ms-thumb\" src=\"http:\/\/www.apucarana.pr.gov.br\/site\/wp-content\/uploads\/2026\/08\/2026-08-31_entrega_computador_cheque_seja_007-1024x683-140x80.jpg\" alt=\"2026-08-31_entrega_computador_cheque_seja_007\" \/>\n\t\t\t\t<\/div>\n\t\t\t<div  class=\"ms-slide\" data-delay=\"3\"    >\n\t\t\t\t\t<img decoding=\"async\" src=\"http:\/\/www.apucarana.pr.gov.br\/site\/wp-content\/plugins\/masterslider\/public\/assets\/css\/blank.gif\" alt=\"2026-08-31_entrega_computador_cheque_seja_008\" title=\"2026-08-31_entrega_computador_cheque_seja_008\" data-src=\"http:\/\/www.apucarana.pr.gov.br\/site\/wp-content\/uploads\/2026\/08\/2026-08-31_entrega_computador_cheque_seja_008-1024x683.jpg\" \/>\n\t<a href=\"http:\/\/www.apucarana.pr.gov.br\/site\/wp-content\/uploads\/2026\/08\/2026-08-31_entrega_computador_cheque_seja_008-1024x683.jpg\" target=\"_self\"    >2026-08-31_entrega_computador_cheque_seja_008<\/a>\n\n\n\t<img decoding=\"async\" class=\"ms-thumb\" src=\"http:\/\/www.apucarana.pr.gov.br\/site\/wp-content\/uploads\/2026\/08\/2026-08-31_entrega_computador_cheque_seja_008-1024x683-140x80.jpg\" alt=\"2026-08-31_entrega_computador_cheque_seja_008\" \/>\n\t\t\t\t<\/div>\n\t\t\t<div  class=\"ms-slide\" data-delay=\"3\"    >\n\t\t\t\t\t<img decoding=\"async\" src=\"http:\/\/www.apucarana.pr.gov.br\/site\/wp-content\/plugins\/masterslider\/public\/assets\/css\/blank.gif\" alt=\"2026-08-31_entrega_computador_cheque_seja_009\" title=\"2026-08-31_entrega_computador_cheque_seja_009\" data-src=\"http:\/\/www.apucarana.pr.gov.br\/site\/wp-content\/uploads\/2026\/08\/2026-08-31_entrega_computador_cheque_seja_009-1024x683.jpg\" \/>\n\t<a href=\"http:\/\/www.apucarana.pr.gov.br\/site\/wp-content\/uploads\/2026\/08\/2026-08-31_entrega_computador_cheque_seja_009-1024x683.jpg\" target=\"_self\"    >2026-08-31_entrega_computador_cheque_seja_009<\/a>\n\n\n\t<img decoding=\"async\" class=\"ms-thumb\" src=\"http:\/\/www.apucarana.pr.gov.br\/site\/wp-content\/uploads\/2026\/08\/2026-08-31_entrega_computador_cheque_seja_009-1024x683-140x80.jpg\" alt=\"2026-08-31_entrega_computador_cheque_seja_009\" \/>\n\t\t\t\t<\/div>\n\n\t\t\t<\/div>\n\t\t\t<!-- END MasterSlider Main -->\n\n\t\t\t \n\t\t<\/div>\n\t\t<!-- END MasterSlider -->\n\n\t\t<script>\n\t\t( window.MSReady = window.MSReady || [] ).push( function( $ ) {\n\n\t\t\t\"use strict\";\n\t\t\tvar masterslider_e7da = new MasterSlider();\n\n\t\t\t\/\/ slider controls\n\t\t\tmasterslider_e7da.control('arrows'     ,{ autohide:true, overVideo:true  });\n\t\t\tmasterslider_e7da.control('thumblist'  ,{ autohide:false, overVideo:true, dir:'h', speed:17, inset:false, arrows:false, hover:false, customClass:'', align:'bottom',type:'thumbs', margin:2, width:140, height:80, space:2, fillMode:'fill'  });\n\t\t\t\/\/ slider setup\n\t\t\tmasterslider_e7da.setup(\"MS6a95a7586e7da\", {\n\t\t\t\twidth           : 960,\n\t\t\t\theight          : 540,\n\t\t\t\tminHeight       : 0,\n\t\t\t\tspace           : 0,\n\t\t\t\tstart           : 1,\n\t\t\t\tgrabCursor      : true,\n\t\t\t\tswipe           : true,\n\t\t\t\tmouse           : true,\n\t\t\t\tkeyboard        : false,\n\t\t\t\tlayout          : \"fillwidth\",\n\t\t\t\twheel           : false,\n\t\t\t\tautoplay        : true,\n                instantStartLayers:false,\n\t\t\t\tmobileBGVideo:false,\n\t\t\t\tloop            : true,\n\t\t\t\tshuffle         : false,\n\t\t\t\tpreload         : 3,\n\t\t\t\theightLimit     : false,\n\t\t\t\tautoHeight      : false,\n\t\t\t\tsmoothHeight    : true,\n\t\t\t\tendPause        : false,\n\t\t\t\toverPause       : false,\n\t\t\t\tfillMode        : \"fill\",\n\t\t\t\tcenterControls  : true,\n\t\t\t\tstartOnAppear   : false,\n\t\t\t\tlayersMode      : \"center\",\n\t\t\t\tautofillTarget  : \"\",\n\t\t\t\thideLayers      : false,\n\t\t\t\tfullscreenMargin: 0,\n\t\t\t\tspeed           : 17,\n\t\t\t\tdir             : \"h\",\n\t\t\t\tresponsive      : true,\n\t\t\t\ttabletWidth     : 768,\n\t\t\t\ttabletHeight    : null,\n\t\t\t\tphoneWidth      : 480,\n\t\t\t\tphoneHeight    : null,\n\t\t\t\tsizingReference : window,\n\t\t\t\tparallaxMode    : 'swipe',\n\t\t\t\tview            : \"basic\"\n\t\t\t});\n\n\t\t\t\n\t\t\twindow.masterslider_instances = window.masterslider_instances || [];\n\t\t\twindow.masterslider_instances.push( masterslider_e7da );\n\t\t});\n\t\t<\/script>\n\n\n<p>A Prefeitura de Apucarana, por meio da Secretaria Municipal de Assist\u00eancia Social, recebeu na manh\u00e3 desta segunda-feira (31\/8) R$ 5 mil e tr\u00eas computadores do Fundo Social da Cooperativa de Cr\u00e9dito Sicredi. Os recursos ser\u00e3o destinados ao desenvolvimento de um projeto intergeracional, idealizado pelo Comit\u00ea Mulher do Sicredi, que vai aproximar idosos da comunidade e adolescentes atendidos pelo Centro da Juventude (CEJA). A iniciativa tem como proposta promover a troca de saberes, experi\u00eancias e conhecimentos entre diferentes gera\u00e7\u00f5es, valorizando a hist\u00f3ria de vida e a experi\u00eancia da popula\u00e7\u00e3o idosa e, ao mesmo tempo, possibilitando que adolescentes compartilhem conhecimentos relacionados \u00e0 inform\u00e1tica e \u00e0s novas tecnologias.<\/p>\n<p>O vice-prefeito Marcos da Vila Reis destacou a import\u00e2ncia da uni\u00e3o de esfor\u00e7os para viabilizar iniciativas que geram impacto positivo na vida das pessoas. \u201cTudo o que a gente puder fazer para mudar a vida de uma pessoa, n\u00f3s precisamos nos empenhar. Se existe o recurso, n\u00f3s temos que correr atr\u00e1s dele. Ent\u00e3o, parab\u00e9ns a todos os envolvidos na viabiliza\u00e7\u00e3o desse importante projeto\u201d, afirmou.<\/p>\n<p>A secret\u00e1ria municipal de Assist\u00eancia Social, Fab\u00edola Carrero, agradeceu a parceria e destacou a import\u00e2ncia da participa\u00e7\u00e3o da sociedade e das institui\u00e7\u00f5es na constru\u00e7\u00e3o de pol\u00edticas que atendam \u00e0s necessidades da popula\u00e7\u00e3o. \u201cO Sicredi, por ser uma cooperativa, tem esse vi\u00e9s de solidariedade. N\u00f3s conhecemos a atua\u00e7\u00e3o deles na comunidade h\u00e1 muitos anos e sabemos que eles n\u00e3o trabalham apenas em prol dos cooperados, mas de toda a popula\u00e7\u00e3o. Esse projeto do Comit\u00ea Mulher do Sicredi vem ao encontro do nosso prop\u00f3sito enquanto poder p\u00fablico, que \u00e9 quebrar barreiras, construir pontes e ser alicerce para as pessoas. Ent\u00e3o, n\u00f3s s\u00f3 temos a agradecer\u201d, afirmou.<\/p>\n<p>A assistente social da Secretaria Municipal de Assist\u00eancia Social e integrante do Comit\u00ea Mulher do Sicredi, Suzana de Oliveira, explicou que o projeto nasceu da percep\u00e7\u00e3o sobre os benef\u00edcios que a conviv\u00eancia entre gera\u00e7\u00f5es pode proporcionar. \u201cN\u00f3s pensamos em desenvolver um projeto que traz a viv\u00eancia intergeracional, entre os adolescentes que s\u00e3o atendidos no Centro da Juventude e os idosos que residem no territ\u00f3rio. A gente sabe que \u00e9 muito rica a experi\u00eancia de vida que os idosos trazem para a gente. E a nova gera\u00e7\u00e3o tem muita ansiedade e vontade de beber dessa fonte\u201d, afirmou.<\/p>\n<p>Al\u00e9m de contribuir para a aproxima\u00e7\u00e3o entre gera\u00e7\u00f5es, a iniciativa tamb\u00e9m busca ampliar a inclus\u00e3o digital da popula\u00e7\u00e3o idosa. A assistente administrativa do CIEE e integrante do Comit\u00ea Mulher do Sicredi, Aline Tomilhero de Carvalho, ressaltou que a institui\u00e7\u00e3o tem ampliado sua atua\u00e7\u00e3o junto \u00e0 terceira idade. \u201cO CIEE encaminha jovens para o mercado de trabalho, tanto para est\u00e1gio quanto para o Programa Jovem Aprendiz. Mas o CIEE tamb\u00e9m est\u00e1 nesta pegada de aten\u00e7\u00e3o aos idosos, porque a popula\u00e7\u00e3o idosa vem crescendo no pa\u00eds e queremos deix\u00e1-los preparados em rela\u00e7\u00e3o \u00e0 inform\u00e1tica e \u00e0 tecnologia. Ent\u00e3o, n\u00f3s inscrevemos esse projeto junto ao Fundo Social do Sicredi e ficamos muito felizes pela aprova\u00e7\u00e3o da proposta, que vai contribuir com muitas vidas\u201d, disse.<\/p>\n<p>A gerente da ag\u00eancia Sicredi Agroempresarial, Pollyana Karolline Sim\u00f5es Ign\u00e1cio, explicou que o projeto faz parte de um conjunto de a\u00e7\u00f5es sociais apoiadas pelo Fundo Social da cooperativa. \u201cO Sicredi desenvolve v\u00e1rios projetos. Na \u00faltima sexta-feira (28), por exemplo, n\u00f3s entregamos ao Lar S\u00e3o Vicente de Paulo as fraldas geri\u00e1tricas que foram arrecadadas no Dia C. Tamb\u00e9m temos um projeto que leva educa\u00e7\u00e3o financeira para as escolas e, agora, este projeto intergeracional desenvolvido pelo Comit\u00ea Mulher. O Fundo Social n\u00e3o \u00e9 do Sicredi, mas sim dos associados. S\u00e3o os associados que disponibilizam, por meio de assembleias, os recursos que s\u00e3o empregados nos projetos financiados pelo Fundo Social\u201d, explicou.<\/p>\n<p>A entrega dos recursos e dos computadores contou ainda com a participa\u00e7\u00e3o da coordenadora do escrit\u00f3rio regional do CIEE\/PR em Apucarana, Roseli Paetzold; do secret\u00e1rio municipal Chefe de Gabinete e Rela\u00e7\u00f5es Institucionais, Maykon Willian Silva Tavares; do secret\u00e1rio municipal de Esporte, Bruno Marchi; al\u00e9m de outras autoridades e representantes das institui\u00e7\u00f5es envolvidas.<\/p>\n","protected":false},"excerpt":{"rendered":"<p>A Prefeitura de Apucarana, por meio da Secretaria Municipal de Assist&ecirc;ncia Social, recebeu na manh&atilde; desta segunda-feira (31\/8) R$ 5 mil e tr&ecirc;s computadores do Fundo Social da Cooperativa de Cr&eacute;dito Sicredi. Os recursos ser&atilde;o destinados ao desenvolvimento de um projeto intergeracional, idealizado pelo Comit&ecirc; Mulher do Sicredi, que vai aproximar idosos da comunidade e [&hellip;]<\/p>\n","protected":false},"author":8,"featured_media":130818,"comment_status":"closed","ping_status":"closed","sticky":false,"template":"","format":"standard","meta":{"footnotes":""},"categories":[24],"tags":[],"class_list":["post-130815","post","type-post","status-publish","format-standard","has-post-thumbnail","hentry","category-noticias"],"acf":[],"_links":{"self":[{"href":"http:\/\/www.apucarana.pr.gov.br\/site\/wp-json\/wp\/v2\/posts\/130815","targetHints":{"allow":["GET"]}}],"collection":[{"href":"http:\/\/www.apucarana.pr.gov.br\/site\/wp-json\/wp\/v2\/posts"}],"about":[{"href":"http:\/\/www.apucarana.pr.gov.br\/site\/wp-json\/wp\/v2\/types\/post"}],"author":[{"embeddable":true,"href":"http:\/\/www.apucarana.pr.gov.br\/site\/wp-json\/wp\/v2\/users\/8"}],"replies":[{"embeddable":true,"href":"http:\/\/www.apucarana.pr.gov.br\/site\/wp-json\/wp\/v2\/comments?post=130815"}],"version-history":[{"count":1,"href":"http:\/\/www.apucarana.pr.gov.br\/site\/wp-json\/wp\/v2\/posts\/130815\/revisions"}],"predecessor-version":[{"id":130822,"href":"http:\/\/www.apucarana.pr.gov.br\/site\/wp-json\/wp\/v2\/posts\/130815\/revisions\/130822"}],"wp:featuredmedia":[{"embeddable":true,"href":"http:\/\/www.apucarana.pr.gov.br\/site\/wp-json\/wp\/v2\/media\/130818"}],"wp:attachment":[{"href":"http:\/\/www.apucarana.pr.gov.br\/site\/wp-json\/wp\/v2\/media?parent=130815"}],"wp:term":[{"taxonomy":"category","embeddable":true,"href":"http:\/\/www.apucarana.pr.gov.br\/site\/wp-json\/wp\/v2\/categories?post=130815"},{"taxonomy":"post_tag","embeddable":true,"href":"http:\/\/www.apucarana.pr.gov.br\/site\/wp-json\/wp\/v2\/tags?post=130815"}],"curies":[{"name":"wp","href":"https:\/\/api.w.org\/{rel}","templated":true}]}}