{"id":126566,"date":"2026-04-30T18:11:27","date_gmt":"2026-04-30T21:11:27","guid":{"rendered":"https:\/\/www.apucarana.pr.gov.br\/site\/?p=126566"},"modified":"2026-04-30T18:14:30","modified_gmt":"2026-04-30T21:14:30","slug":"prefeitura-de-apucarana-paga-folha-salarial-de-abril-e-garante-elevacoes-a-mais-de-mil-servidores","status":"publish","type":"post","link":"http:\/\/www.apucarana.pr.gov.br\/site\/prefeitura-de-apucarana-paga-folha-salarial-de-abril-e-garante-elevacoes-a-mais-de-mil-servidores\/","title":{"rendered":"Prefeitura de Apucarana paga folha salarial de abril e garante eleva\u00e7\u00f5es a mais de mil servidores"},"content":{"rendered":"\n\t\t<!-- MasterSlider -->\n\t\t<div id=\"P_MS69f4438a2cb74\" class=\"master-slider-parent master-slider-gallery   ms-parent-id-0\" style=\"\" >\n\n\t\t\t\n\t\t\t<!-- MasterSlider Main -->\n\t\t\t<div id=\"MS69f4438a2cb74\" class=\"master-slider ms-skin-default\" >\n\t\t\t\t \t\t\t\t \n\t\t\t<div  class=\"ms-slide\" data-delay=\"3\"    >\n\t\t\t\t\t<img decoding=\"async\" src=\"http:\/\/www.apucarana.pr.gov.br\/site\/wp-content\/plugins\/masterslider\/public\/assets\/css\/blank.gif\" alt=\"salario (1)\" title=\"salario (1)\" data-src=\"http:\/\/www.apucarana.pr.gov.br\/site\/wp-content\/uploads\/2026\/04\/salario-1-1024x1024.jpg\" \/>\n\t<a href=\"http:\/\/www.apucarana.pr.gov.br\/site\/wp-content\/uploads\/2026\/04\/salario-1-1024x1024.jpg\" target=\"_self\"    >salario (1)<\/a>\n\n\n\t<img decoding=\"async\" class=\"ms-thumb\" src=\"http:\/\/www.apucarana.pr.gov.br\/site\/wp-content\/uploads\/2026\/04\/salario-1-1024x1024-140x80.jpg\" alt=\"salario (1)\" \/>\n\t\t\t\t<\/div>\n\t\t\t<div  class=\"ms-slide\" data-delay=\"3\"    >\n\t\t\t\t\t<img decoding=\"async\" src=\"http:\/\/www.apucarana.pr.gov.br\/site\/wp-content\/plugins\/masterslider\/public\/assets\/css\/blank.gif\" alt=\"salario (6)\" title=\"salario (6)\" data-src=\"http:\/\/www.apucarana.pr.gov.br\/site\/wp-content\/uploads\/2026\/04\/salario-6-1024x713.jpg\" \/>\n\t<a href=\"http:\/\/www.apucarana.pr.gov.br\/site\/wp-content\/uploads\/2026\/04\/salario-6-1024x713.jpg\" target=\"_self\"    >salario (6)<\/a>\n\n\n\t<img decoding=\"async\" class=\"ms-thumb\" src=\"http:\/\/www.apucarana.pr.gov.br\/site\/wp-content\/uploads\/2026\/04\/salario-6-1024x713-140x80.jpg\" alt=\"salario (6)\" \/>\n\t\t\t\t<\/div>\n\t\t\t<div  class=\"ms-slide\" data-delay=\"3\"    >\n\t\t\t\t\t<img decoding=\"async\" src=\"http:\/\/www.apucarana.pr.gov.br\/site\/wp-content\/plugins\/masterslider\/public\/assets\/css\/blank.gif\" alt=\"salario (9)\" title=\"salario (9)\" data-src=\"http:\/\/www.apucarana.pr.gov.br\/site\/wp-content\/uploads\/2026\/04\/salario-9-1024x1024.jpg\" \/>\n\t<a href=\"http:\/\/www.apucarana.pr.gov.br\/site\/wp-content\/uploads\/2026\/04\/salario-9-1024x1024.jpg\" target=\"_self\"    >salario (9)<\/a>\n\n\n\t<img decoding=\"async\" class=\"ms-thumb\" src=\"http:\/\/www.apucarana.pr.gov.br\/site\/wp-content\/uploads\/2026\/04\/salario-9-1024x1024-140x80.jpg\" alt=\"salario (9)\" \/>\n\t\t\t\t<\/div>\n\t\t\t<div  class=\"ms-slide\" data-delay=\"3\"    >\n\t\t\t\t\t<img decoding=\"async\" src=\"http:\/\/www.apucarana.pr.gov.br\/site\/wp-content\/plugins\/masterslider\/public\/assets\/css\/blank.gif\" alt=\"salario (10)\" title=\"salario (10)\" data-src=\"http:\/\/www.apucarana.pr.gov.br\/site\/wp-content\/uploads\/2026\/04\/salario-10-1024x683.jpg\" \/>\n\t<a href=\"http:\/\/www.apucarana.pr.gov.br\/site\/wp-content\/uploads\/2026\/04\/salario-10-1024x683.jpg\" target=\"_self\"    >salario (10)<\/a>\n\n\n\t<img decoding=\"async\" class=\"ms-thumb\" src=\"http:\/\/www.apucarana.pr.gov.br\/site\/wp-content\/uploads\/2026\/04\/salario-10-1024x683-140x80.jpg\" alt=\"salario (10)\" \/>\n\t\t\t\t<\/div>\n\t\t\t<div  class=\"ms-slide\" data-delay=\"3\"    >\n\t\t\t\t\t<img decoding=\"async\" src=\"http:\/\/www.apucarana.pr.gov.br\/site\/wp-content\/plugins\/masterslider\/public\/assets\/css\/blank.gif\" alt=\"salario (11)\" title=\"salario (11)\" data-src=\"http:\/\/www.apucarana.pr.gov.br\/site\/wp-content\/uploads\/2026\/04\/salario-11-1024x683.jpg\" \/>\n\t<a href=\"http:\/\/www.apucarana.pr.gov.br\/site\/wp-content\/uploads\/2026\/04\/salario-11-1024x683.jpg\" target=\"_self\"    >salario (11)<\/a>\n\n\n\t<img decoding=\"async\" class=\"ms-thumb\" src=\"http:\/\/www.apucarana.pr.gov.br\/site\/wp-content\/uploads\/2026\/04\/salario-11-1024x683-140x80.jpg\" alt=\"salario (11)\" \/>\n\t\t\t\t<\/div>\n\t\t\t<div  class=\"ms-slide\" data-delay=\"3\"    >\n\t\t\t\t\t<img decoding=\"async\" src=\"http:\/\/www.apucarana.pr.gov.br\/site\/wp-content\/plugins\/masterslider\/public\/assets\/css\/blank.gif\" alt=\"salario (12)\" title=\"salario (12)\" data-src=\"http:\/\/www.apucarana.pr.gov.br\/site\/wp-content\/uploads\/2026\/04\/salario-12-1024x683.jpg\" \/>\n\t<a href=\"http:\/\/www.apucarana.pr.gov.br\/site\/wp-content\/uploads\/2026\/04\/salario-12-1024x683.jpg\" target=\"_self\"    >salario (12)<\/a>\n\n\n\t<img decoding=\"async\" class=\"ms-thumb\" src=\"http:\/\/www.apucarana.pr.gov.br\/site\/wp-content\/uploads\/2026\/04\/salario-12-1024x683-140x80.jpg\" alt=\"salario (12)\" \/>\n\t\t\t\t<\/div>\n\t\t\t<div  class=\"ms-slide\" data-delay=\"3\"    >\n\t\t\t\t\t<img decoding=\"async\" src=\"http:\/\/www.apucarana.pr.gov.br\/site\/wp-content\/plugins\/masterslider\/public\/assets\/css\/blank.gif\" alt=\"salario (13)\" title=\"salario (13)\" data-src=\"http:\/\/www.apucarana.pr.gov.br\/site\/wp-content\/uploads\/2026\/04\/salario-13-1024x689.jpg\" \/>\n\t<a href=\"http:\/\/www.apucarana.pr.gov.br\/site\/wp-content\/uploads\/2026\/04\/salario-13-1024x689.jpg\" target=\"_self\"    >salario (13)<\/a>\n\n\n\t<img decoding=\"async\" class=\"ms-thumb\" src=\"http:\/\/www.apucarana.pr.gov.br\/site\/wp-content\/uploads\/2026\/04\/salario-13-1024x689-140x80.jpg\" alt=\"salario (13)\" \/>\n\t\t\t\t<\/div>\n\n\t\t\t<\/div>\n\t\t\t<!-- END MasterSlider Main -->\n\n\t\t\t \n\t\t<\/div>\n\t\t<!-- END MasterSlider -->\n\n\t\t<script>\n\t\t( window.MSReady = window.MSReady || [] ).push( function( $ ) {\n\n\t\t\t\"use strict\";\n\t\t\tvar masterslider_cb74 = new MasterSlider();\n\n\t\t\t\/\/ slider controls\n\t\t\tmasterslider_cb74.control('arrows'     ,{ autohide:true, overVideo:true  });\n\t\t\tmasterslider_cb74.control('thumblist'  ,{ autohide:false, overVideo:true, dir:'h', speed:17, inset:false, arrows:false, hover:false, customClass:'', align:'bottom',type:'thumbs', margin:2, width:140, height:80, space:2, fillMode:'fill'  });\n\t\t\t\/\/ slider setup\n\t\t\tmasterslider_cb74.setup(\"MS69f4438a2cb74\", {\n\t\t\t\twidth           : 960,\n\t\t\t\theight          : 540,\n\t\t\t\tminHeight       : 0,\n\t\t\t\tspace           : 0,\n\t\t\t\tstart           : 1,\n\t\t\t\tgrabCursor      : true,\n\t\t\t\tswipe           : true,\n\t\t\t\tmouse           : true,\n\t\t\t\tkeyboard        : false,\n\t\t\t\tlayout          : \"fillwidth\",\n\t\t\t\twheel           : false,\n\t\t\t\tautoplay        : true,\n                instantStartLayers:false,\n\t\t\t\tmobileBGVideo:false,\n\t\t\t\tloop            : true,\n\t\t\t\tshuffle         : false,\n\t\t\t\tpreload         : 3,\n\t\t\t\theightLimit     : false,\n\t\t\t\tautoHeight      : false,\n\t\t\t\tsmoothHeight    : true,\n\t\t\t\tendPause        : false,\n\t\t\t\toverPause       : false,\n\t\t\t\tfillMode        : \"fill\",\n\t\t\t\tcenterControls  : true,\n\t\t\t\tstartOnAppear   : false,\n\t\t\t\tlayersMode      : \"center\",\n\t\t\t\tautofillTarget  : \"\",\n\t\t\t\thideLayers      : false,\n\t\t\t\tfullscreenMargin: 0,\n\t\t\t\tspeed           : 17,\n\t\t\t\tdir             : \"h\",\n\t\t\t\tresponsive      : true,\n\t\t\t\ttabletWidth     : 768,\n\t\t\t\ttabletHeight    : null,\n\t\t\t\tphoneWidth      : 480,\n\t\t\t\tphoneHeight    : null,\n\t\t\t\tsizingReference : window,\n\t\t\t\tparallaxMode    : 'swipe',\n\t\t\t\tview            : \"basic\"\n\t\t\t});\n\n\t\t\t\n\t\t\twindow.masterslider_instances = window.masterslider_instances || [];\n\t\t\twindow.masterslider_instances.push( masterslider_cb74 );\n\t\t});\n\t\t<\/script>\n\n\n<p>Dando sequ\u00eancia \u00e0 pol\u00edtica de garantia dos direitos do funcionalismo municipal, a Prefeitura de Apucarana concedeu, nesta quinta-feira (30\/04), eleva\u00e7\u00e3o salarial a 830 professores e 249 servidores da administra\u00e7\u00e3o direta e autarquias, em um total de 1.079 trabalhadores. O direito a avan\u00e7os e progress\u00f5es salariais est\u00e1 previsto na Lei Municipal n\u00ba 058\/1997, que versa sobre o Sistema de Cargos e Carreira do Funcionalismo P\u00fablico Municipal. Tamb\u00e9m nesta quinta-feira, a administra\u00e7\u00e3o municipal realizou o pagamento da folha salarial referente ao m\u00eas de abril dos cerca de 3,6 mil servidores.<\/p>\n<p>O prefeito Rodolfo Mota destacou o momento, realizado \u00e0s v\u00e9speras do Dia do Trabalhador. \u201cManter em dia os direitos de quem ajuda a construir a cidade todos os dias \u00e9 um gesto de respeito e valoriza\u00e7\u00e3o. Uma maneira de agradecer o cuidado que cada servidor tem com Apucarana. Al\u00e9m do sal\u00e1rio, neste m\u00eas est\u00e1 na conta do pagamento de mais de mil servidores, as eleva\u00e7\u00f5es (avan\u00e7os e progress\u00f5es) devidas. Parece algo \u00f3bvio, mas at\u00e9 pouco tempo o servidor precisava requerer o que \u00e9 de direito na Justi\u00e7a. Em nosso mandato, isso acabou, pois o direito \u00e9 concedido em dia de forma administrativa\u201d, pontuou o prefeito.<\/p>\n<p>Rodolfo Mota afirma que com a pol\u00edtica de garantia de direitos implementada desde janeiro de 2025, a prefeitura est\u00e1 em dia com todas as suas obriga\u00e7\u00f5es patronais do per\u00edodo. \u201cNesse mandato, em um ano e quatro meses, nenhuma eleva\u00e7\u00e3o est\u00e1 em atraso. Ali\u00e1s, ano passado pagamos R$14 milh\u00f5es em precat\u00f3rios de d\u00edvida trabalhista herdada. Com respeito e responsabilidade pelo que \u00e9 p\u00fablico estamos mudando a realidade e essa \u00e9 a minha maneira de agradecer o carinho e o cuidado de cada um dos servidores para com a cidade\u201d, refor\u00e7ou Mota.<\/p>\n<p>Segundo a Secretaria Municipal da Fazenda, somente com o pagamento das eleva\u00e7\u00f5es, o impacto financeiro aos cofres municipais ser\u00e1 na ordem de R$9,6 milh\u00f5es nos pr\u00f3ximos dois anos. \u201cDinheiro que vai para a carreira dos nossos servidores efetivos e, consequentemente, retorna para a economia da cidade, fomentando desenvolvimento\u201d, conclui o prefeito Rodolfo Mota.<\/p>\n<p><strong>Para entender\u00a0<\/strong>\u2013 Cada cargo p\u00fablico possui um n\u00edvel inicial na carreira e o Sistema de Cargos e Carreiras do Funcionalismo P\u00fablico Municipal de Apucarana (Lei Municipal n\u00ba 058\/1997) prev\u00ea duas modalidades de eleva\u00e7\u00e3o. O \u201cAvan\u00e7o Funcional\u201d, que \u00e9 a passagem do servidor a n\u00edvel de vencimento imediatamente superior, por for\u00e7a do tempo de servi\u00e7o, considerado o interst\u00edcio de 24 meses para cada n\u00edvel e a \u201cProgress\u00e3o Funcional\u201d, que \u00e9 a passagem do servidor a n\u00edvel de vencimento seguinte em decorr\u00eancia de m\u00e9rito no desempenho profissional. A contagem do direito come\u00e7a a valer a partir da aprova\u00e7\u00e3o em est\u00e1gio probat\u00f3rio, que ocorre tr\u00eas anos ap\u00f3s a data da nomea\u00e7\u00e3o ao cargo.<\/p>\n","protected":false},"excerpt":{"rendered":"<p>Dando sequ&ecirc;ncia &agrave; pol&iacute;tica de garantia dos direitos do funcionalismo municipal, a Prefeitura de Apucarana concedeu, nesta quinta-feira (30\/04), eleva&ccedil;&atilde;o salarial a 830 professores e 249 servidores da administra&ccedil;&atilde;o direta e autarquias, em um total de 1.079 trabalhadores. O direito a avan&ccedil;os e progress&otilde;es salariais est&aacute; previsto na Lei Municipal n&ordm; 058\/1997, que versa sobre [&hellip;]<\/p>\n","protected":false},"author":7,"featured_media":126567,"comment_status":"closed","ping_status":"closed","sticky":false,"template":"","format":"standard","meta":{"footnotes":""},"categories":[203],"tags":[],"class_list":["post-126566","post","type-post","status-publish","format-standard","has-post-thumbnail","hentry","category-destaque"],"acf":[],"_links":{"self":[{"href":"http:\/\/www.apucarana.pr.gov.br\/site\/wp-json\/wp\/v2\/posts\/126566","targetHints":{"allow":["GET"]}}],"collection":[{"href":"http:\/\/www.apucarana.pr.gov.br\/site\/wp-json\/wp\/v2\/posts"}],"about":[{"href":"http:\/\/www.apucarana.pr.gov.br\/site\/wp-json\/wp\/v2\/types\/post"}],"author":[{"embeddable":true,"href":"http:\/\/www.apucarana.pr.gov.br\/site\/wp-json\/wp\/v2\/users\/7"}],"replies":[{"embeddable":true,"href":"http:\/\/www.apucarana.pr.gov.br\/site\/wp-json\/wp\/v2\/comments?post=126566"}],"version-history":[{"count":2,"href":"http:\/\/www.apucarana.pr.gov.br\/site\/wp-json\/wp\/v2\/posts\/126566\/revisions"}],"predecessor-version":[{"id":126575,"href":"http:\/\/www.apucarana.pr.gov.br\/site\/wp-json\/wp\/v2\/posts\/126566\/revisions\/126575"}],"wp:featuredmedia":[{"embeddable":true,"href":"http:\/\/www.apucarana.pr.gov.br\/site\/wp-json\/wp\/v2\/media\/126567"}],"wp:attachment":[{"href":"http:\/\/www.apucarana.pr.gov.br\/site\/wp-json\/wp\/v2\/media?parent=126566"}],"wp:term":[{"taxonomy":"category","embeddable":true,"href":"http:\/\/www.apucarana.pr.gov.br\/site\/wp-json\/wp\/v2\/categories?post=126566"},{"taxonomy":"post_tag","embeddable":true,"href":"http:\/\/www.apucarana.pr.gov.br\/site\/wp-json\/wp\/v2\/tags?post=126566"}],"curies":[{"name":"wp","href":"https:\/\/api.w.org\/{rel}","templated":true}]}}