{"id":126551,"date":"2026-04-30T13:30:04","date_gmt":"2026-04-30T16:30:04","guid":{"rendered":"https:\/\/www.apucarana.pr.gov.br\/site\/?p=126551"},"modified":"2026-04-30T13:48:15","modified_gmt":"2026-04-30T16:48:15","slug":"126551-2","status":"publish","type":"post","link":"http:\/\/www.apucarana.pr.gov.br\/site\/126551-2\/","title":{"rendered":"Apucarana lamenta falecimento de marido da secret\u00e1ria da Educa\u00e7\u00e3o, professora Ana Paula"},"content":{"rendered":"\n\t\t<!-- MasterSlider -->\n\t\t<div id=\"P_MS69f3a6c13c35c\" class=\"master-slider-parent master-slider-gallery   ms-parent-id-0\" style=\"\" >\n\n\t\t\t\n\t\t\t<!-- MasterSlider Main -->\n\t\t\t<div id=\"MS69f3a6c13c35c\" class=\"master-slider ms-skin-default\" >\n\t\t\t\t \t\t\t\t \n\t\t\t<div  class=\"ms-slide\" data-delay=\"3\"    >\n\t\t\t\t\t<img decoding=\"async\" src=\"http:\/\/www.apucarana.pr.gov.br\/site\/wp-content\/plugins\/masterslider\/public\/assets\/css\/blank.gif\" alt=\"WhatsApp Image 2026-04-30 at 13.24.50\" title=\"WhatsApp Image 2026-04-30 at 13.24.50\" data-src=\"http:\/\/www.apucarana.pr.gov.br\/site\/wp-content\/uploads\/2026\/04\/WhatsApp-Image-2026-04-30-at-13.24.50-708x1024.jpeg\" \/>\n\t<a href=\"http:\/\/www.apucarana.pr.gov.br\/site\/wp-content\/uploads\/2026\/04\/WhatsApp-Image-2026-04-30-at-13.24.50-708x1024.jpeg\" target=\"_self\"    >WhatsApp Image 2026-04-30 at 13.24.50<\/a>\n\n\n\t<img decoding=\"async\" class=\"ms-thumb\" src=\"http:\/\/www.apucarana.pr.gov.br\/site\/wp-content\/uploads\/2026\/04\/WhatsApp-Image-2026-04-30-at-13.24.50-708x1024-140x80.jpeg\" alt=\"WhatsApp Image 2026-04-30 at 13.24.50\" \/>\n\t\t\t\t<\/div>\n\n\t\t\t<\/div>\n\t\t\t<!-- END MasterSlider Main -->\n\n\t\t\t \n\t\t<\/div>\n\t\t<!-- END MasterSlider -->\n\n\t\t<script>\n\t\t( window.MSReady = window.MSReady || [] ).push( function( $ ) {\n\n\t\t\t\"use strict\";\n\t\t\tvar masterslider_c35c = new MasterSlider();\n\n\t\t\t\/\/ slider controls\n\t\t\tmasterslider_c35c.control('arrows'     ,{ autohide:true, overVideo:true  });\n\t\t\tmasterslider_c35c.control('thumblist'  ,{ autohide:false, overVideo:true, dir:'h', speed:17, inset:false, arrows:false, hover:false, customClass:'', align:'bottom',type:'thumbs', margin:2, width:140, height:80, space:2, fillMode:'fill'  });\n\t\t\t\/\/ slider setup\n\t\t\tmasterslider_c35c.setup(\"MS69f3a6c13c35c\", {\n\t\t\t\twidth           : 960,\n\t\t\t\theight          : 540,\n\t\t\t\tminHeight       : 0,\n\t\t\t\tspace           : 0,\n\t\t\t\tstart           : 1,\n\t\t\t\tgrabCursor      : true,\n\t\t\t\tswipe           : true,\n\t\t\t\tmouse           : true,\n\t\t\t\tkeyboard        : false,\n\t\t\t\tlayout          : \"fillwidth\",\n\t\t\t\twheel           : false,\n\t\t\t\tautoplay        : true,\n                instantStartLayers:false,\n\t\t\t\tmobileBGVideo:false,\n\t\t\t\tloop            : true,\n\t\t\t\tshuffle         : false,\n\t\t\t\tpreload         : 3,\n\t\t\t\theightLimit     : false,\n\t\t\t\tautoHeight      : false,\n\t\t\t\tsmoothHeight    : true,\n\t\t\t\tendPause        : false,\n\t\t\t\toverPause       : false,\n\t\t\t\tfillMode        : \"fill\",\n\t\t\t\tcenterControls  : true,\n\t\t\t\tstartOnAppear   : false,\n\t\t\t\tlayersMode      : \"center\",\n\t\t\t\tautofillTarget  : \"\",\n\t\t\t\thideLayers      : false,\n\t\t\t\tfullscreenMargin: 0,\n\t\t\t\tspeed           : 17,\n\t\t\t\tdir             : \"h\",\n\t\t\t\tresponsive      : true,\n\t\t\t\ttabletWidth     : 768,\n\t\t\t\ttabletHeight    : null,\n\t\t\t\tphoneWidth      : 480,\n\t\t\t\tphoneHeight    : null,\n\t\t\t\tsizingReference : window,\n\t\t\t\tparallaxMode    : 'swipe',\n\t\t\t\tview            : \"basic\"\n\t\t\t});\n\n\t\t\t\n\t\t\twindow.masterslider_instances = window.masterslider_instances || [];\n\t\t\twindow.masterslider_instances.push( masterslider_c35c );\n\t\t});\n\t\t<\/script>\n\n\n<p>O prefeito Rodolfo Mota manifesta profundo pesar pelo falecimento de Odair Donato J\u00fanior, aos 51 anos, ocorrido nesta quinta-feira (30\/04). Ele era esposo da secret\u00e1ria municipal de Educa\u00e7\u00e3o, Ana Paula do Carmo Donato, e deixa duas filhas, al\u00e9m de familiares e amigos enlutados, entre eles o cunhado, deputado estadual Paulo Rog\u00e9rio do Carmo, ex-secret\u00e1rio de Estado do Trabalho do Paran\u00e1.<\/p>\n<p>Neste momento de dor, o prefeito se solidariza com a fam\u00edlia e pede ora\u00e7\u00f5es. \u201cHoje o dia ficou muito triste. Acabamos de receber a not\u00edcia de que o J\u00fanior, esposo da secret\u00e1ria Ana Paula, retornou ao conv\u00edvio de Deus. Nesse momento de dor e saudades, precisamos orar ainda mais por cada membro da fam\u00edlia, pela Ana e as filhas, pela m\u00e3e, com a certeza de que Deus n\u00e3o nos desampara\u201d, manifestou Rodolfo Mota. &#8220;O J\u00fanior lutou bravamente pela vida desde o acidente, cada dia que ele viveu foi um milagre&#8221;, salientou o prefeito.<\/p>\n<p>Odair Donato J\u00fanior estava internado desde o dia 17 de mar\u00e7o, em Maring\u00e1, ap\u00f3s sofrer um grave acidente na BR-376. Durante o per\u00edodo, familiares e amigos se mobilizaram em corrente de ora\u00e7\u00e3o, mas ele n\u00e3o resistiu e veio a falecer. Ele\u00a0era\u00a0chefe da 13\u00aa Ciretran de Maring\u00e1.<\/p>\n<p>Ainda n\u00e3o h\u00e1 informa\u00e7\u00f5es sobre vel\u00f3rio e sepultamento. O prefeito reitera sua solidariedade \u00e0 fam\u00edlia e amigos neste momento de dor.<\/p>\n","protected":false},"excerpt":{"rendered":"<p>O prefeito Rodolfo Mota manifesta profundo pesar pelo falecimento de Odair Donato J&uacute;nior, aos 51 anos, ocorrido nesta quinta-feira (30\/04). Ele era esposo da secret&aacute;ria municipal de Educa&ccedil;&atilde;o, Ana Paula do Carmo Donato, e deixa duas filhas, al&eacute;m de familiares e amigos enlutados, entre eles o cunhado, deputado estadual Paulo Rog&eacute;rio do Carmo, ex-secret&aacute;rio de [&hellip;]<\/p>\n","protected":false},"author":7,"featured_media":126552,"comment_status":"closed","ping_status":"closed","sticky":false,"template":"","format":"standard","meta":{"footnotes":""},"categories":[24],"tags":[],"class_list":["post-126551","post","type-post","status-publish","format-standard","has-post-thumbnail","hentry","category-noticias"],"acf":[],"_links":{"self":[{"href":"http:\/\/www.apucarana.pr.gov.br\/site\/wp-json\/wp\/v2\/posts\/126551","targetHints":{"allow":["GET"]}}],"collection":[{"href":"http:\/\/www.apucarana.pr.gov.br\/site\/wp-json\/wp\/v2\/posts"}],"about":[{"href":"http:\/\/www.apucarana.pr.gov.br\/site\/wp-json\/wp\/v2\/types\/post"}],"author":[{"embeddable":true,"href":"http:\/\/www.apucarana.pr.gov.br\/site\/wp-json\/wp\/v2\/users\/7"}],"replies":[{"embeddable":true,"href":"http:\/\/www.apucarana.pr.gov.br\/site\/wp-json\/wp\/v2\/comments?post=126551"}],"version-history":[{"count":5,"href":"http:\/\/www.apucarana.pr.gov.br\/site\/wp-json\/wp\/v2\/posts\/126551\/revisions"}],"predecessor-version":[{"id":126557,"href":"http:\/\/www.apucarana.pr.gov.br\/site\/wp-json\/wp\/v2\/posts\/126551\/revisions\/126557"}],"wp:featuredmedia":[{"embeddable":true,"href":"http:\/\/www.apucarana.pr.gov.br\/site\/wp-json\/wp\/v2\/media\/126552"}],"wp:attachment":[{"href":"http:\/\/www.apucarana.pr.gov.br\/site\/wp-json\/wp\/v2\/media?parent=126551"}],"wp:term":[{"taxonomy":"category","embeddable":true,"href":"http:\/\/www.apucarana.pr.gov.br\/site\/wp-json\/wp\/v2\/categories?post=126551"},{"taxonomy":"post_tag","embeddable":true,"href":"http:\/\/www.apucarana.pr.gov.br\/site\/wp-json\/wp\/v2\/tags?post=126551"}],"curies":[{"name":"wp","href":"https:\/\/api.w.org\/{rel}","templated":true}]}}