{"id":126533,"date":"2026-04-30T11:26:45","date_gmt":"2026-04-30T14:26:45","guid":{"rendered":"https:\/\/www.apucarana.pr.gov.br\/site\/?p=126533"},"modified":"2026-04-30T11:26:45","modified_gmt":"2026-04-30T14:26:45","slug":"prefeitura-mobiliza-equipes-e-atende-familias-apos-temporal-em-apucarana","status":"publish","type":"post","link":"http:\/\/www.apucarana.pr.gov.br\/site\/prefeitura-mobiliza-equipes-e-atende-familias-apos-temporal-em-apucarana\/","title":{"rendered":"Prefeitura mobiliza equipes e atende fam\u00edlias ap\u00f3s temporal em Apucarana"},"content":{"rendered":"\n\t\t<!-- MasterSlider -->\n\t\t<div id=\"P_MS69f3849b2e908\" class=\"master-slider-parent master-slider-gallery   ms-parent-id-0\" style=\"\" >\n\n\t\t\t\n\t\t\t<!-- MasterSlider Main -->\n\t\t\t<div id=\"MS69f3849b2e908\" class=\"master-slider ms-skin-default\" >\n\t\t\t\t \t\t\t\t \n\t\t\t<div  class=\"ms-slide\" data-delay=\"3\"    >\n\t\t\t\t\t<img decoding=\"async\" src=\"http:\/\/www.apucarana.pr.gov.br\/site\/wp-content\/plugins\/masterslider\/public\/assets\/css\/blank.gif\" alt=\"2026-04-30_estragos_chuva_defesa_civil_002\" title=\"2026-04-30_estragos_chuva_defesa_civil_002\" data-src=\"http:\/\/www.apucarana.pr.gov.br\/site\/wp-content\/uploads\/2026\/04\/2026-04-30_estragos_chuva_defesa_civil_002-1024x683.jpg\" \/>\n\t<a href=\"http:\/\/www.apucarana.pr.gov.br\/site\/wp-content\/uploads\/2026\/04\/2026-04-30_estragos_chuva_defesa_civil_002-1024x683.jpg\" target=\"_self\"    >2026-04-30_estragos_chuva_defesa_civil_002<\/a>\n\n\n\t<img decoding=\"async\" class=\"ms-thumb\" src=\"http:\/\/www.apucarana.pr.gov.br\/site\/wp-content\/uploads\/2026\/04\/2026-04-30_estragos_chuva_defesa_civil_002-1024x683-140x80.jpg\" alt=\"2026-04-30_estragos_chuva_defesa_civil_002\" \/>\n\t\t\t\t<\/div>\n\t\t\t<div  class=\"ms-slide\" data-delay=\"3\"    >\n\t\t\t\t\t<img decoding=\"async\" src=\"http:\/\/www.apucarana.pr.gov.br\/site\/wp-content\/plugins\/masterslider\/public\/assets\/css\/blank.gif\" alt=\"2026-04-30_estragos_chuva_defesa_civil_003\" title=\"2026-04-30_estragos_chuva_defesa_civil_003\" data-src=\"http:\/\/www.apucarana.pr.gov.br\/site\/wp-content\/uploads\/2026\/04\/2026-04-30_estragos_chuva_defesa_civil_003-1024x683.jpg\" \/>\n\t<a href=\"http:\/\/www.apucarana.pr.gov.br\/site\/wp-content\/uploads\/2026\/04\/2026-04-30_estragos_chuva_defesa_civil_003-1024x683.jpg\" target=\"_self\"    >2026-04-30_estragos_chuva_defesa_civil_003<\/a>\n\n\n\t<img decoding=\"async\" class=\"ms-thumb\" src=\"http:\/\/www.apucarana.pr.gov.br\/site\/wp-content\/uploads\/2026\/04\/2026-04-30_estragos_chuva_defesa_civil_003-1024x683-140x80.jpg\" alt=\"2026-04-30_estragos_chuva_defesa_civil_003\" \/>\n\t\t\t\t<\/div>\n\t\t\t<div  class=\"ms-slide\" data-delay=\"3\"    >\n\t\t\t\t\t<img decoding=\"async\" src=\"http:\/\/www.apucarana.pr.gov.br\/site\/wp-content\/plugins\/masterslider\/public\/assets\/css\/blank.gif\" alt=\"2026-04-30_estragos_chuva_defesa_civil_004\" title=\"2026-04-30_estragos_chuva_defesa_civil_004\" data-src=\"http:\/\/www.apucarana.pr.gov.br\/site\/wp-content\/uploads\/2026\/04\/2026-04-30_estragos_chuva_defesa_civil_004-1024x683.jpg\" \/>\n\t<a href=\"http:\/\/www.apucarana.pr.gov.br\/site\/wp-content\/uploads\/2026\/04\/2026-04-30_estragos_chuva_defesa_civil_004-1024x683.jpg\" target=\"_self\"    >2026-04-30_estragos_chuva_defesa_civil_004<\/a>\n\n\n\t<img decoding=\"async\" class=\"ms-thumb\" src=\"http:\/\/www.apucarana.pr.gov.br\/site\/wp-content\/uploads\/2026\/04\/2026-04-30_estragos_chuva_defesa_civil_004-1024x683-140x80.jpg\" alt=\"2026-04-30_estragos_chuva_defesa_civil_004\" \/>\n\t\t\t\t<\/div>\n\t\t\t<div  class=\"ms-slide\" data-delay=\"3\"    >\n\t\t\t\t\t<img decoding=\"async\" src=\"http:\/\/www.apucarana.pr.gov.br\/site\/wp-content\/plugins\/masterslider\/public\/assets\/css\/blank.gif\" alt=\"2026-04-30_estragos_chuva_defesa_civil_006\" title=\"2026-04-30_estragos_chuva_defesa_civil_006\" data-src=\"http:\/\/www.apucarana.pr.gov.br\/site\/wp-content\/uploads\/2026\/04\/2026-04-30_estragos_chuva_defesa_civil_006-1024x683.jpg\" \/>\n\t<a href=\"http:\/\/www.apucarana.pr.gov.br\/site\/wp-content\/uploads\/2026\/04\/2026-04-30_estragos_chuva_defesa_civil_006-1024x683.jpg\" target=\"_self\"    >2026-04-30_estragos_chuva_defesa_civil_006<\/a>\n\n\n\t<img decoding=\"async\" class=\"ms-thumb\" src=\"http:\/\/www.apucarana.pr.gov.br\/site\/wp-content\/uploads\/2026\/04\/2026-04-30_estragos_chuva_defesa_civil_006-1024x683-140x80.jpg\" alt=\"2026-04-30_estragos_chuva_defesa_civil_006\" \/>\n\t\t\t\t<\/div>\n\t\t\t<div  class=\"ms-slide\" data-delay=\"3\"    >\n\t\t\t\t\t<img decoding=\"async\" src=\"http:\/\/www.apucarana.pr.gov.br\/site\/wp-content\/plugins\/masterslider\/public\/assets\/css\/blank.gif\" alt=\"2026-04-30_estragos_chuva_defesa_civil_008\" title=\"2026-04-30_estragos_chuva_defesa_civil_008\" data-src=\"http:\/\/www.apucarana.pr.gov.br\/site\/wp-content\/uploads\/2026\/04\/2026-04-30_estragos_chuva_defesa_civil_008-1024x683.jpg\" \/>\n\t<a href=\"http:\/\/www.apucarana.pr.gov.br\/site\/wp-content\/uploads\/2026\/04\/2026-04-30_estragos_chuva_defesa_civil_008-1024x683.jpg\" target=\"_self\"    >2026-04-30_estragos_chuva_defesa_civil_008<\/a>\n\n\n\t<img decoding=\"async\" class=\"ms-thumb\" src=\"http:\/\/www.apucarana.pr.gov.br\/site\/wp-content\/uploads\/2026\/04\/2026-04-30_estragos_chuva_defesa_civil_008-1024x683-140x80.jpg\" alt=\"2026-04-30_estragos_chuva_defesa_civil_008\" \/>\n\t\t\t\t<\/div>\n\t\t\t<div  class=\"ms-slide\" data-delay=\"3\"    >\n\t\t\t\t\t<img decoding=\"async\" src=\"http:\/\/www.apucarana.pr.gov.br\/site\/wp-content\/plugins\/masterslider\/public\/assets\/css\/blank.gif\" alt=\"2026-04-30_estragos_chuva_defesa_civil_013\" title=\"2026-04-30_estragos_chuva_defesa_civil_013\" data-src=\"http:\/\/www.apucarana.pr.gov.br\/site\/wp-content\/uploads\/2026\/04\/2026-04-30_estragos_chuva_defesa_civil_013-1024x683.jpg\" \/>\n\t<a href=\"http:\/\/www.apucarana.pr.gov.br\/site\/wp-content\/uploads\/2026\/04\/2026-04-30_estragos_chuva_defesa_civil_013-1024x683.jpg\" target=\"_self\"    >2026-04-30_estragos_chuva_defesa_civil_013<\/a>\n\n\n\t<img decoding=\"async\" class=\"ms-thumb\" src=\"http:\/\/www.apucarana.pr.gov.br\/site\/wp-content\/uploads\/2026\/04\/2026-04-30_estragos_chuva_defesa_civil_013-1024x683-140x80.jpg\" alt=\"2026-04-30_estragos_chuva_defesa_civil_013\" \/>\n\t\t\t\t<\/div>\n\t\t\t<div  class=\"ms-slide\" data-delay=\"3\"    >\n\t\t\t\t\t<img decoding=\"async\" src=\"http:\/\/www.apucarana.pr.gov.br\/site\/wp-content\/plugins\/masterslider\/public\/assets\/css\/blank.gif\" alt=\"2026-04-30_estragos_chuva_defesa_civil_014\" title=\"2026-04-30_estragos_chuva_defesa_civil_014\" data-src=\"http:\/\/www.apucarana.pr.gov.br\/site\/wp-content\/uploads\/2026\/04\/2026-04-30_estragos_chuva_defesa_civil_014-1024x683.jpg\" \/>\n\t<a href=\"http:\/\/www.apucarana.pr.gov.br\/site\/wp-content\/uploads\/2026\/04\/2026-04-30_estragos_chuva_defesa_civil_014-1024x683.jpg\" target=\"_self\"    >2026-04-30_estragos_chuva_defesa_civil_014<\/a>\n\n\n\t<img decoding=\"async\" class=\"ms-thumb\" src=\"http:\/\/www.apucarana.pr.gov.br\/site\/wp-content\/uploads\/2026\/04\/2026-04-30_estragos_chuva_defesa_civil_014-1024x683-140x80.jpg\" alt=\"2026-04-30_estragos_chuva_defesa_civil_014\" \/>\n\t\t\t\t<\/div>\n\n\t\t\t<\/div>\n\t\t\t<!-- END MasterSlider Main -->\n\n\t\t\t \n\t\t<\/div>\n\t\t<!-- END MasterSlider -->\n\n\t\t<script>\n\t\t( window.MSReady = window.MSReady || [] ).push( function( $ ) {\n\n\t\t\t\"use strict\";\n\t\t\tvar masterslider_e908 = new MasterSlider();\n\n\t\t\t\/\/ slider controls\n\t\t\tmasterslider_e908.control('arrows'     ,{ autohide:true, overVideo:true  });\n\t\t\tmasterslider_e908.control('thumblist'  ,{ autohide:false, overVideo:true, dir:'h', speed:17, inset:false, arrows:false, hover:false, customClass:'', align:'bottom',type:'thumbs', margin:2, width:140, height:80, space:2, fillMode:'fill'  });\n\t\t\t\/\/ slider setup\n\t\t\tmasterslider_e908.setup(\"MS69f3849b2e908\", {\n\t\t\t\twidth           : 960,\n\t\t\t\theight          : 540,\n\t\t\t\tminHeight       : 0,\n\t\t\t\tspace           : 0,\n\t\t\t\tstart           : 1,\n\t\t\t\tgrabCursor      : true,\n\t\t\t\tswipe           : true,\n\t\t\t\tmouse           : true,\n\t\t\t\tkeyboard        : false,\n\t\t\t\tlayout          : \"fillwidth\",\n\t\t\t\twheel           : false,\n\t\t\t\tautoplay        : true,\n                instantStartLayers:false,\n\t\t\t\tmobileBGVideo:false,\n\t\t\t\tloop            : true,\n\t\t\t\tshuffle         : false,\n\t\t\t\tpreload         : 3,\n\t\t\t\theightLimit     : false,\n\t\t\t\tautoHeight      : false,\n\t\t\t\tsmoothHeight    : true,\n\t\t\t\tendPause        : false,\n\t\t\t\toverPause       : false,\n\t\t\t\tfillMode        : \"fill\",\n\t\t\t\tcenterControls  : true,\n\t\t\t\tstartOnAppear   : false,\n\t\t\t\tlayersMode      : \"center\",\n\t\t\t\tautofillTarget  : \"\",\n\t\t\t\thideLayers      : false,\n\t\t\t\tfullscreenMargin: 0,\n\t\t\t\tspeed           : 17,\n\t\t\t\tdir             : \"h\",\n\t\t\t\tresponsive      : true,\n\t\t\t\ttabletWidth     : 768,\n\t\t\t\ttabletHeight    : null,\n\t\t\t\tphoneWidth      : 480,\n\t\t\t\tphoneHeight    : null,\n\t\t\t\tsizingReference : window,\n\t\t\t\tparallaxMode    : 'swipe',\n\t\t\t\tview            : \"basic\"\n\t\t\t});\n\n\t\t\t\n\t\t\twindow.masterslider_instances = window.masterslider_instances || [];\n\t\t\twindow.masterslider_instances.push( masterslider_e908 );\n\t\t});\n\t\t<\/script>\n\n\n<p>Equipes da Prefeitura de Apucarana est\u00e3o mobilizadas desde as primeiras ocorr\u00eancias das fortes chuvas registradas na noite de quarta-feira (29\/04), com atua\u00e7\u00e3o voltada ao atendimento de moradores e \u00e0 redu\u00e7\u00e3o dos impactos em diferentes regi\u00f5es do munic\u00edpio. A a\u00e7\u00e3o envolve a Defesa Civil, a Guarda Civil Municipal, as secretarias de Obras e de Servi\u00e7os P\u00fablicos, em parceria com o Corpo de Bombeiros.<\/p>\n<p>O prefeito Rodolfo Mota afirma que a resposta ocorre de forma imediata e integrada. \u201cNossa prioridade \u00e9 estar presente onde a popula\u00e7\u00e3o precisa. Estamos nas ruas, acompanhando de perto cada situa\u00e7\u00e3o e garantindo o suporte necess\u00e1rio \u00e0s fam\u00edlias atingidas\u201d, declara.<\/p>\n<p>Al\u00e9m das a\u00e7\u00f5es emergenciais ap\u00f3s o temporal, a Prefeitura mant\u00e9m de forma cont\u00ednua a limpeza de vias e a manuten\u00e7\u00e3o do sistema de drenagem pluvial, como parte das a\u00e7\u00f5es permanentes de manuten\u00e7\u00e3o urbana do munic\u00edpio, com o objetivo de reduzir pontos de alagamento e acelerar a recupera\u00e7\u00e3o das \u00e1reas afetadas. A administra\u00e7\u00e3o tamb\u00e9m refor\u00e7a a import\u00e2ncia da colabora\u00e7\u00e3o da popula\u00e7\u00e3o, especialmente com o descarte correto de res\u00edduos, evitando o ac\u00famulo de lixo nas vias p\u00fablicas e contribuindo para o bom funcionamento do sistema.<\/p>\n<p>De acordo com levantamento inicial da Defesa Civil, houve atendimentos em diversos pontos da cidade. A ocorr\u00eancia de maior gravidade foi registrada no Jardim Catua\u00ed, na Rua Jos\u00e9 Alves de Paula, onde houve deslizamento de terra, enxurrada e destrui\u00e7\u00e3o parcial de um im\u00f3vel.<\/p>\n<p>No Jardim Interlagos, na Rua Rolivar Beje, tamb\u00e9m foram registrados deslizamento de terra, enxurrada e queda de muros, incluindo uma estrutura nos fundos do Centro de Evangeliza\u00e7\u00e3o Dom Romeu Alberti (Cedra). Na Rua Jos\u00e9 Ferreira de Freitas, no mesmo bairro, houve registro de enxurrada. Na divisa entre o Jardim Interlagos e o Jardim Veneza, ocorreram inunda\u00e7\u00e3o rel\u00e2mpago e alagamento de ve\u00edculos.<\/p>\n<p>Inunda\u00e7\u00f5es rel\u00e2mpago tamb\u00e9m foram registradas em tr\u00eas pontos da Avenida Minas Gerais, nas proximidades do Est\u00e1dio Ol\u00edmpio Barreto, do Restaurante Sim\u00f5es e do Auto Center Pit Stop Pneus. \u201cTodo o volume de \u00e1gua da Avenida Minas Gerais, na regi\u00e3o do Auto Center Pit Stop Pneus, escoou para a Avenida Avia\u00e7\u00e3o, causando transtornos em diversas resid\u00eancias\u201d, detalha o coordenador da Defesa Civil, Rodrigo Leme.<\/p>\n<p>No Jardim Iguatemi, na Rua Jos\u00e9 Herculano, houve inunda\u00e7\u00e3o rel\u00e2mpago e queda de muro. A enxurrada e a lama atingiram resid\u00eancias em cerca de tr\u00eas quarteir\u00f5es. \u201cAs nossas equipes permanecem em alerta e em monitoramento cont\u00ednuo, com atua\u00e7\u00e3o conforme a evolu\u00e7\u00e3o das condi\u00e7\u00f5es clim\u00e1ticas\u201d, acrescenta Rodrigo Leme.<\/p>\n<p>A popula\u00e7\u00e3o pode acionar a Defesa Civil pelo telefone 153. O atendimento segue ativo para garantir resposta r\u00e1pida e orienta\u00e7\u00e3o \u00e0s fam\u00edlias.<\/p>\n","protected":false},"excerpt":{"rendered":"<p>Equipes da Prefeitura de Apucarana est&atilde;o mobilizadas desde as primeiras ocorr&ecirc;ncias das fortes chuvas registradas na noite de quarta-feira (29\/04), com atua&ccedil;&atilde;o voltada ao atendimento de moradores e &agrave; redu&ccedil;&atilde;o dos impactos em diferentes regi&otilde;es do munic&iacute;pio. A a&ccedil;&atilde;o envolve a Defesa Civil, a Guarda Civil Municipal, as secretarias de Obras e de Servi&ccedil;os P&uacute;blicos, [&hellip;]<\/p>\n","protected":false},"author":8,"featured_media":126535,"comment_status":"closed","ping_status":"closed","sticky":false,"template":"","format":"standard","meta":{"footnotes":""},"categories":[24],"tags":[],"class_list":["post-126533","post","type-post","status-publish","format-standard","has-post-thumbnail","hentry","category-noticias"],"acf":[],"_links":{"self":[{"href":"http:\/\/www.apucarana.pr.gov.br\/site\/wp-json\/wp\/v2\/posts\/126533","targetHints":{"allow":["GET"]}}],"collection":[{"href":"http:\/\/www.apucarana.pr.gov.br\/site\/wp-json\/wp\/v2\/posts"}],"about":[{"href":"http:\/\/www.apucarana.pr.gov.br\/site\/wp-json\/wp\/v2\/types\/post"}],"author":[{"embeddable":true,"href":"http:\/\/www.apucarana.pr.gov.br\/site\/wp-json\/wp\/v2\/users\/8"}],"replies":[{"embeddable":true,"href":"http:\/\/www.apucarana.pr.gov.br\/site\/wp-json\/wp\/v2\/comments?post=126533"}],"version-history":[{"count":2,"href":"http:\/\/www.apucarana.pr.gov.br\/site\/wp-json\/wp\/v2\/posts\/126533\/revisions"}],"predecessor-version":[{"id":126542,"href":"http:\/\/www.apucarana.pr.gov.br\/site\/wp-json\/wp\/v2\/posts\/126533\/revisions\/126542"}],"wp:featuredmedia":[{"embeddable":true,"href":"http:\/\/www.apucarana.pr.gov.br\/site\/wp-json\/wp\/v2\/media\/126535"}],"wp:attachment":[{"href":"http:\/\/www.apucarana.pr.gov.br\/site\/wp-json\/wp\/v2\/media?parent=126533"}],"wp:term":[{"taxonomy":"category","embeddable":true,"href":"http:\/\/www.apucarana.pr.gov.br\/site\/wp-json\/wp\/v2\/categories?post=126533"},{"taxonomy":"post_tag","embeddable":true,"href":"http:\/\/www.apucarana.pr.gov.br\/site\/wp-json\/wp\/v2\/tags?post=126533"}],"curies":[{"name":"wp","href":"https:\/\/api.w.org\/{rel}","templated":true}]}}