{"id":126521,"date":"2026-04-29T18:02:05","date_gmt":"2026-04-29T21:02:05","guid":{"rendered":"https:\/\/www.apucarana.pr.gov.br\/site\/?p=126521"},"modified":"2026-04-29T18:02:05","modified_gmt":"2026-04-29T21:02:05","slug":"ponte-do-barreiro-entra-na-fase-final-e-tera-interdicao-temporaria-para-garantir-a-qualidade-da-obra","status":"publish","type":"post","link":"http:\/\/www.apucarana.pr.gov.br\/site\/ponte-do-barreiro-entra-na-fase-final-e-tera-interdicao-temporaria-para-garantir-a-qualidade-da-obra\/","title":{"rendered":"Ponte do Barreiro entra na fase final e ter\u00e1 interdi\u00e7\u00e3o tempor\u00e1ria para garantir a qualidade da obra"},"content":{"rendered":"\n\t\t<!-- MasterSlider -->\n\t\t<div id=\"P_MS69f3046a43bf8\" class=\"master-slider-parent master-slider-gallery   ms-parent-id-0\" style=\"\" >\n\n\t\t\t\n\t\t\t<!-- MasterSlider Main -->\n\t\t\t<div id=\"MS69f3046a43bf8\" class=\"master-slider ms-skin-default\" >\n\t\t\t\t \t\t\t\t \n\t\t\t<div  class=\"ms-slide\" data-delay=\"3\"    >\n\t\t\t\t\t<img decoding=\"async\" src=\"http:\/\/www.apucarana.pr.gov.br\/site\/wp-content\/plugins\/masterslider\/public\/assets\/css\/blank.gif\" alt=\"capa_ponte_barreiro_obra\" title=\"capa_ponte_barreiro_obra\" data-src=\"http:\/\/www.apucarana.pr.gov.br\/site\/wp-content\/uploads\/2026\/04\/capa_ponte_barreiro_obra.jpg\" \/>\n\t<a href=\"http:\/\/www.apucarana.pr.gov.br\/site\/wp-content\/uploads\/2026\/04\/capa_ponte_barreiro_obra.jpg\" target=\"_self\"    >capa_ponte_barreiro_obra<\/a>\n\n\n\t<img decoding=\"async\" class=\"ms-thumb\" src=\"http:\/\/www.apucarana.pr.gov.br\/site\/wp-content\/uploads\/2026\/04\/capa_ponte_barreiro_obra-140x80.jpg\" alt=\"capa_ponte_barreiro_obra\" \/>\n\t\t\t\t<\/div>\n\t\t\t<div  class=\"ms-slide\" data-delay=\"3\"    >\n\t\t\t\t\t<img decoding=\"async\" src=\"http:\/\/www.apucarana.pr.gov.br\/site\/wp-content\/plugins\/masterslider\/public\/assets\/css\/blank.gif\" alt=\"capa_ponte_barreiro_obra_01\" title=\"capa_ponte_barreiro_obra_01\" data-src=\"http:\/\/www.apucarana.pr.gov.br\/site\/wp-content\/uploads\/2026\/04\/capa_ponte_barreiro_obra_01-768x1024.jpg\" \/>\n\t<a href=\"http:\/\/www.apucarana.pr.gov.br\/site\/wp-content\/uploads\/2026\/04\/capa_ponte_barreiro_obra_01-768x1024.jpg\" target=\"_self\"    >capa_ponte_barreiro_obra_01<\/a>\n\n\n\t<img decoding=\"async\" class=\"ms-thumb\" src=\"http:\/\/www.apucarana.pr.gov.br\/site\/wp-content\/uploads\/2026\/04\/capa_ponte_barreiro_obra_01-768x1024-140x80.jpg\" alt=\"capa_ponte_barreiro_obra_01\" \/>\n\t\t\t\t<\/div>\n\t\t\t<div  class=\"ms-slide\" data-delay=\"3\"    >\n\t\t\t\t\t<img decoding=\"async\" src=\"http:\/\/www.apucarana.pr.gov.br\/site\/wp-content\/plugins\/masterslider\/public\/assets\/css\/blank.gif\" alt=\"capa_ponte_barreiro_obra_04\" title=\"capa_ponte_barreiro_obra_04\" data-src=\"http:\/\/www.apucarana.pr.gov.br\/site\/wp-content\/uploads\/2026\/04\/capa_ponte_barreiro_obra_04.jpg\" \/>\n\t<a href=\"http:\/\/www.apucarana.pr.gov.br\/site\/wp-content\/uploads\/2026\/04\/capa_ponte_barreiro_obra_04.jpg\" target=\"_self\"    >capa_ponte_barreiro_obra_04<\/a>\n\n\n\t<img decoding=\"async\" class=\"ms-thumb\" src=\"http:\/\/www.apucarana.pr.gov.br\/site\/wp-content\/uploads\/2026\/04\/capa_ponte_barreiro_obra_04-140x80.jpg\" alt=\"capa_ponte_barreiro_obra_04\" \/>\n\t\t\t\t<\/div>\n\t\t\t<div  class=\"ms-slide\" data-delay=\"3\"    >\n\t\t\t\t\t<img decoding=\"async\" src=\"http:\/\/www.apucarana.pr.gov.br\/site\/wp-content\/plugins\/masterslider\/public\/assets\/css\/blank.gif\" alt=\"ponte_barreiro_obra_01_interna\" title=\"ponte_barreiro_obra_01_interna\" data-src=\"http:\/\/www.apucarana.pr.gov.br\/site\/wp-content\/uploads\/2026\/04\/ponte_barreiro_obra_01_interna.jpg\" \/>\n\t<a href=\"http:\/\/www.apucarana.pr.gov.br\/site\/wp-content\/uploads\/2026\/04\/ponte_barreiro_obra_01_interna.jpg\" target=\"_self\"    >ponte_barreiro_obra_01_interna<\/a>\n\n\n\t<img decoding=\"async\" class=\"ms-thumb\" src=\"http:\/\/www.apucarana.pr.gov.br\/site\/wp-content\/uploads\/2026\/04\/ponte_barreiro_obra_01_interna-140x80.jpg\" alt=\"ponte_barreiro_obra_01_interna\" \/>\n\t\t\t\t<\/div>\n\t\t\t<div  class=\"ms-slide\" data-delay=\"3\"    >\n\t\t\t\t\t<img decoding=\"async\" src=\"http:\/\/www.apucarana.pr.gov.br\/site\/wp-content\/plugins\/masterslider\/public\/assets\/css\/blank.gif\" alt=\"ponte_barreiro_obra_04_interna\" title=\"ponte_barreiro_obra_04_interna\" data-src=\"http:\/\/www.apucarana.pr.gov.br\/site\/wp-content\/uploads\/2026\/04\/ponte_barreiro_obra_04_interna-1024x576.jpg\" \/>\n\t<a href=\"http:\/\/www.apucarana.pr.gov.br\/site\/wp-content\/uploads\/2026\/04\/ponte_barreiro_obra_04_interna-1024x576.jpg\" target=\"_self\"    >ponte_barreiro_obra_04_interna<\/a>\n\n\n\t<img decoding=\"async\" class=\"ms-thumb\" src=\"http:\/\/www.apucarana.pr.gov.br\/site\/wp-content\/uploads\/2026\/04\/ponte_barreiro_obra_04_interna-1024x576-140x80.jpg\" alt=\"ponte_barreiro_obra_04_interna\" \/>\n\t\t\t\t<\/div>\n\t\t\t<div  class=\"ms-slide\" data-delay=\"3\"    >\n\t\t\t\t\t<img decoding=\"async\" src=\"http:\/\/www.apucarana.pr.gov.br\/site\/wp-content\/plugins\/masterslider\/public\/assets\/css\/blank.gif\" alt=\"ponte_barreiro_obra_interna\" title=\"ponte_barreiro_obra_interna\" data-src=\"http:\/\/www.apucarana.pr.gov.br\/site\/wp-content\/uploads\/2026\/04\/ponte_barreiro_obra_interna-1024x576.jpg\" \/>\n\t<a href=\"http:\/\/www.apucarana.pr.gov.br\/site\/wp-content\/uploads\/2026\/04\/ponte_barreiro_obra_interna-1024x576.jpg\" target=\"_self\"    >ponte_barreiro_obra_interna<\/a>\n\n\n\t<img decoding=\"async\" class=\"ms-thumb\" src=\"http:\/\/www.apucarana.pr.gov.br\/site\/wp-content\/uploads\/2026\/04\/ponte_barreiro_obra_interna-1024x576-140x80.jpg\" alt=\"ponte_barreiro_obra_interna\" \/>\n\t\t\t\t<\/div>\n\n\t\t\t<\/div>\n\t\t\t<!-- END MasterSlider Main -->\n\n\t\t\t \n\t\t<\/div>\n\t\t<!-- END MasterSlider -->\n\n\t\t<script>\n\t\t( window.MSReady = window.MSReady || [] ).push( function( $ ) {\n\n\t\t\t\"use strict\";\n\t\t\tvar masterslider_3bf8 = new MasterSlider();\n\n\t\t\t\/\/ slider controls\n\t\t\tmasterslider_3bf8.control('arrows'     ,{ autohide:true, overVideo:true  });\n\t\t\tmasterslider_3bf8.control('thumblist'  ,{ autohide:false, overVideo:true, dir:'h', speed:17, inset:false, arrows:false, hover:false, customClass:'', align:'bottom',type:'thumbs', margin:2, width:140, height:80, space:2, fillMode:'fill'  });\n\t\t\t\/\/ slider setup\n\t\t\tmasterslider_3bf8.setup(\"MS69f3046a43bf8\", {\n\t\t\t\twidth           : 960,\n\t\t\t\theight          : 540,\n\t\t\t\tminHeight       : 0,\n\t\t\t\tspace           : 0,\n\t\t\t\tstart           : 1,\n\t\t\t\tgrabCursor      : true,\n\t\t\t\tswipe           : true,\n\t\t\t\tmouse           : true,\n\t\t\t\tkeyboard        : false,\n\t\t\t\tlayout          : \"fillwidth\",\n\t\t\t\twheel           : false,\n\t\t\t\tautoplay        : true,\n                instantStartLayers:false,\n\t\t\t\tmobileBGVideo:false,\n\t\t\t\tloop            : true,\n\t\t\t\tshuffle         : false,\n\t\t\t\tpreload         : 3,\n\t\t\t\theightLimit     : false,\n\t\t\t\tautoHeight      : false,\n\t\t\t\tsmoothHeight    : true,\n\t\t\t\tendPause        : false,\n\t\t\t\toverPause       : false,\n\t\t\t\tfillMode        : \"fill\",\n\t\t\t\tcenterControls  : true,\n\t\t\t\tstartOnAppear   : false,\n\t\t\t\tlayersMode      : \"center\",\n\t\t\t\tautofillTarget  : \"\",\n\t\t\t\thideLayers      : false,\n\t\t\t\tfullscreenMargin: 0,\n\t\t\t\tspeed           : 17,\n\t\t\t\tdir             : \"h\",\n\t\t\t\tresponsive      : true,\n\t\t\t\ttabletWidth     : 768,\n\t\t\t\ttabletHeight    : null,\n\t\t\t\tphoneWidth      : 480,\n\t\t\t\tphoneHeight    : null,\n\t\t\t\tsizingReference : window,\n\t\t\t\tparallaxMode    : 'swipe',\n\t\t\t\tview            : \"basic\"\n\t\t\t});\n\n\t\t\t\n\t\t\twindow.masterslider_instances = window.masterslider_instances || [];\n\t\t\twindow.masterslider_instances.push( masterslider_3bf8 );\n\t\t});\n\t\t<\/script>\n\n\n<p>A partir da pr\u00f3xima segunda-feira (04\/05) o tr\u00e1fego de ve\u00edculos na estrada de acesso \u00e0 comunidade rural do Barreiro estar\u00e1 totalmente impedido no trecho onde est\u00e1 sendo realizada a obra de reconstru\u00e7\u00e3o e alargamento da ponte. Segundo informa a Secretaria Municipal de Obras, a empreiteira respons\u00e1vel pelo servi\u00e7o ir\u00e1 realizar a concretagem da nova estrutura, o que vai exigir tempo de cura do material. A proje\u00e7\u00e3o t\u00e9cnica \u00e9 de que a interdi\u00e7\u00e3o se estenda por pelo menos por 20 dias. Neste per\u00edodo, moradores e produtores rurais, comerciantes da rota tur\u00edstica Estrada Bela e visitantes dever\u00e3o seguir caminho alternativo, via Distrito de Pirap\u00f3.<\/p>\n<p>O prefeito Rodolfo Mota destaca que a obra, aguardada h\u00e1 40 anos pela comunidade, vai modernizar a travessia e melhorar as condi\u00e7\u00f5es de deslocamento na regi\u00e3o, com alargamento da estrutura, que passar\u00e1 de 3,80 metros para 6,50 metros de largura. \u201cO investimento atende a uma demanda hist\u00f3rica. Os maquin\u00e1rios agr\u00edcolas est\u00e3o maiores e isso tornou a travessia cada vez mais dif\u00edcil, obrigando produtores a recorrerem a plataformas para transportar tratores e colheitadeiras de um lado para outro da ponte, o que gera custos adicionais\u201d, afirma.<\/p>\n<p>De acordo com o secret\u00e1rio municipal de Obras, engenheiro civil Mateus Franciscon Fernandes, o bloqueio \u00e9 necess\u00e1rio para a cura do concreto, conforme exig\u00eancias t\u00e9cnicas, garantindo a resist\u00eancia e a durabilidade da nova ponte. Ele explica que a fase atual envolve a montagem de pe\u00e7as pr\u00e9-moldadas e prepara\u00e7\u00e3o para a concretagem, considerada decisiva para a conclus\u00e3o do servi\u00e7o. \u201cA obra entrou na reta final. Estamos na fase de montagem das estruturas pr\u00e9-moldadas e, na sequ\u00eancia, ser\u00e1 feita a concretagem. Nesta quinta-feira, por exemplo, ser\u00e1 feito o i\u00e7amento das vigas, o que demandar\u00e1 controle do tr\u00e2nsito no sistema \u201cPare\u201d e \u201cSiga\u201d ao longo de todo o dia. No feriado e final de semana, o tr\u00e2nsito estar\u00e1 fluindo normalmente mas, na segunda-feira, tem in\u00edcio a concretagem e, ap\u00f3s esse processo, \u00e9 imprescind\u00edvel respeitar o tempo de cura do material, o que impede a passagem de ve\u00edculos para evitar danos \u00e0 estrutura (colapso) e garantir a qualidade do servi\u00e7o\u201d, afirma o secret\u00e1rio. A circula\u00e7\u00e3o de pedestres e motocicletas poder\u00e1 ser avaliada conforme as condi\u00e7\u00f5es de seguran\u00e7a.<\/p>\n<p>O investimento \u00e9 de quase R$ 300 mil e a obra est\u00e1 sendo executada pela empresa Concreto Vale do Iva\u00ed Ltda (Concrevali), vencedora do processo licitat\u00f3rio. O prefeito Rodolfo Mota pede compreens\u00e3o e paci\u00eancia aos usu\u00e1rios da estrada durante o per\u00edodo de interdi\u00e7\u00e3o e que, al\u00e9m de uma ponte requalificada, a comunidade em breve tamb\u00e9m ter\u00e1 o asfaltamento da estrada, que ser\u00e1 executado sobre as pedras irregulares no trecho de cerca de 6 quil\u00f4metros entre a rodovia e o Distrito. \u201cSer\u00e1 a primeira estrada com caracter\u00edsticas rurais totalmente asfaltada da hist\u00f3ria de Apucarana\u201d, lembra Rodolfo Mota. Os recursos j\u00e1 est\u00e3o assegurados junto ao Governo do Estado, com o apoio do governador Ratinho J\u00fanior, dos ent\u00e3o secret\u00e1rios estaduais das Cidades, Guto Silva, e do Trabalho, Do Carmo, e do deputado estadual Jacov\u00f3s.<\/p>\n","protected":false},"excerpt":{"rendered":"<p>A partir da pr&oacute;xima segunda-feira (04\/05) o tr&aacute;fego de ve&iacute;culos na estrada de acesso &agrave; comunidade rural do Barreiro estar&aacute; totalmente impedido no trecho onde est&aacute; sendo realizada a obra de reconstru&ccedil;&atilde;o e alargamento da ponte. Segundo informa a Secretaria Municipal de Obras, a empreiteira respons&aacute;vel pelo servi&ccedil;o ir&aacute; realizar a concretagem da nova estrutura, [&hellip;]<\/p>\n","protected":false},"author":7,"featured_media":126525,"comment_status":"closed","ping_status":"closed","sticky":false,"template":"","format":"standard","meta":{"footnotes":""},"categories":[203],"tags":[],"class_list":["post-126521","post","type-post","status-publish","format-standard","has-post-thumbnail","hentry","category-destaque"],"acf":[],"_links":{"self":[{"href":"http:\/\/www.apucarana.pr.gov.br\/site\/wp-json\/wp\/v2\/posts\/126521","targetHints":{"allow":["GET"]}}],"collection":[{"href":"http:\/\/www.apucarana.pr.gov.br\/site\/wp-json\/wp\/v2\/posts"}],"about":[{"href":"http:\/\/www.apucarana.pr.gov.br\/site\/wp-json\/wp\/v2\/types\/post"}],"author":[{"embeddable":true,"href":"http:\/\/www.apucarana.pr.gov.br\/site\/wp-json\/wp\/v2\/users\/7"}],"replies":[{"embeddable":true,"href":"http:\/\/www.apucarana.pr.gov.br\/site\/wp-json\/wp\/v2\/comments?post=126521"}],"version-history":[{"count":1,"href":"http:\/\/www.apucarana.pr.gov.br\/site\/wp-json\/wp\/v2\/posts\/126521\/revisions"}],"predecessor-version":[{"id":126528,"href":"http:\/\/www.apucarana.pr.gov.br\/site\/wp-json\/wp\/v2\/posts\/126521\/revisions\/126528"}],"wp:featuredmedia":[{"embeddable":true,"href":"http:\/\/www.apucarana.pr.gov.br\/site\/wp-json\/wp\/v2\/media\/126525"}],"wp:attachment":[{"href":"http:\/\/www.apucarana.pr.gov.br\/site\/wp-json\/wp\/v2\/media?parent=126521"}],"wp:term":[{"taxonomy":"category","embeddable":true,"href":"http:\/\/www.apucarana.pr.gov.br\/site\/wp-json\/wp\/v2\/categories?post=126521"},{"taxonomy":"post_tag","embeddable":true,"href":"http:\/\/www.apucarana.pr.gov.br\/site\/wp-json\/wp\/v2\/tags?post=126521"}],"curies":[{"name":"wp","href":"https:\/\/api.w.org\/{rel}","templated":true}]}}