{"id":126507,"date":"2026-04-29T15:00:45","date_gmt":"2026-04-29T18:00:45","guid":{"rendered":"https:\/\/www.apucarana.pr.gov.br\/site\/?p=126507"},"modified":"2026-04-29T15:00:45","modified_gmt":"2026-04-29T18:00:45","slug":"prefeitura-de-apucarana-orienta-sobre-cadastro-de-cuidadores-familiares-de-pessoas-idosas","status":"publish","type":"post","link":"http:\/\/www.apucarana.pr.gov.br\/site\/prefeitura-de-apucarana-orienta-sobre-cadastro-de-cuidadores-familiares-de-pessoas-idosas\/","title":{"rendered":"Prefeitura de Apucarana orienta sobre cadastro de cuidadores familiares de pessoas idosas"},"content":{"rendered":"\n\t\t<!-- MasterSlider -->\n\t\t<div id=\"P_MS69f26c62af319\" class=\"master-slider-parent master-slider-gallery   ms-parent-id-0\" style=\"\" >\n\n\t\t\t\n\t\t\t<!-- MasterSlider Main -->\n\t\t\t<div id=\"MS69f26c62af319\" class=\"master-slider ms-skin-default\" >\n\t\t\t\t \t\t\t\t \n\t\t\t<div  class=\"ms-slide\" data-delay=\"3\"    >\n\t\t\t\t\t<img decoding=\"async\" src=\"http:\/\/www.apucarana.pr.gov.br\/site\/wp-content\/plugins\/masterslider\/public\/assets\/css\/blank.gif\" alt=\"gemini_generated_image_ugt511ugt511ugt51\" title=\"gemini_generated_image_ugt511ugt511ugt51\" data-src=\"http:\/\/www.apucarana.pr.gov.br\/site\/wp-content\/uploads\/2026\/04\/gemini_generated_image_ugt511ugt511ugt51-1024x559.webp\" \/>\n\t<a href=\"http:\/\/www.apucarana.pr.gov.br\/site\/wp-content\/uploads\/2026\/04\/gemini_generated_image_ugt511ugt511ugt51-1024x559.webp\" target=\"_self\"    >gemini_generated_image_ugt511ugt511ugt51<\/a>\n\n\n\t<img decoding=\"async\" class=\"ms-thumb\" src=\"http:\/\/www.apucarana.pr.gov.br\/site\/wp-content\/uploads\/2026\/04\/gemini_generated_image_ugt511ugt511ugt51-1024x559-140x80.webp\" alt=\"gemini_generated_image_ugt511ugt511ugt51\" \/>\n\t\t\t\t<\/div>\n\n\t\t\t<\/div>\n\t\t\t<!-- END MasterSlider Main -->\n\n\t\t\t \n\t\t<\/div>\n\t\t<!-- END MasterSlider -->\n\n\t\t<script>\n\t\t( window.MSReady = window.MSReady || [] ).push( function( $ ) {\n\n\t\t\t\"use strict\";\n\t\t\tvar masterslider_f319 = new MasterSlider();\n\n\t\t\t\/\/ slider controls\n\t\t\tmasterslider_f319.control('arrows'     ,{ autohide:true, overVideo:true  });\n\t\t\tmasterslider_f319.control('thumblist'  ,{ autohide:false, overVideo:true, dir:'h', speed:17, inset:false, arrows:false, hover:false, customClass:'', align:'bottom',type:'thumbs', margin:2, width:140, height:80, space:2, fillMode:'fill'  });\n\t\t\t\/\/ slider setup\n\t\t\tmasterslider_f319.setup(\"MS69f26c62af319\", {\n\t\t\t\twidth           : 960,\n\t\t\t\theight          : 540,\n\t\t\t\tminHeight       : 0,\n\t\t\t\tspace           : 0,\n\t\t\t\tstart           : 1,\n\t\t\t\tgrabCursor      : true,\n\t\t\t\tswipe           : true,\n\t\t\t\tmouse           : true,\n\t\t\t\tkeyboard        : false,\n\t\t\t\tlayout          : \"fillwidth\",\n\t\t\t\twheel           : false,\n\t\t\t\tautoplay        : true,\n                instantStartLayers:false,\n\t\t\t\tmobileBGVideo:false,\n\t\t\t\tloop            : true,\n\t\t\t\tshuffle         : false,\n\t\t\t\tpreload         : 3,\n\t\t\t\theightLimit     : false,\n\t\t\t\tautoHeight      : false,\n\t\t\t\tsmoothHeight    : true,\n\t\t\t\tendPause        : false,\n\t\t\t\toverPause       : false,\n\t\t\t\tfillMode        : \"fill\",\n\t\t\t\tcenterControls  : true,\n\t\t\t\tstartOnAppear   : false,\n\t\t\t\tlayersMode      : \"center\",\n\t\t\t\tautofillTarget  : \"\",\n\t\t\t\thideLayers      : false,\n\t\t\t\tfullscreenMargin: 0,\n\t\t\t\tspeed           : 17,\n\t\t\t\tdir             : \"h\",\n\t\t\t\tresponsive      : true,\n\t\t\t\ttabletWidth     : 768,\n\t\t\t\ttabletHeight    : null,\n\t\t\t\tphoneWidth      : 480,\n\t\t\t\tphoneHeight    : null,\n\t\t\t\tsizingReference : window,\n\t\t\t\tparallaxMode    : 'swipe',\n\t\t\t\tview            : \"basic\"\n\t\t\t});\n\n\t\t\t\n\t\t\twindow.masterslider_instances = window.masterslider_instances || [];\n\t\t\twindow.masterslider_instances.push( masterslider_f319 );\n\t\t});\n\t\t<\/script>\n\n\n<p>A Prefeitura de Apucarana, por meio da Secretaria Municipal de Assist\u00eancia Social, informa que est\u00e1 aberto o Cadastro do Cuidador Paranaense. A ferramenta, desenvolvida pelo Governo do Estado, tem como objetivo mapear e identificar pessoas que prestam cuidados volunt\u00e1rios a familiares em situa\u00e7\u00e3o de fragilidade cl\u00ednico-funcional, formando um banco de dados para subsidiar as pol\u00edticas p\u00fablicas.<\/p>\n<p>De acordo com a secret\u00e1ria municipal de Assist\u00eancia Social, Fab\u00edola Carrero, o cadastro integra o Programa Amigo da Pessoa Idosa, da Secretaria de Estado da Mulher, Igualdade Racial e Pessoa Idosa (SEMIPI). \u201cCuidar de um familiar idoso \u00e9 um ato de dedica\u00e7\u00e3o, mas tamb\u00e9m uma atividade desafiadora, que muitas vezes n\u00e3o \u00e9 reconhecida nem remunerada. O cadastro \u00e9 importante para conectar esses cuidadores \u00e0s pol\u00edticas p\u00fablicas dispon\u00edveis, garantindo acesso a apoio social, inclus\u00e3o em programas assistenciais e outros benef\u00edcios. Por isso, \u00e9 fundamental que todos realizem a inscri\u00e7\u00e3o\u201d, afirmou.<\/p>\n<p>\u00c9 considerado cuidador familiar quem presta assist\u00eancia cont\u00ednua a uma pessoa idosa da fam\u00edlia ou do conv\u00edvio direto, reside no mesmo domic\u00edlio, realiza os cuidados diariamente e n\u00e3o recebe remunera\u00e7\u00e3o. Entre os exemplos est\u00e3o filhos, netos, c\u00f4njuges ou outros familiares respons\u00e1veis pelo cuidado.<\/p>\n<p>Para participar do Programa Amigo da Pessoa Idosa, o cuidador deve ter 18 anos ou mais, estar inscrito no Cadastro \u00danico (Cad\u00danico), possuir renda familiar per capita de at\u00e9 um sal\u00e1rio m\u00ednimo, declarar aptid\u00e3o f\u00edsica e mental para exercer a fun\u00e7\u00e3o, residir com a pessoa idosa e atuar de forma volunt\u00e1ria. Tamb\u00e9m \u00e9 obrigat\u00f3ria a inscri\u00e7\u00e3o no Cadastro do Cuidador Paranaense.<\/p>\n<p>A pessoa idosa assistida deve estar inscrita no Cad\u00danico, apresentar fragilidade cl\u00ednico-funcional comprovada e n\u00e3o residir em institui\u00e7\u00e3o de longa perman\u00eancia.<\/p>\n<p>O cadastro pode ser realizado de forma online, por meio do site do <a href=\"https:\/\/www.semipi.pr.gov.br\/cuidadoresfamiliares\">Programa Paran\u00e1 Amigo da Pessoa Idosa<\/a>.<\/p>\n","protected":false},"excerpt":{"rendered":"<p>A Prefeitura de Apucarana, por meio da Secretaria Municipal de Assist&ecirc;ncia Social, informa que est&aacute; aberto o Cadastro do Cuidador Paranaense. A ferramenta, desenvolvida pelo Governo do Estado, tem como objetivo mapear e identificar pessoas que prestam cuidados volunt&aacute;rios a familiares em situa&ccedil;&atilde;o de fragilidade cl&iacute;nico-funcional, formando um banco de dados para subsidiar as pol&iacute;ticas [&hellip;]<\/p>\n","protected":false},"author":8,"featured_media":126508,"comment_status":"closed","ping_status":"closed","sticky":false,"template":"","format":"standard","meta":{"footnotes":""},"categories":[24],"tags":[],"class_list":["post-126507","post","type-post","status-publish","format-standard","has-post-thumbnail","hentry","category-noticias"],"acf":[],"_links":{"self":[{"href":"http:\/\/www.apucarana.pr.gov.br\/site\/wp-json\/wp\/v2\/posts\/126507","targetHints":{"allow":["GET"]}}],"collection":[{"href":"http:\/\/www.apucarana.pr.gov.br\/site\/wp-json\/wp\/v2\/posts"}],"about":[{"href":"http:\/\/www.apucarana.pr.gov.br\/site\/wp-json\/wp\/v2\/types\/post"}],"author":[{"embeddable":true,"href":"http:\/\/www.apucarana.pr.gov.br\/site\/wp-json\/wp\/v2\/users\/8"}],"replies":[{"embeddable":true,"href":"http:\/\/www.apucarana.pr.gov.br\/site\/wp-json\/wp\/v2\/comments?post=126507"}],"version-history":[{"count":1,"href":"http:\/\/www.apucarana.pr.gov.br\/site\/wp-json\/wp\/v2\/posts\/126507\/revisions"}],"predecessor-version":[{"id":126509,"href":"http:\/\/www.apucarana.pr.gov.br\/site\/wp-json\/wp\/v2\/posts\/126507\/revisions\/126509"}],"wp:featuredmedia":[{"embeddable":true,"href":"http:\/\/www.apucarana.pr.gov.br\/site\/wp-json\/wp\/v2\/media\/126508"}],"wp:attachment":[{"href":"http:\/\/www.apucarana.pr.gov.br\/site\/wp-json\/wp\/v2\/media?parent=126507"}],"wp:term":[{"taxonomy":"category","embeddable":true,"href":"http:\/\/www.apucarana.pr.gov.br\/site\/wp-json\/wp\/v2\/categories?post=126507"},{"taxonomy":"post_tag","embeddable":true,"href":"http:\/\/www.apucarana.pr.gov.br\/site\/wp-json\/wp\/v2\/tags?post=126507"}],"curies":[{"name":"wp","href":"https:\/\/api.w.org\/{rel}","templated":true}]}}