{"id":126501,"date":"2026-04-29T13:06:35","date_gmt":"2026-04-29T16:06:35","guid":{"rendered":"https:\/\/www.apucarana.pr.gov.br\/site\/?p=126501"},"modified":"2026-04-29T18:02:19","modified_gmt":"2026-04-29T21:02:19","slug":"alistamento-militar-mobiliza-jovens-fortalece-a-cidadania-e-prazo-vai-ate-30-de-junho","status":"publish","type":"post","link":"http:\/\/www.apucarana.pr.gov.br\/site\/alistamento-militar-mobiliza-jovens-fortalece-a-cidadania-e-prazo-vai-ate-30-de-junho\/","title":{"rendered":"Alistamento militar mobiliza jovens, fortalece a cidadania e prazo vai at\u00e9 30 de junho"},"content":{"rendered":"\n\t\t<!-- MasterSlider -->\n\t\t<div id=\"P_MS69f27a55bd1ac\" class=\"master-slider-parent master-slider-gallery   ms-parent-id-0\" style=\"\" >\n\n\t\t\t\n\t\t\t<!-- MasterSlider Main -->\n\t\t\t<div id=\"MS69f27a55bd1ac\" class=\"master-slider ms-skin-default\" >\n\t\t\t\t \t\t\t\t \n\t\t\t<div  class=\"ms-slide\" data-delay=\"3\"    >\n\t\t\t\t\t<img decoding=\"async\" src=\"http:\/\/www.apucarana.pr.gov.br\/site\/wp-content\/plugins\/masterslider\/public\/assets\/css\/blank.gif\" alt=\"30\u00b0 bimec -3-\" title=\"30\u00b0 bimec -3-\" data-src=\"http:\/\/www.apucarana.pr.gov.br\/site\/wp-content\/uploads\/2026\/04\/30\u00b0-bimec-3--1024x683.jpg\" \/>\n\t<a href=\"http:\/\/www.apucarana.pr.gov.br\/site\/wp-content\/uploads\/2026\/04\/30\u00b0-bimec-3--1024x683.jpg\" target=\"_self\"    >30\u00b0 bimec -3-<\/a>\n\n\n\t<img decoding=\"async\" class=\"ms-thumb\" src=\"http:\/\/www.apucarana.pr.gov.br\/site\/wp-content\/uploads\/2026\/04\/30\u00b0-bimec-3--1024x683-140x80.jpg\" alt=\"30\u00b0 bimec -3-\" \/>\n\t\t\t\t<\/div>\n\t\t\t<div  class=\"ms-slide\" data-delay=\"3\"    >\n\t\t\t\t\t<img decoding=\"async\" src=\"http:\/\/www.apucarana.pr.gov.br\/site\/wp-content\/plugins\/masterslider\/public\/assets\/css\/blank.gif\" alt=\"30\u00b0 bimec -5-\" title=\"30\u00b0 bimec -5-\" data-src=\"http:\/\/www.apucarana.pr.gov.br\/site\/wp-content\/uploads\/2026\/04\/30\u00b0-bimec-5--1024x683.jpg\" \/>\n\t<a href=\"http:\/\/www.apucarana.pr.gov.br\/site\/wp-content\/uploads\/2026\/04\/30\u00b0-bimec-5--1024x683.jpg\" target=\"_self\"    >30\u00b0 bimec -5-<\/a>\n\n\n\t<img decoding=\"async\" class=\"ms-thumb\" src=\"http:\/\/www.apucarana.pr.gov.br\/site\/wp-content\/uploads\/2026\/04\/30\u00b0-bimec-5--1024x683-140x80.jpg\" alt=\"30\u00b0 bimec -5-\" \/>\n\t\t\t\t<\/div>\n\t\t\t<div  class=\"ms-slide\" data-delay=\"3\"    >\n\t\t\t\t\t<img decoding=\"async\" src=\"http:\/\/www.apucarana.pr.gov.br\/site\/wp-content\/plugins\/masterslider\/public\/assets\/css\/blank.gif\" alt=\"30\u00b0 bimec -8-\" title=\"30\u00b0 bimec -8-\" data-src=\"http:\/\/www.apucarana.pr.gov.br\/site\/wp-content\/uploads\/2026\/04\/30\u00b0-bimec-8--1024x683.jpg\" \/>\n\t<a href=\"http:\/\/www.apucarana.pr.gov.br\/site\/wp-content\/uploads\/2026\/04\/30\u00b0-bimec-8--1024x683.jpg\" target=\"_self\"    >30\u00b0 bimec -8-<\/a>\n\n\n\t<img decoding=\"async\" class=\"ms-thumb\" src=\"http:\/\/www.apucarana.pr.gov.br\/site\/wp-content\/uploads\/2026\/04\/30\u00b0-bimec-8--1024x683-140x80.jpg\" alt=\"30\u00b0 bimec -8-\" \/>\n\t\t\t\t<\/div>\n\n\t\t\t<\/div>\n\t\t\t<!-- END MasterSlider Main -->\n\n\t\t\t \n\t\t<\/div>\n\t\t<!-- END MasterSlider -->\n\n\t\t<script>\n\t\t( window.MSReady = window.MSReady || [] ).push( function( $ ) {\n\n\t\t\t\"use strict\";\n\t\t\tvar masterslider_d1ac = new MasterSlider();\n\n\t\t\t\/\/ slider controls\n\t\t\tmasterslider_d1ac.control('arrows'     ,{ autohide:true, overVideo:true  });\n\t\t\tmasterslider_d1ac.control('thumblist'  ,{ autohide:false, overVideo:true, dir:'h', speed:17, inset:false, arrows:false, hover:false, customClass:'', align:'bottom',type:'thumbs', margin:2, width:140, height:80, space:2, fillMode:'fill'  });\n\t\t\t\/\/ slider setup\n\t\t\tmasterslider_d1ac.setup(\"MS69f27a55bd1ac\", {\n\t\t\t\twidth           : 960,\n\t\t\t\theight          : 540,\n\t\t\t\tminHeight       : 0,\n\t\t\t\tspace           : 0,\n\t\t\t\tstart           : 1,\n\t\t\t\tgrabCursor      : true,\n\t\t\t\tswipe           : true,\n\t\t\t\tmouse           : true,\n\t\t\t\tkeyboard        : false,\n\t\t\t\tlayout          : \"fillwidth\",\n\t\t\t\twheel           : false,\n\t\t\t\tautoplay        : true,\n                instantStartLayers:false,\n\t\t\t\tmobileBGVideo:false,\n\t\t\t\tloop            : true,\n\t\t\t\tshuffle         : false,\n\t\t\t\tpreload         : 3,\n\t\t\t\theightLimit     : false,\n\t\t\t\tautoHeight      : false,\n\t\t\t\tsmoothHeight    : true,\n\t\t\t\tendPause        : false,\n\t\t\t\toverPause       : false,\n\t\t\t\tfillMode        : \"fill\",\n\t\t\t\tcenterControls  : true,\n\t\t\t\tstartOnAppear   : false,\n\t\t\t\tlayersMode      : \"center\",\n\t\t\t\tautofillTarget  : \"\",\n\t\t\t\thideLayers      : false,\n\t\t\t\tfullscreenMargin: 0,\n\t\t\t\tspeed           : 17,\n\t\t\t\tdir             : \"h\",\n\t\t\t\tresponsive      : true,\n\t\t\t\ttabletWidth     : 768,\n\t\t\t\ttabletHeight    : null,\n\t\t\t\tphoneWidth      : 480,\n\t\t\t\tphoneHeight    : null,\n\t\t\t\tsizingReference : window,\n\t\t\t\tparallaxMode    : 'swipe',\n\t\t\t\tview            : \"basic\"\n\t\t\t});\n\n\t\t\t\n\t\t\twindow.masterslider_instances = window.masterslider_instances || [];\n\t\t\twindow.masterslider_instances.push( masterslider_d1ac );\n\t\t});\n\t\t<\/script>\n\n\n<p>Jovens que completam 18 anos em 2026 t\u00eam at\u00e9 30 de junho para fazer o alistamento militar obrigat\u00f3rio. O processo \u00e9 simples, podendo ser feito pela internet ou presencialmente na Junta do Servi\u00e7o Militar de Apucarana. At\u00e9 o momento metade do contingente esperado j\u00e1 se alistou e, para quem ainda est\u00e1 com a situa\u00e7\u00e3o pendente, a orienta\u00e7\u00e3o \u00e9 n\u00e3o deixar para a \u00faltima hora.<\/p>\n<p>O prefeito Rodolfo Mota destaca a relev\u00e2ncia do alistamento como um ato de cidadania e responsabilidade. &#8220;\u00c9 fundamental que nossos jovens cumpram com suas obriga\u00e7\u00f5es c\u00edvicas que, ao mesmo tempo, representar\u00e1 aos selecionados a experi\u00eancia \u00fanica de servir na unidade do Ex\u00e9rcito sediada em Apucarana, que \u00e9 o 30\u00ba Batalh\u00e3o de Infantaria Mecanizado (BIMec)\u201d, enfatizou.<\/p>\n<p>Quem optar pelo alistamento online, deve acessar o site oficial alistamento.eb.mil.br. Na sequ\u00eancia, basta clicar em \u201cQUERO ME ALISTAR\u201d, selecionar a op\u00e7\u00e3o \u201calistamento militar masculino\u201d, fazer login com a conta gov.br (ou criar uma, se ainda n\u00e3o possuir) e preencher os dados solicitados, incluindo o CPF.<\/p>\n<p>Quem n\u00e3o tem acesso \u00e0 internet ou encontra dificuldades para realizar o procedimento online, deve procurar a Junta de Servi\u00e7o Militar de Apucarana. O atendimento presencial acontece de segunda a sexta-feira, das 8h \u00e0s 11h30 e das 13h30 \u00e0s 18h, na Rua Lapa, n\u00ba 145 \u2013 Edif\u00edcio Executivo \u2013 sala 16, ao lado da prefeitura. \u00c9 necess\u00e1rio apresentar RG, CPF e comprovante de resid\u00eancia. Vale refor\u00e7ar que o atendimento presencial \u00e9 exclusivo para moradores de Apucarana. Jovens de outros munic\u00edpios devem se dirigir \u00e0 Junta de sua cidade.<\/p>\n<p>A secret\u00e1ria da Junta do Servi\u00e7o Militar em Apucarana, Ros\u00e2ngela Mineo, refor\u00e7a um ponto que ainda gera d\u00favidas entre os jovens. O alistamento \u00e9 obrigat\u00f3rio para todos que completam 18 anos em 2026. \u201cIsso significa que mesmo o jovem que faz anivers\u00e1rio em dezembro deve realizar o procedimento agora, dentro do prazo regulamentar, para evitar multa e restri\u00e7\u00f5es legais\u201d, alertou.<\/p>\n<p>Ros\u00e2ngela Mineo chama a aten\u00e7\u00e3o para as consequ\u00eancias de quem deixa de se alistar: \u201cO jovem que n\u00e3o se alistar n\u00e3o consegue tirar passaporte, se matricular em universidade, ingressar em emprego p\u00fablico ou assinar contratos com \u00f3rg\u00e3os oficiais\u201d, exemplificou.<\/p>\n<p>CHECAGEM \u2013 Para aqueles que fizeram o alistamento pela Internet, h\u00e1 uma orienta\u00e7\u00e3o complementar. \u00c9 importante que, ap\u00f3s alguns dias, o cidad\u00e3o retorne ao site, clique em \u201cJ\u00e1 me alistei\u201d e selecione \u201cAcompanhar alistamento\u201d. Se o sistema n\u00e3o localizar o registro, o jovem deve procurar a Junta Militar imediatamente. \u201c\u00c9 importante fazer essa confer\u00eancia para garantir que os dados foram alimentados corretamente e que o alistamento est\u00e1 devidamente registrado no sistema\u201d, solicitou Ros\u00e2ngela Mineo.<\/p>\n<p>Mais informa\u00e7\u00f5es podem ser obtidas pelo telefone 43 3425 2035 ou pessoalmente na Junta do Servi\u00e7o Militar.<\/p>\n","protected":false},"excerpt":{"rendered":"<p>Jovens que completam 18 anos em 2026 t&ecirc;m at&eacute; 30 de junho para fazer o alistamento militar obrigat&oacute;rio. O processo &eacute; simples, podendo ser feito pela internet ou presencialmente na Junta do Servi&ccedil;o Militar de Apucarana. At&eacute; o momento metade do contingente esperado j&aacute; se alistou e, para quem ainda est&aacute; com a situa&ccedil;&atilde;o pendente, [&hellip;]<\/p>\n","protected":false},"author":6,"featured_media":126505,"comment_status":"closed","ping_status":"closed","sticky":false,"template":"","format":"standard","meta":{"footnotes":""},"categories":[24],"tags":[],"class_list":["post-126501","post","type-post","status-publish","format-standard","has-post-thumbnail","hentry","category-noticias"],"acf":[],"_links":{"self":[{"href":"http:\/\/www.apucarana.pr.gov.br\/site\/wp-json\/wp\/v2\/posts\/126501","targetHints":{"allow":["GET"]}}],"collection":[{"href":"http:\/\/www.apucarana.pr.gov.br\/site\/wp-json\/wp\/v2\/posts"}],"about":[{"href":"http:\/\/www.apucarana.pr.gov.br\/site\/wp-json\/wp\/v2\/types\/post"}],"author":[{"embeddable":true,"href":"http:\/\/www.apucarana.pr.gov.br\/site\/wp-json\/wp\/v2\/users\/6"}],"replies":[{"embeddable":true,"href":"http:\/\/www.apucarana.pr.gov.br\/site\/wp-json\/wp\/v2\/comments?post=126501"}],"version-history":[{"count":1,"href":"http:\/\/www.apucarana.pr.gov.br\/site\/wp-json\/wp\/v2\/posts\/126501\/revisions"}],"predecessor-version":[{"id":126506,"href":"http:\/\/www.apucarana.pr.gov.br\/site\/wp-json\/wp\/v2\/posts\/126501\/revisions\/126506"}],"wp:featuredmedia":[{"embeddable":true,"href":"http:\/\/www.apucarana.pr.gov.br\/site\/wp-json\/wp\/v2\/media\/126505"}],"wp:attachment":[{"href":"http:\/\/www.apucarana.pr.gov.br\/site\/wp-json\/wp\/v2\/media?parent=126501"}],"wp:term":[{"taxonomy":"category","embeddable":true,"href":"http:\/\/www.apucarana.pr.gov.br\/site\/wp-json\/wp\/v2\/categories?post=126501"},{"taxonomy":"post_tag","embeddable":true,"href":"http:\/\/www.apucarana.pr.gov.br\/site\/wp-json\/wp\/v2\/tags?post=126501"}],"curies":[{"name":"wp","href":"https:\/\/api.w.org\/{rel}","templated":true}]}}