{"id":126491,"date":"2026-04-29T10:40:04","date_gmt":"2026-04-29T13:40:04","guid":{"rendered":"https:\/\/www.apucarana.pr.gov.br\/site\/?p=126491"},"modified":"2026-04-29T10:40:04","modified_gmt":"2026-04-29T13:40:04","slug":"semifinais-do-torneio-1o-de-maio-sao-definidas-em-apucarana","status":"publish","type":"post","link":"http:\/\/www.apucarana.pr.gov.br\/site\/semifinais-do-torneio-1o-de-maio-sao-definidas-em-apucarana\/","title":{"rendered":"Semifinais do Torneio 1\u00ba de Maio s\u00e3o definidas em Apucarana"},"content":{"rendered":"\n\t\t<!-- MasterSlider -->\n\t\t<div id=\"P_MS69f22ac2e43ad\" class=\"master-slider-parent master-slider-gallery   ms-parent-id-0\" style=\"\" >\n\n\t\t\t\n\t\t\t<!-- MasterSlider Main -->\n\t\t\t<div id=\"MS69f22ac2e43ad\" class=\"master-slider ms-skin-default\" >\n\t\t\t\t \t\t\t\t \n\t\t\t<div  class=\"ms-slide\" data-delay=\"3\"    >\n\t\t\t\t\t<img decoding=\"async\" src=\"http:\/\/www.apucarana.pr.gov.br\/site\/wp-content\/plugins\/masterslider\/public\/assets\/css\/blank.gif\" alt=\"Equipe Brooklyn\" title=\"Torneio 1\u00ba de Maio - Brooklyn\" data-src=\"http:\/\/www.apucarana.pr.gov.br\/site\/wp-content\/uploads\/2026\/04\/Torneio-1o-de-Maio-Brooklyn-1024x768.jpeg\" \/>\n\t<a href=\"http:\/\/www.apucarana.pr.gov.br\/site\/wp-content\/uploads\/2026\/04\/Torneio-1o-de-Maio-Brooklyn-1024x768.jpeg\" target=\"_self\"    >Torneio 1\u00ba de Maio - Brooklyn<\/a>\n\n\t\t\t\t\t<div class=\"ms-info\">Equipe Brooklyn<\/div>\n\n\n\t<img decoding=\"async\" class=\"ms-thumb\" src=\"http:\/\/www.apucarana.pr.gov.br\/site\/wp-content\/uploads\/2026\/04\/Torneio-1o-de-Maio-Brooklyn-1024x768-140x80.jpeg\" alt=\"Equipe Brooklyn\" \/>\n\t\t\t\t<\/div>\n\t\t\t<div  class=\"ms-slide\" data-delay=\"3\"    >\n\t\t\t\t\t<img decoding=\"async\" src=\"http:\/\/www.apucarana.pr.gov.br\/site\/wp-content\/plugins\/masterslider\/public\/assets\/css\/blank.gif\" alt=\"Equipe: Colorado\" title=\"Torneio 1\u00ba de Maio - Colorado\" data-src=\"http:\/\/www.apucarana.pr.gov.br\/site\/wp-content\/uploads\/2026\/04\/Torneio-1o-de-Maio-Colorado-1024x768.jpeg\" \/>\n\t<a href=\"http:\/\/www.apucarana.pr.gov.br\/site\/wp-content\/uploads\/2026\/04\/Torneio-1o-de-Maio-Colorado-1024x768.jpeg\" target=\"_self\"    >Torneio 1\u00ba de Maio - Colorado<\/a>\n\n\t\t\t\t\t<div class=\"ms-info\">Equipe: Colorado<\/div>\n\n\n\t<img decoding=\"async\" class=\"ms-thumb\" src=\"http:\/\/www.apucarana.pr.gov.br\/site\/wp-content\/uploads\/2026\/04\/Torneio-1o-de-Maio-Colorado-1024x768-140x80.jpeg\" alt=\"Equipe: Colorado\" \/>\n\t\t\t\t<\/div>\n\t\t\t<div  class=\"ms-slide\" data-delay=\"3\"    >\n\t\t\t\t\t<img decoding=\"async\" src=\"http:\/\/www.apucarana.pr.gov.br\/site\/wp-content\/plugins\/masterslider\/public\/assets\/css\/blank.gif\" alt=\"Equipe: Projeto Gol na Vida\" title=\"Torneio 1\u00ba de Maio - Gol na Vida\" data-src=\"http:\/\/www.apucarana.pr.gov.br\/site\/wp-content\/uploads\/2026\/04\/Torneio-1o-de-Maio-Gol-na-Vida-1024x768.jpeg\" \/>\n\t<a href=\"http:\/\/www.apucarana.pr.gov.br\/site\/wp-content\/uploads\/2026\/04\/Torneio-1o-de-Maio-Gol-na-Vida-1024x768.jpeg\" target=\"_self\"    >Torneio 1\u00ba de Maio - Gol na Vida<\/a>\n\n\t\t\t\t\t<div class=\"ms-info\">Equipe: Projeto Gol na Vida<\/div>\n\n\n\t<img decoding=\"async\" class=\"ms-thumb\" src=\"http:\/\/www.apucarana.pr.gov.br\/site\/wp-content\/uploads\/2026\/04\/Torneio-1o-de-Maio-Gol-na-Vida-1024x768-140x80.jpeg\" alt=\"Equipe: Projeto Gol na Vida\" \/>\n\t\t\t\t<\/div>\n\t\t\t<div  class=\"ms-slide\" data-delay=\"3\"    >\n\t\t\t\t\t<img decoding=\"async\" src=\"http:\/\/www.apucarana.pr.gov.br\/site\/wp-content\/plugins\/masterslider\/public\/assets\/css\/blank.gif\" alt=\"Equipe: JPG\" title=\"Torneio 1\u00ba de Maio - JPG\" data-src=\"http:\/\/www.apucarana.pr.gov.br\/site\/wp-content\/uploads\/2026\/04\/Torneio-1o-de-Maio-JPG-1024x768.jpeg\" \/>\n\t<a href=\"http:\/\/www.apucarana.pr.gov.br\/site\/wp-content\/uploads\/2026\/04\/Torneio-1o-de-Maio-JPG-1024x768.jpeg\" target=\"_self\"    >Torneio 1\u00ba de Maio - JPG<\/a>\n\n\t\t\t\t\t<div class=\"ms-info\">Equipe: JPG<\/div>\n\n\n\t<img decoding=\"async\" class=\"ms-thumb\" src=\"http:\/\/www.apucarana.pr.gov.br\/site\/wp-content\/uploads\/2026\/04\/Torneio-1o-de-Maio-JPG-1024x768-140x80.jpeg\" alt=\"Equipe: JPG\" \/>\n\t\t\t\t<\/div>\n\t\t\t<div  class=\"ms-slide\" data-delay=\"3\"    >\n\t\t\t\t\t<img decoding=\"async\" src=\"http:\/\/www.apucarana.pr.gov.br\/site\/wp-content\/plugins\/masterslider\/public\/assets\/css\/blank.gif\" alt=\"Equipe: Juvenil Velho On\u00f3rio\" title=\"Torneio 1\u00ba de Maio - Juvenil Velho On\u00f3rio\" data-src=\"http:\/\/www.apucarana.pr.gov.br\/site\/wp-content\/uploads\/2026\/04\/Torneio-1o-de-Maio-Juvenil-Velho-Onorio-1024x768.jpeg\" \/>\n\t<a href=\"http:\/\/www.apucarana.pr.gov.br\/site\/wp-content\/uploads\/2026\/04\/Torneio-1o-de-Maio-Juvenil-Velho-Onorio-1024x768.jpeg\" target=\"_self\"    >Torneio 1\u00ba de Maio - Juvenil Velho On\u00f3rio<\/a>\n\n\t\t\t\t\t<div class=\"ms-info\">Equipe: Juvenil Velho On\u00f3rio<\/div>\n\n\n\t<img decoding=\"async\" class=\"ms-thumb\" src=\"http:\/\/www.apucarana.pr.gov.br\/site\/wp-content\/uploads\/2026\/04\/Torneio-1o-de-Maio-Juvenil-Velho-Onorio-1024x768-140x80.jpeg\" alt=\"Equipe: Juvenil Velho On\u00f3rio\" \/>\n\t\t\t\t<\/div>\n\t\t\t<div  class=\"ms-slide\" data-delay=\"3\"    >\n\t\t\t\t\t<img decoding=\"async\" src=\"http:\/\/www.apucarana.pr.gov.br\/site\/wp-content\/plugins\/masterslider\/public\/assets\/css\/blank.gif\" alt=\"Equipe: S.C. Dom Romeu\" title=\"Torneio 1\u00ba de Maio - SC Dom Romeu\" data-src=\"http:\/\/www.apucarana.pr.gov.br\/site\/wp-content\/uploads\/2026\/04\/Torneio-1o-de-Maio-SC-Dom-Romeu-1024x768.jpeg\" \/>\n\t<a href=\"http:\/\/www.apucarana.pr.gov.br\/site\/wp-content\/uploads\/2026\/04\/Torneio-1o-de-Maio-SC-Dom-Romeu-1024x768.jpeg\" target=\"_self\"    >Torneio 1\u00ba de Maio - SC Dom Romeu<\/a>\n\n\t\t\t\t\t<div class=\"ms-info\">Equipe: S.C. Dom Romeu<\/div>\n\n\n\t<img decoding=\"async\" class=\"ms-thumb\" src=\"http:\/\/www.apucarana.pr.gov.br\/site\/wp-content\/uploads\/2026\/04\/Torneio-1o-de-Maio-SC-Dom-Romeu-1024x768-140x80.jpeg\" alt=\"Equipe: S.C. Dom Romeu\" \/>\n\t\t\t\t<\/div>\n\t\t\t<div  class=\"ms-slide\" data-delay=\"3\"    >\n\t\t\t\t\t<img decoding=\"async\" src=\"http:\/\/www.apucarana.pr.gov.br\/site\/wp-content\/plugins\/masterslider\/public\/assets\/css\/blank.gif\" alt=\"Equipe: Tancredo Neves\/Cavan\" title=\"Torneio 1\u00ba de Maio - Tancredo Neves Cavan\" data-src=\"http:\/\/www.apucarana.pr.gov.br\/site\/wp-content\/uploads\/2026\/04\/Torneio-1o-de-Maio-Tancredo-Neves-Cavan-1024x768.jpeg\" \/>\n\t<a href=\"http:\/\/www.apucarana.pr.gov.br\/site\/wp-content\/uploads\/2026\/04\/Torneio-1o-de-Maio-Tancredo-Neves-Cavan-1024x768.jpeg\" target=\"_self\"    >Torneio 1\u00ba de Maio - Tancredo Neves Cavan<\/a>\n\n\t\t\t\t\t<div class=\"ms-info\">Equipe: Tancredo Neves\/Cavan<\/div>\n\n\n\t<img decoding=\"async\" class=\"ms-thumb\" src=\"http:\/\/www.apucarana.pr.gov.br\/site\/wp-content\/uploads\/2026\/04\/Torneio-1o-de-Maio-Tancredo-Neves-Cavan-1024x768-140x80.jpeg\" alt=\"Equipe: Tancredo Neves\/Cavan\" \/>\n\t\t\t\t<\/div>\n\t\t\t<div  class=\"ms-slide\" data-delay=\"3\"    >\n\t\t\t\t\t<img decoding=\"async\" src=\"http:\/\/www.apucarana.pr.gov.br\/site\/wp-content\/plugins\/masterslider\/public\/assets\/css\/blank.gif\" alt=\"Equipe WS Estamparia\/Viana\" title=\"Torneio 1\u00ba de Maio - WS Estamparia Viana\" data-src=\"http:\/\/www.apucarana.pr.gov.br\/site\/wp-content\/uploads\/2026\/04\/Torneio-1o-de-Maio-WS-Estamparia-Viana-1024x768.jpeg\" \/>\n\t<a href=\"http:\/\/www.apucarana.pr.gov.br\/site\/wp-content\/uploads\/2026\/04\/Torneio-1o-de-Maio-WS-Estamparia-Viana-1024x768.jpeg\" target=\"_self\"    >Torneio 1\u00ba de Maio - WS Estamparia Viana<\/a>\n\n\t\t\t\t\t<div class=\"ms-info\">Equipe WS Estamparia\/Viana<\/div>\n\n\n\t<img decoding=\"async\" class=\"ms-thumb\" src=\"http:\/\/www.apucarana.pr.gov.br\/site\/wp-content\/uploads\/2026\/04\/Torneio-1o-de-Maio-WS-Estamparia-Viana-1024x768-140x80.jpeg\" alt=\"Equipe WS Estamparia\/Viana\" \/>\n\t\t\t\t<\/div>\n\n\t\t\t<\/div>\n\t\t\t<!-- END MasterSlider Main -->\n\n\t\t\t \n\t\t<\/div>\n\t\t<!-- END MasterSlider -->\n\n\t\t<script>\n\t\t( window.MSReady = window.MSReady || [] ).push( function( $ ) {\n\n\t\t\t\"use strict\";\n\t\t\tvar masterslider_43ad = new MasterSlider();\n\n\t\t\t\/\/ slider controls\n\t\t\tmasterslider_43ad.control('arrows'     ,{ autohide:true, overVideo:true  });\n\t\t\tmasterslider_43ad.control('thumblist'  ,{ autohide:false, overVideo:true, dir:'h', speed:17, inset:false, arrows:false, hover:false, customClass:'', align:'bottom',type:'thumbs', margin:2, width:140, height:80, space:2, fillMode:'fill'  });\n\t\t\tmasterslider_43ad.control('slideinfo'  ,{ autohide:true, overVideo:true, dir:'h', align:'bottom',inset:true , margin:80  , size:30 });\n\t\t\t\/\/ slider setup\n\t\t\tmasterslider_43ad.setup(\"MS69f22ac2e43ad\", {\n\t\t\t\twidth           : 960,\n\t\t\t\theight          : 540,\n\t\t\t\tminHeight       : 0,\n\t\t\t\tspace           : 0,\n\t\t\t\tstart           : 1,\n\t\t\t\tgrabCursor      : true,\n\t\t\t\tswipe           : true,\n\t\t\t\tmouse           : true,\n\t\t\t\tkeyboard        : false,\n\t\t\t\tlayout          : \"fillwidth\",\n\t\t\t\twheel           : false,\n\t\t\t\tautoplay        : true,\n                instantStartLayers:false,\n\t\t\t\tmobileBGVideo:false,\n\t\t\t\tloop            : true,\n\t\t\t\tshuffle         : false,\n\t\t\t\tpreload         : 3,\n\t\t\t\theightLimit     : false,\n\t\t\t\tautoHeight      : false,\n\t\t\t\tsmoothHeight    : true,\n\t\t\t\tendPause        : false,\n\t\t\t\toverPause       : false,\n\t\t\t\tfillMode        : \"fill\",\n\t\t\t\tcenterControls  : true,\n\t\t\t\tstartOnAppear   : false,\n\t\t\t\tlayersMode      : \"center\",\n\t\t\t\tautofillTarget  : \"\",\n\t\t\t\thideLayers      : false,\n\t\t\t\tfullscreenMargin: 0,\n\t\t\t\tspeed           : 17,\n\t\t\t\tdir             : \"h\",\n\t\t\t\tresponsive      : true,\n\t\t\t\ttabletWidth     : 768,\n\t\t\t\ttabletHeight    : null,\n\t\t\t\tphoneWidth      : 480,\n\t\t\t\tphoneHeight    : null,\n\t\t\t\tsizingReference : window,\n\t\t\t\tparallaxMode    : 'swipe',\n\t\t\t\tview            : \"basic\"\n\t\t\t});\n\n\t\t\t\n\t\t\twindow.masterslider_instances = window.masterslider_instances || [];\n\t\t\twindow.masterslider_instances.push( masterslider_43ad );\n\t\t});\n\t\t<\/script>\n\n\n<p>Os semifinalistas do Torneio de Futebol Amador 1\u00ba de Maio foram definidos na noite de ontem (28\/04), em Apucarana. As equipes Gol na Vida, JPG, WS Estamparia\/Viana e Tancredo\/Cavan avan\u00e7aram ap\u00f3s as quartas de final e seguem na disputa pelo t\u00edtulo. A competi\u00e7\u00e3o \u00e9 promovida pela Prefeitura de Apucarana, por meio da Secretaria Municipal de Esportes.<\/p>\n<p>As partidas das quartas de final foram realizadas no Est\u00e1dio Ol\u00edmpio Barreto. O projeto Gol na Vida venceu o Juvenil Velho On\u00f3rio por 3 a 2. Na sequ\u00eancia, o JPG derrotou o Colorado por 1 a 0 e tamb\u00e9m garantiu a classifica\u00e7\u00e3o.<\/p>\n<p>A equipe WS Estamparia\/Viana venceu o Broolkyn por 1 a 0. No \u00faltimo confronto da rodada, S.C. Dom Romeu e Tancredo\/Cavan empataram em 2 a 2 no tempo regulamentar. Nos p\u00eanaltis, o Tancredo\/Cavan venceu por 2 a 1 e ficou com a vaga.<\/p>\n<p>As semifinais ser\u00e3o disputadas na manh\u00e3 de sexta-feira (1\u00ba\/05), no campo do Z\u00e9 Rico. O primeiro jogo ser\u00e1 entre Gol na Vida e JPG, \u00e0s 8h30. Em seguida, \u00e0s 9h15, jogam WS Estamparia\/Viana e Tancredo\/Cavan.<\/p>\n<p>A disputa pelo terceiro lugar est\u00e1 marcada para as 10 horas, no mesmo local. A final ser\u00e1 realizada na sequ\u00eancia, \u00e0s 11 horas.<\/p>\n<p>O secret\u00e1rio municipal de Esportes, Bruno Marchi, destaca o car\u00e1ter especial da data. \u201cO feriado do Dia do Trabalhador \u00e9 um momento simb\u00f3lico, e o torneio refor\u00e7a a valoriza\u00e7\u00e3o do esporte e da conviv\u00eancia comunit\u00e1ria. Convidamos a popula\u00e7\u00e3o a acompanhar as decis\u00f5es e incentivar nossos atletas\u201d, afirmou.<\/p>\n","protected":false},"excerpt":{"rendered":"<p>Os semifinalistas do Torneio de Futebol Amador 1&ordm; de Maio foram definidos na noite de ontem (28\/04), em Apucarana. As equipes Gol na Vida, JPG, WS Estamparia\/Viana e Tancredo\/Cavan avan&ccedil;aram ap&oacute;s as quartas de final e seguem na disputa pelo t&iacute;tulo. A competi&ccedil;&atilde;o &eacute; promovida pela Prefeitura de Apucarana, por meio da Secretaria Municipal de [&hellip;]<\/p>\n","protected":false},"author":8,"featured_media":126498,"comment_status":"closed","ping_status":"closed","sticky":false,"template":"","format":"standard","meta":{"footnotes":""},"categories":[24],"tags":[],"class_list":["post-126491","post","type-post","status-publish","format-standard","has-post-thumbnail","hentry","category-noticias"],"acf":[],"_links":{"self":[{"href":"http:\/\/www.apucarana.pr.gov.br\/site\/wp-json\/wp\/v2\/posts\/126491","targetHints":{"allow":["GET"]}}],"collection":[{"href":"http:\/\/www.apucarana.pr.gov.br\/site\/wp-json\/wp\/v2\/posts"}],"about":[{"href":"http:\/\/www.apucarana.pr.gov.br\/site\/wp-json\/wp\/v2\/types\/post"}],"author":[{"embeddable":true,"href":"http:\/\/www.apucarana.pr.gov.br\/site\/wp-json\/wp\/v2\/users\/8"}],"replies":[{"embeddable":true,"href":"http:\/\/www.apucarana.pr.gov.br\/site\/wp-json\/wp\/v2\/comments?post=126491"}],"version-history":[{"count":1,"href":"http:\/\/www.apucarana.pr.gov.br\/site\/wp-json\/wp\/v2\/posts\/126491\/revisions"}],"predecessor-version":[{"id":126500,"href":"http:\/\/www.apucarana.pr.gov.br\/site\/wp-json\/wp\/v2\/posts\/126491\/revisions\/126500"}],"wp:featuredmedia":[{"embeddable":true,"href":"http:\/\/www.apucarana.pr.gov.br\/site\/wp-json\/wp\/v2\/media\/126498"}],"wp:attachment":[{"href":"http:\/\/www.apucarana.pr.gov.br\/site\/wp-json\/wp\/v2\/media?parent=126491"}],"wp:term":[{"taxonomy":"category","embeddable":true,"href":"http:\/\/www.apucarana.pr.gov.br\/site\/wp-json\/wp\/v2\/categories?post=126491"},{"taxonomy":"post_tag","embeddable":true,"href":"http:\/\/www.apucarana.pr.gov.br\/site\/wp-json\/wp\/v2\/tags?post=126491"}],"curies":[{"name":"wp","href":"https:\/\/api.w.org\/{rel}","templated":true}]}}