{"id":126479,"date":"2026-04-28T16:19:07","date_gmt":"2026-04-28T19:19:07","guid":{"rendered":"https:\/\/www.apucarana.pr.gov.br\/site\/?p=126479"},"modified":"2026-04-28T16:19:07","modified_gmt":"2026-04-28T19:19:07","slug":"samu-fortalece-resposta-a-emergencias-com-capacitacao-da-guarda-civil-municipal-e-da-copel","status":"publish","type":"post","link":"http:\/\/www.apucarana.pr.gov.br\/site\/samu-fortalece-resposta-a-emergencias-com-capacitacao-da-guarda-civil-municipal-e-da-copel\/","title":{"rendered":"SAMU fortalece resposta a emerg\u00eancias com capacita\u00e7\u00e3o da Guarda Civil Municipal e da Copel"},"content":{"rendered":"\n\t\t<!-- MasterSlider -->\n\t\t<div id=\"P_MS69f12bb860a3d\" class=\"master-slider-parent master-slider-gallery   ms-parent-id-0\" style=\"\" >\n\n\t\t\t\n\t\t\t<!-- MasterSlider Main -->\n\t\t\t<div id=\"MS69f12bb860a3d\" class=\"master-slider ms-skin-default\" >\n\t\t\t\t \t\t\t\t \n\t\t\t<div  class=\"ms-slide\" data-delay=\"3\"    >\n\t\t\t\t\t<img decoding=\"async\" src=\"http:\/\/www.apucarana.pr.gov.br\/site\/wp-content\/plugins\/masterslider\/public\/assets\/css\/blank.gif\" alt=\"28-04-2026_capacitacao_gcm-3\" title=\"28-04-2026_capacitacao_gcm-3\" data-src=\"http:\/\/www.apucarana.pr.gov.br\/site\/wp-content\/uploads\/2026\/04\/28-04-2026_capacitacao_gcm-3-1024x661.jpg\" \/>\n\t<a href=\"http:\/\/www.apucarana.pr.gov.br\/site\/wp-content\/uploads\/2026\/04\/28-04-2026_capacitacao_gcm-3-1024x661.jpg\" target=\"_self\"    >28-04-2026_capacitacao_gcm-3<\/a>\n\n\n\t<img decoding=\"async\" class=\"ms-thumb\" src=\"http:\/\/www.apucarana.pr.gov.br\/site\/wp-content\/uploads\/2026\/04\/28-04-2026_capacitacao_gcm-3-1024x661-140x80.jpg\" alt=\"28-04-2026_capacitacao_gcm-3\" \/>\n\t\t\t\t<\/div>\n\t\t\t<div  class=\"ms-slide\" data-delay=\"3\"    >\n\t\t\t\t\t<img decoding=\"async\" src=\"http:\/\/www.apucarana.pr.gov.br\/site\/wp-content\/plugins\/masterslider\/public\/assets\/css\/blank.gif\" alt=\"28-04-2026_capacitacao_gcm-6\" title=\"28-04-2026_capacitacao_gcm-6\" data-src=\"http:\/\/www.apucarana.pr.gov.br\/site\/wp-content\/uploads\/2026\/04\/28-04-2026_capacitacao_gcm-6-1024x729.jpg\" \/>\n\t<a href=\"http:\/\/www.apucarana.pr.gov.br\/site\/wp-content\/uploads\/2026\/04\/28-04-2026_capacitacao_gcm-6-1024x729.jpg\" target=\"_self\"    >28-04-2026_capacitacao_gcm-6<\/a>\n\n\n\t<img decoding=\"async\" class=\"ms-thumb\" src=\"http:\/\/www.apucarana.pr.gov.br\/site\/wp-content\/uploads\/2026\/04\/28-04-2026_capacitacao_gcm-6-1024x729-140x80.jpg\" alt=\"28-04-2026_capacitacao_gcm-6\" \/>\n\t\t\t\t<\/div>\n\t\t\t<div  class=\"ms-slide\" data-delay=\"3\"    >\n\t\t\t\t\t<img decoding=\"async\" src=\"http:\/\/www.apucarana.pr.gov.br\/site\/wp-content\/plugins\/masterslider\/public\/assets\/css\/blank.gif\" alt=\"28-04-2026_capacitacao_gcm-8\" title=\"28-04-2026_capacitacao_gcm-8\" data-src=\"http:\/\/www.apucarana.pr.gov.br\/site\/wp-content\/uploads\/2026\/04\/28-04-2026_capacitacao_gcm-8-1024x683.jpg\" \/>\n\t<a href=\"http:\/\/www.apucarana.pr.gov.br\/site\/wp-content\/uploads\/2026\/04\/28-04-2026_capacitacao_gcm-8-1024x683.jpg\" target=\"_self\"    >28-04-2026_capacitacao_gcm-8<\/a>\n\n\n\t<img decoding=\"async\" class=\"ms-thumb\" src=\"http:\/\/www.apucarana.pr.gov.br\/site\/wp-content\/uploads\/2026\/04\/28-04-2026_capacitacao_gcm-8-1024x683-140x80.jpg\" alt=\"28-04-2026_capacitacao_gcm-8\" \/>\n\t\t\t\t<\/div>\n\t\t\t<div  class=\"ms-slide\" data-delay=\"3\"    >\n\t\t\t\t\t<img decoding=\"async\" src=\"http:\/\/www.apucarana.pr.gov.br\/site\/wp-content\/plugins\/masterslider\/public\/assets\/css\/blank.gif\" alt=\"28-04-2026_capacitacao_gcm-10\" title=\"28-04-2026_capacitacao_gcm-10\" data-src=\"http:\/\/www.apucarana.pr.gov.br\/site\/wp-content\/uploads\/2026\/04\/28-04-2026_capacitacao_gcm-10-1024x683.jpg\" \/>\n\t<a href=\"http:\/\/www.apucarana.pr.gov.br\/site\/wp-content\/uploads\/2026\/04\/28-04-2026_capacitacao_gcm-10-1024x683.jpg\" target=\"_self\"    >28-04-2026_capacitacao_gcm-10<\/a>\n\n\n\t<img decoding=\"async\" class=\"ms-thumb\" src=\"http:\/\/www.apucarana.pr.gov.br\/site\/wp-content\/uploads\/2026\/04\/28-04-2026_capacitacao_gcm-10-1024x683-140x80.jpg\" alt=\"28-04-2026_capacitacao_gcm-10\" \/>\n\t\t\t\t<\/div>\n\t\t\t<div  class=\"ms-slide\" data-delay=\"3\"    >\n\t\t\t\t\t<img decoding=\"async\" src=\"http:\/\/www.apucarana.pr.gov.br\/site\/wp-content\/plugins\/masterslider\/public\/assets\/css\/blank.gif\" alt=\"28-04-2026_capacitacao_gcm-21\" title=\"28-04-2026_capacitacao_gcm-21\" data-src=\"http:\/\/www.apucarana.pr.gov.br\/site\/wp-content\/uploads\/2026\/04\/28-04-2026_capacitacao_gcm-21-1024x647.jpg\" \/>\n\t<a href=\"http:\/\/www.apucarana.pr.gov.br\/site\/wp-content\/uploads\/2026\/04\/28-04-2026_capacitacao_gcm-21-1024x647.jpg\" target=\"_self\"    >28-04-2026_capacitacao_gcm-21<\/a>\n\n\n\t<img decoding=\"async\" class=\"ms-thumb\" src=\"http:\/\/www.apucarana.pr.gov.br\/site\/wp-content\/uploads\/2026\/04\/28-04-2026_capacitacao_gcm-21-1024x647-140x80.jpg\" alt=\"28-04-2026_capacitacao_gcm-21\" \/>\n\t\t\t\t<\/div>\n\n\t\t\t<\/div>\n\t\t\t<!-- END MasterSlider Main -->\n\n\t\t\t \n\t\t<\/div>\n\t\t<!-- END MasterSlider -->\n\n\t\t<script>\n\t\t( window.MSReady = window.MSReady || [] ).push( function( $ ) {\n\n\t\t\t\"use strict\";\n\t\t\tvar masterslider_0a3d = new MasterSlider();\n\n\t\t\t\/\/ slider controls\n\t\t\tmasterslider_0a3d.control('arrows'     ,{ autohide:true, overVideo:true  });\n\t\t\tmasterslider_0a3d.control('thumblist'  ,{ autohide:false, overVideo:true, dir:'h', speed:17, inset:false, arrows:false, hover:false, customClass:'', align:'bottom',type:'thumbs', margin:2, width:140, height:80, space:2, fillMode:'fill'  });\n\t\t\t\/\/ slider setup\n\t\t\tmasterslider_0a3d.setup(\"MS69f12bb860a3d\", {\n\t\t\t\twidth           : 960,\n\t\t\t\theight          : 540,\n\t\t\t\tminHeight       : 0,\n\t\t\t\tspace           : 0,\n\t\t\t\tstart           : 1,\n\t\t\t\tgrabCursor      : true,\n\t\t\t\tswipe           : true,\n\t\t\t\tmouse           : true,\n\t\t\t\tkeyboard        : false,\n\t\t\t\tlayout          : \"fillwidth\",\n\t\t\t\twheel           : false,\n\t\t\t\tautoplay        : true,\n                instantStartLayers:false,\n\t\t\t\tmobileBGVideo:false,\n\t\t\t\tloop            : true,\n\t\t\t\tshuffle         : false,\n\t\t\t\tpreload         : 3,\n\t\t\t\theightLimit     : false,\n\t\t\t\tautoHeight      : false,\n\t\t\t\tsmoothHeight    : true,\n\t\t\t\tendPause        : false,\n\t\t\t\toverPause       : false,\n\t\t\t\tfillMode        : \"fill\",\n\t\t\t\tcenterControls  : true,\n\t\t\t\tstartOnAppear   : false,\n\t\t\t\tlayersMode      : \"center\",\n\t\t\t\tautofillTarget  : \"\",\n\t\t\t\thideLayers      : false,\n\t\t\t\tfullscreenMargin: 0,\n\t\t\t\tspeed           : 17,\n\t\t\t\tdir             : \"h\",\n\t\t\t\tresponsive      : true,\n\t\t\t\ttabletWidth     : 768,\n\t\t\t\ttabletHeight    : null,\n\t\t\t\tphoneWidth      : 480,\n\t\t\t\tphoneHeight    : null,\n\t\t\t\tsizingReference : window,\n\t\t\t\tparallaxMode    : 'swipe',\n\t\t\t\tview            : \"basic\"\n\t\t\t});\n\n\t\t\t\n\t\t\twindow.masterslider_instances = window.masterslider_instances || [];\n\t\t\twindow.masterslider_instances.push( masterslider_0a3d );\n\t\t});\n\t\t<\/script>\n\n\n<p>A Prefeitura de Apucarana, por meio da Autarquia Municipal de Sa\u00fade (AMS), est\u00e1 promovendo nesta semana uma capacita\u00e7\u00e3o em primeiros socorros voltada a agentes da Guarda Civil Municipal (GCM) e profissionais da Companhia Paranaense de Energia (Copel). A iniciativa integra as a\u00e7\u00f5es do N\u00facleo de Educa\u00e7\u00e3o Permanente (NEP) do Servi\u00e7o de Atendimento M\u00f3vel de Urg\u00eancia (SAMU), com o objetivo de fortalecer a qualifica\u00e7\u00e3o cont\u00ednua em sa\u00fade em setores estrat\u00e9gicos do munic\u00edpio.<\/p>\n<p>De acordo com o secret\u00e1rio municipal de Sa\u00fade, m\u00e9dico Guilherme de Paula, a proposta \u00e9 ampliar a prepara\u00e7\u00e3o dos profissionais para situa\u00e7\u00f5es de urg\u00eancia. \u201cO objetivo \u00e9 capacitar profissionais e a comunidade para agir com seguran\u00e7a e rapidez em situa\u00e7\u00f5es de emerg\u00eancia, como engasgamento, parada cardiorrespirat\u00f3ria e acidentes, reduzindo riscos, salvando vidas e melhorando o tempo de resposta do atendimento especializado\u201d, explicou.<\/p>\n<p>Na tarde desta ter\u00e7a-feira (28\/04), agentes da GCM participaram de treinamento operacional com foco em primeiros socorros, parada cardiorrespirat\u00f3ria (PCR), controle de hemorragias e atendimento a ocorr\u00eancias de risco. J\u00e1 nesta quarta-feira (29\/04), a capacita\u00e7\u00e3o ser\u00e1 direcionada aos profissionais da Copel, com \u00eanfase em acidentes de trabalho, choques el\u00e9tricos e resgate veicular.<\/p>\n<p>As instru\u00e7\u00f5es s\u00e3o ministradas por enfermeiros, socorristas e instrutores do SAMU. Segundo o secret\u00e1rio, as a\u00e7\u00f5es de educa\u00e7\u00e3o permanente tamb\u00e9m incluem atividades pr\u00e1ticas voltadas \u00e0 comunidade. \u201cNa \u00faltima quarta-feira (22\/04), os profissionais do SAMU realizaram uma simula\u00e7\u00e3o real\u00edstica de crise convulsiva no Shopping Centro Norte, orientando funcion\u00e1rios sobre como proceder e acionar a equipe de urg\u00eancia\u201d, destacou.<\/p>\n<p><strong>Projeto Samuzinho amplia alcance nas escolas<\/strong><br \/>\nA AMS tamb\u00e9m est\u00e1 implantando o Projeto Samuzinho, que leva orienta\u00e7\u00f5es sobre primeiros socorros, preven\u00e7\u00e3o de acidentes e uso correto do SAMU \u00e0s escolas e \u00e0 comunidade. A primeira palestra foi realizada na quinta-feira (24\/04), na Escola Evolu\u00e7\u00e3o.<\/p>\n<p>A partir dos pr\u00f3ximos dias, a capacita\u00e7\u00e3o ser\u00e1 estendida aos Centros Municipais de Educa\u00e7\u00e3o Infantil (CMEIs), atendendo profissionais que atuam diretamente com beb\u00eas e crian\u00e7as pequenas. Posteriormente, o projeto ser\u00e1 ampliado para as demais escolas da rede municipal de Apucarana.<\/p>\n<p>O assessor do diretor-presidente da AMS, Euler Rufato, refor\u00e7a a import\u00e2ncia da iniciativa. \u201cQuando ensinamos uma professora a agir em um engasgamento, podemos salvar uma vida dentro da sala de aula\u201d, afirmou.<\/p>\n<p><strong>SAMU Regional atende 17 munic\u00edpios<\/strong><br \/>\nApucarana \u00e9 sede do SAMU Regional Centro Norte, respons\u00e1vel pelo atendimento de urg\u00eancia e emerg\u00eancia em 17 munic\u00edpios do Vale do Iva\u00ed. O servi\u00e7o conta com central de regula\u00e7\u00e3o m\u00e9dica, que recebe chamadas pelo n\u00famero 192, avalia a gravidade dos casos e encaminha ambul\u00e2ncias de suporte b\u00e1sico ou avan\u00e7ado (UTI m\u00f3vel), conforme a necessidade.<\/p>\n","protected":false},"excerpt":{"rendered":"<p>A Prefeitura de Apucarana, por meio da Autarquia Municipal de Sa&uacute;de (AMS), est&aacute; promovendo nesta semana uma capacita&ccedil;&atilde;o em primeiros socorros voltada a agentes da Guarda Civil Municipal (GCM) e profissionais da Companhia Paranaense de Energia (Copel). A iniciativa integra as a&ccedil;&otilde;es do N&uacute;cleo de Educa&ccedil;&atilde;o Permanente (NEP) do Servi&ccedil;o de Atendimento M&oacute;vel de Urg&ecirc;ncia [&hellip;]<\/p>\n","protected":false},"author":8,"featured_media":126485,"comment_status":"closed","ping_status":"closed","sticky":false,"template":"","format":"standard","meta":{"footnotes":""},"categories":[24],"tags":[],"class_list":["post-126479","post","type-post","status-publish","format-standard","has-post-thumbnail","hentry","category-noticias"],"acf":[],"_links":{"self":[{"href":"http:\/\/www.apucarana.pr.gov.br\/site\/wp-json\/wp\/v2\/posts\/126479","targetHints":{"allow":["GET"]}}],"collection":[{"href":"http:\/\/www.apucarana.pr.gov.br\/site\/wp-json\/wp\/v2\/posts"}],"about":[{"href":"http:\/\/www.apucarana.pr.gov.br\/site\/wp-json\/wp\/v2\/types\/post"}],"author":[{"embeddable":true,"href":"http:\/\/www.apucarana.pr.gov.br\/site\/wp-json\/wp\/v2\/users\/8"}],"replies":[{"embeddable":true,"href":"http:\/\/www.apucarana.pr.gov.br\/site\/wp-json\/wp\/v2\/comments?post=126479"}],"version-history":[{"count":1,"href":"http:\/\/www.apucarana.pr.gov.br\/site\/wp-json\/wp\/v2\/posts\/126479\/revisions"}],"predecessor-version":[{"id":126486,"href":"http:\/\/www.apucarana.pr.gov.br\/site\/wp-json\/wp\/v2\/posts\/126479\/revisions\/126486"}],"wp:featuredmedia":[{"embeddable":true,"href":"http:\/\/www.apucarana.pr.gov.br\/site\/wp-json\/wp\/v2\/media\/126485"}],"wp:attachment":[{"href":"http:\/\/www.apucarana.pr.gov.br\/site\/wp-json\/wp\/v2\/media?parent=126479"}],"wp:term":[{"taxonomy":"category","embeddable":true,"href":"http:\/\/www.apucarana.pr.gov.br\/site\/wp-json\/wp\/v2\/categories?post=126479"},{"taxonomy":"post_tag","embeddable":true,"href":"http:\/\/www.apucarana.pr.gov.br\/site\/wp-json\/wp\/v2\/tags?post=126479"}],"curies":[{"name":"wp","href":"https:\/\/api.w.org\/{rel}","templated":true}]}}