{"id":126476,"date":"2026-04-28T15:56:40","date_gmt":"2026-04-28T18:56:40","guid":{"rendered":"https:\/\/www.apucarana.pr.gov.br\/site\/?p=126476"},"modified":"2026-04-28T15:56:40","modified_gmt":"2026-04-28T18:56:40","slug":"caps-ad-de-apucarana-abre-inscricoes-para-cursos-profissionalizantes-em-parceria-com-o-senac","status":"publish","type":"post","link":"http:\/\/www.apucarana.pr.gov.br\/site\/caps-ad-de-apucarana-abre-inscricoes-para-cursos-profissionalizantes-em-parceria-com-o-senac\/","title":{"rendered":"CAPS AD de Apucarana abre inscri\u00e7\u00f5es para cursos profissionalizantes em parceria com o Senac"},"content":{"rendered":"<p>O Centro de Aten\u00e7\u00e3o Psicossocial \u00c1lcool e outras Drogas (CAPS AD) de Apucarana, em parceria com o Servi\u00e7o Nacional de Aprendizagem Comercial (Senac), est\u00e1 com inscri\u00e7\u00f5es abertas para tr\u00eas cursos profissionalizantes voltados aos usu\u00e1rios atendidos pela unidade: produ\u00e7\u00e3o de velas artesanais, artesanato em feltro e patchwork.<\/p>\n<p>A a\u00e7\u00e3o alia qualifica\u00e7\u00e3o profissional ao acompanhamento em sa\u00fade mental, com o objetivo de fortalecer a autonomia, a autoestima e a reinser\u00e7\u00e3o social dos participantes. \u201c\u00c9 uma oportunidade para que eles aprendam algo novo, devolvendo dignidade com trabalho e gera\u00e7\u00e3o de renda. Atrelado ao tratamento por acompanhamento em sa\u00fade mental que recebem, eles poder\u00e3o ser reinseridos na sociedade, reconquistando a autoestima, autovaloriza\u00e7\u00e3o e apoio familiar\u201d, destaca a coordenadora do CAPS AD, Jackeline Louren\u00e7o Aristides.<\/p>\n<p>O curso de produ\u00e7\u00e3o de velas artesanais ter\u00e1 in\u00edcio no dia 4 de maio, com aulas \u00e0s segundas-feiras, das 9 \u00e0s 12 horas, no pr\u00f3prio CAPS AD. Os participantes ter\u00e3o direito a caf\u00e9 da manh\u00e3.<\/p>\n<p>J\u00e1 o curso de artesanato em feltro come\u00e7a no dia 14 de maio, com encontros \u00e0s quintas-feiras, das 14 \u00e0s 17 horas, incluindo caf\u00e9 da tarde.<\/p>\n<p>A oficina de patchwork ter\u00e1 in\u00edcio no dia 25 de maio, tamb\u00e9m \u00e0s segundas-feiras, das 14 \u00e0s 17 horas, com oferta de caf\u00e9 da tarde aos alunos.<\/p>\n<p>Todos os cursos possuem carga hor\u00e1ria de 15 horas e oferecem certifica\u00e7\u00e3o ao final das atividades, ampliando as oportunidades de inser\u00e7\u00e3o no mercado e gera\u00e7\u00e3o de renda.<\/p>\n<p>As inscri\u00e7\u00f5es devem ser feitas pelo WhatsApp do CAPS AD, no n\u00famero (43) 9967-0429.<\/p>\n<p>O CAPS AD de Apucarana est\u00e1 localizado na Rua Jamil Soni, n\u00ba 174, no Bairro 28 de Janeiro, e integra a rede municipal de aten\u00e7\u00e3o psicossocial, oferecendo acolhimento e acompanhamento cont\u00ednuo a pessoas em tratamento por uso de \u00e1lcool e outras drogas.<\/p>\n","protected":false},"excerpt":{"rendered":"<p>O Centro de Aten&ccedil;&atilde;o Psicossocial &Aacute;lcool e outras Drogas (CAPS AD) de Apucarana, em parceria com o Servi&ccedil;o Nacional de Aprendizagem Comercial (Senac), est&aacute; com inscri&ccedil;&otilde;es abertas para tr&ecirc;s cursos profissionalizantes voltados aos usu&aacute;rios atendidos pela unidade: produ&ccedil;&atilde;o de velas artesanais, artesanato em feltro e patchwork. A a&ccedil;&atilde;o alia qualifica&ccedil;&atilde;o profissional ao acompanhamento em sa&uacute;de [&hellip;]<\/p>\n","protected":false},"author":8,"featured_media":126477,"comment_status":"closed","ping_status":"closed","sticky":false,"template":"","format":"standard","meta":{"footnotes":""},"categories":[24],"tags":[],"class_list":["post-126476","post","type-post","status-publish","format-standard","has-post-thumbnail","hentry","category-noticias"],"acf":[],"_links":{"self":[{"href":"http:\/\/www.apucarana.pr.gov.br\/site\/wp-json\/wp\/v2\/posts\/126476","targetHints":{"allow":["GET"]}}],"collection":[{"href":"http:\/\/www.apucarana.pr.gov.br\/site\/wp-json\/wp\/v2\/posts"}],"about":[{"href":"http:\/\/www.apucarana.pr.gov.br\/site\/wp-json\/wp\/v2\/types\/post"}],"author":[{"embeddable":true,"href":"http:\/\/www.apucarana.pr.gov.br\/site\/wp-json\/wp\/v2\/users\/8"}],"replies":[{"embeddable":true,"href":"http:\/\/www.apucarana.pr.gov.br\/site\/wp-json\/wp\/v2\/comments?post=126476"}],"version-history":[{"count":1,"href":"http:\/\/www.apucarana.pr.gov.br\/site\/wp-json\/wp\/v2\/posts\/126476\/revisions"}],"predecessor-version":[{"id":126478,"href":"http:\/\/www.apucarana.pr.gov.br\/site\/wp-json\/wp\/v2\/posts\/126476\/revisions\/126478"}],"wp:featuredmedia":[{"embeddable":true,"href":"http:\/\/www.apucarana.pr.gov.br\/site\/wp-json\/wp\/v2\/media\/126477"}],"wp:attachment":[{"href":"http:\/\/www.apucarana.pr.gov.br\/site\/wp-json\/wp\/v2\/media?parent=126476"}],"wp:term":[{"taxonomy":"category","embeddable":true,"href":"http:\/\/www.apucarana.pr.gov.br\/site\/wp-json\/wp\/v2\/categories?post=126476"},{"taxonomy":"post_tag","embeddable":true,"href":"http:\/\/www.apucarana.pr.gov.br\/site\/wp-json\/wp\/v2\/tags?post=126476"}],"curies":[{"name":"wp","href":"https:\/\/api.w.org\/{rel}","templated":true}]}}