{"id":126450,"date":"2026-04-28T11:50:04","date_gmt":"2026-04-28T14:50:04","guid":{"rendered":"https:\/\/www.apucarana.pr.gov.br\/site\/?p=126450"},"modified":"2026-04-28T12:43:21","modified_gmt":"2026-04-28T15:43:21","slug":"karatecas-de-apucarana-brilham-em-competicao-estadual-com-apoio-do-bolsa-atleta","status":"publish","type":"post","link":"http:\/\/www.apucarana.pr.gov.br\/site\/karatecas-de-apucarana-brilham-em-competicao-estadual-com-apoio-do-bolsa-atleta\/","title":{"rendered":"Karatecas de Apucarana brilham em competi\u00e7\u00e3o estadual com apoio do Bolsa Atleta"},"content":{"rendered":"\n\t\t<!-- MasterSlider -->\n\t\t<div id=\"P_MS69f100a6ae4b9\" class=\"master-slider-parent master-slider-gallery   ms-parent-id-0\" style=\"\" >\n\n\t\t\t\n\t\t\t<!-- MasterSlider Main -->\n\t\t\t<div id=\"MS69f100a6ae4b9\" class=\"master-slider ms-skin-default\" >\n\t\t\t\t \t\t\t\t \n\t\t\t<div  class=\"ms-slide\" data-delay=\"3\"    >\n\t\t\t\t\t<img decoding=\"async\" src=\"http:\/\/www.apucarana.pr.gov.br\/site\/wp-content\/plugins\/masterslider\/public\/assets\/css\/blank.gif\" alt=\"WhatsApp Image 2026-04-28 at 08.47.38\" title=\"WhatsApp Image 2026-04-28 at 08.47.38\" data-src=\"http:\/\/www.apucarana.pr.gov.br\/site\/wp-content\/uploads\/2026\/04\/WhatsApp-Image-2026-04-28-at-08.47.38-1024x677.jpeg\" \/>\n\t<a href=\"http:\/\/www.apucarana.pr.gov.br\/site\/wp-content\/uploads\/2026\/04\/WhatsApp-Image-2026-04-28-at-08.47.38-1024x677.jpeg\" target=\"_self\"    >WhatsApp Image 2026-04-28 at 08.47.38<\/a>\n\n\n\t<img decoding=\"async\" class=\"ms-thumb\" src=\"http:\/\/www.apucarana.pr.gov.br\/site\/wp-content\/uploads\/2026\/04\/WhatsApp-Image-2026-04-28-at-08.47.38-1024x677-140x80.jpeg\" alt=\"WhatsApp Image 2026-04-28 at 08.47.38\" \/>\n\t\t\t\t<\/div>\n\n\t\t\t<\/div>\n\t\t\t<!-- END MasterSlider Main -->\n\n\t\t\t \n\t\t<\/div>\n\t\t<!-- END MasterSlider -->\n\n\t\t<script>\n\t\t( window.MSReady = window.MSReady || [] ).push( function( $ ) {\n\n\t\t\t\"use strict\";\n\t\t\tvar masterslider_e4b9 = new MasterSlider();\n\n\t\t\t\/\/ slider controls\n\t\t\tmasterslider_e4b9.control('arrows'     ,{ autohide:true, overVideo:true  });\n\t\t\tmasterslider_e4b9.control('thumblist'  ,{ autohide:false, overVideo:true, dir:'h', speed:17, inset:false, arrows:false, hover:false, customClass:'', align:'bottom',type:'thumbs', margin:2, width:140, height:80, space:2, fillMode:'fill'  });\n\t\t\t\/\/ slider setup\n\t\t\tmasterslider_e4b9.setup(\"MS69f100a6ae4b9\", {\n\t\t\t\twidth           : 960,\n\t\t\t\theight          : 540,\n\t\t\t\tminHeight       : 0,\n\t\t\t\tspace           : 0,\n\t\t\t\tstart           : 1,\n\t\t\t\tgrabCursor      : true,\n\t\t\t\tswipe           : true,\n\t\t\t\tmouse           : true,\n\t\t\t\tkeyboard        : false,\n\t\t\t\tlayout          : \"fillwidth\",\n\t\t\t\twheel           : false,\n\t\t\t\tautoplay        : true,\n                instantStartLayers:false,\n\t\t\t\tmobileBGVideo:false,\n\t\t\t\tloop            : true,\n\t\t\t\tshuffle         : false,\n\t\t\t\tpreload         : 3,\n\t\t\t\theightLimit     : false,\n\t\t\t\tautoHeight      : false,\n\t\t\t\tsmoothHeight    : true,\n\t\t\t\tendPause        : false,\n\t\t\t\toverPause       : false,\n\t\t\t\tfillMode        : \"fill\",\n\t\t\t\tcenterControls  : true,\n\t\t\t\tstartOnAppear   : false,\n\t\t\t\tlayersMode      : \"center\",\n\t\t\t\tautofillTarget  : \"\",\n\t\t\t\thideLayers      : false,\n\t\t\t\tfullscreenMargin: 0,\n\t\t\t\tspeed           : 17,\n\t\t\t\tdir             : \"h\",\n\t\t\t\tresponsive      : true,\n\t\t\t\ttabletWidth     : 768,\n\t\t\t\ttabletHeight    : null,\n\t\t\t\tphoneWidth      : 480,\n\t\t\t\tphoneHeight    : null,\n\t\t\t\tsizingReference : window,\n\t\t\t\tparallaxMode    : 'swipe',\n\t\t\t\tview            : \"basic\"\n\t\t\t});\n\n\t\t\t\n\t\t\twindow.masterslider_instances = window.masterslider_instances || [];\n\t\t\twindow.masterslider_instances.push( masterslider_e4b9 );\n\t\t});\n\t\t<\/script>\n\n\n<p>Apucarana j\u00e1 colhe os resultados do investimento no esporte. Com apoio da Prefeitura, a delega\u00e7\u00e3o que representou o munic\u00edpio brilhou na 1\u00aa Etapa do Campeonato Paranaense de Karat\u00ea. Entre eles, estavam tr\u00eas contemplados do Bolsa Atleta, mostrando a for\u00e7a do programa.<\/p>\n<p>O prefeito Rodolfo Mota celebrou os resultados, destacando o compromisso da administra\u00e7\u00e3o municipal com o desenvolvimento do esporte e a valoriza\u00e7\u00e3o dos talentos locais. \u201cO Bolsa Atleta foi criado para dar condi\u00e7\u00f5es reais aos jovens talentos, permitindo que representem Apucarana em alto n\u00edvel e tenham continuidade no esporte\u201d, ressaltou.<\/p>\n<p>Rodolfo Mota enfatiza que o compromisso da administra\u00e7\u00e3o municipal \u00e9 garantir que nenhum talento se perca por falta de oportunidade ou condi\u00e7\u00f5es financeiras. Ao fornecer o transporte e o aux\u00edlio mensal, a Prefeitura permite que os karatecas foquem exclusivamente em seus desempenhos. \u201cO sucesso no tatame eleva o nome de Apucarana e motiva outros jovens a buscarem o esporte como ferramenta de cidadania, disciplina e de transforma\u00e7\u00e3o social\u201d, pontuou.<\/p>\n<p>A delega\u00e7\u00e3o apucaranense conquistou ao todo 15 medalhas, sendo 4 de ouro, 3 de prata e 8 de bronze. Os p\u00f3dios foram alcan\u00e7ados na competi\u00e7\u00e3o oficial da Federa\u00e7\u00e3o Paranaense de Karat\u00ea (FPrK), que ocorreu no final de semana em Francisco Beltr\u00e3o. O destaque ficou para os atletas Gabriel da Silva, Ana Beatriz Ferreira Fernandes e Leonardo Corr\u00eaa Sebasti\u00e3o, benefici\u00e1rios do Programa Bolsa Atleta.<\/p>\n<p>O secret\u00e1rio municipal de Esportes, Bruno Marchi, valoriza o trabalho da equipe t\u00e9cnica da academia Dojo IPPON, respons\u00e1vel pela prepara\u00e7\u00e3o. \u201cAo todo, 13 atletas voltaram com medalhas, demonstrando a for\u00e7a do karat\u00ea de Apucarana no cen\u00e1rio estadual\u201d, frisou. Marchi ressaltou ainda o papel da comiss\u00e3o t\u00e9cnica e de arbitragem, mencionando o trabalho dos senseis J\u00e9ferson de Oliveira e Eliane Lemes, al\u00e9m de Thiago Lopes e Amauri Val\u00e9rio.<\/p>\n<p><strong>INSCRI\u00c7\u00d5ES ABERTAS &#8211;<\/strong> Marchi lembra que as inscri\u00e7\u00f5es para o Bolsa Atleta 2026 est\u00e3o abertas e seguem at\u00e9 o dia 4 de maio pelo site da Prefeitura. O processo inclui an\u00e1lise documental e de desempenho esportivo, com resultado preliminar previsto para 8 de maio.<\/p>\n<p>O programa garante um aux\u00edlio mensal de R$ 600 para atletas entre 10 e 17 anos, permitindo custear treinamentos, equipamentos, alimenta\u00e7\u00e3o e participa\u00e7\u00e3o em competi\u00e7\u00f5es. O Bolsa atleta contempla diversas modalidades, tanto no feminino quanto no masculino, incluindo atletismo, badminton, basquetebol, futsal, gin\u00e1stica, handebol, jiu-j\u00edtsu, karat\u00ea, kung-fu, t\u00eanis de mesa, voleibol e v\u00f4lei de praia.<\/p>\n<p><strong>\u00a0<\/strong><strong>QUADRO DE MEDALHAS \u00a0\u00a0\u00a0\u00a0\u00a0 <\/strong><\/p>\n<p>\ud83e\udd47 <strong>OURO<\/strong><\/p>\n<ul>\n<li>Iury (Kata e Kumite)<\/li>\n<li>Gabriel da Silva Motta (Kumite)<\/li>\n<li>Jesus (Kumite)<\/li>\n<\/ul>\n<p>\ud83e\udd48 <strong>PRATA<\/strong><\/p>\n<ul>\n<li>Arthur Rebou\u00e7as (Kumite)<\/li>\n<li>Gabriel Biroba (duas medalhas \u2013 Kumite)<\/li>\n<\/ul>\n<p>\ud83e\udd49 <strong>BRONZE<\/strong><\/p>\n<ul>\n<li>Miguel Val\u00e9rio (Kumite)<\/li>\n<li>Arthur Fellipe (Kumite)<\/li>\n<li>Heitor Salustiano (Kumite)<\/li>\n<li>Leonardo Corr\u00eaa Sebasti\u00e3o\u00a0 (Kata)<\/li>\n<li>Ana Beatriz (Kumite)<\/li>\n<li>Aynara (Kumite)<\/li>\n<li>Nycolas Pinheiro (Kumite)<\/li>\n<li>Felipe Val\u00e9rio (Kumite)<\/li>\n<\/ul>\n<p><strong>\u2014 TOTAL: 15 MEDALHAS \u2014<\/strong><br \/>\n<strong>4 ouros | 3 pratas | 8 bronzes<\/strong><\/p>\n","protected":false},"excerpt":{"rendered":"<p>Apucarana j&aacute; colhe os resultados do investimento no esporte. Com apoio da Prefeitura, a delega&ccedil;&atilde;o que representou o munic&iacute;pio brilhou na 1&ordf; Etapa do Campeonato Paranaense de Karat&ecirc;. Entre eles, estavam tr&ecirc;s contemplados do Bolsa Atleta, mostrando a for&ccedil;a do programa. O prefeito Rodolfo Mota celebrou os resultados, destacando o compromisso da administra&ccedil;&atilde;o municipal com [&hellip;]<\/p>\n","protected":false},"author":6,"featured_media":126452,"comment_status":"closed","ping_status":"closed","sticky":false,"template":"","format":"standard","meta":{"footnotes":""},"categories":[203],"tags":[],"class_list":["post-126450","post","type-post","status-publish","format-standard","has-post-thumbnail","hentry","category-destaque"],"acf":[],"_links":{"self":[{"href":"http:\/\/www.apucarana.pr.gov.br\/site\/wp-json\/wp\/v2\/posts\/126450","targetHints":{"allow":["GET"]}}],"collection":[{"href":"http:\/\/www.apucarana.pr.gov.br\/site\/wp-json\/wp\/v2\/posts"}],"about":[{"href":"http:\/\/www.apucarana.pr.gov.br\/site\/wp-json\/wp\/v2\/types\/post"}],"author":[{"embeddable":true,"href":"http:\/\/www.apucarana.pr.gov.br\/site\/wp-json\/wp\/v2\/users\/6"}],"replies":[{"embeddable":true,"href":"http:\/\/www.apucarana.pr.gov.br\/site\/wp-json\/wp\/v2\/comments?post=126450"}],"version-history":[{"count":3,"href":"http:\/\/www.apucarana.pr.gov.br\/site\/wp-json\/wp\/v2\/posts\/126450\/revisions"}],"predecessor-version":[{"id":126455,"href":"http:\/\/www.apucarana.pr.gov.br\/site\/wp-json\/wp\/v2\/posts\/126450\/revisions\/126455"}],"wp:featuredmedia":[{"embeddable":true,"href":"http:\/\/www.apucarana.pr.gov.br\/site\/wp-json\/wp\/v2\/media\/126452"}],"wp:attachment":[{"href":"http:\/\/www.apucarana.pr.gov.br\/site\/wp-json\/wp\/v2\/media?parent=126450"}],"wp:term":[{"taxonomy":"category","embeddable":true,"href":"http:\/\/www.apucarana.pr.gov.br\/site\/wp-json\/wp\/v2\/categories?post=126450"},{"taxonomy":"post_tag","embeddable":true,"href":"http:\/\/www.apucarana.pr.gov.br\/site\/wp-json\/wp\/v2\/tags?post=126450"}],"curies":[{"name":"wp","href":"https:\/\/api.w.org\/{rel}","templated":true}]}}