{"id":126439,"date":"2026-04-27T17:10:59","date_gmt":"2026-04-27T20:10:59","guid":{"rendered":"https:\/\/www.apucarana.pr.gov.br\/site\/?p=126439"},"modified":"2026-04-27T17:33:19","modified_gmt":"2026-04-27T20:33:19","slug":"apucarana-convida-pais-a-responder-pesquisa-para-ampliar-vacinacao-infantil-e-melhorar-o-acesso-nas-ubss","status":"publish","type":"post","link":"http:\/\/www.apucarana.pr.gov.br\/site\/apucarana-convida-pais-a-responder-pesquisa-para-ampliar-vacinacao-infantil-e-melhorar-o-acesso-nas-ubss\/","title":{"rendered":"Apucarana convida pais a responder pesquisa para ampliar vacina\u00e7\u00e3o infantil e melhorar o acesso nas UBS\u2019s"},"content":{"rendered":"\n\t\t<!-- MasterSlider -->\n\t\t<div id=\"P_MS69eff572ee3ac\" class=\"master-slider-parent master-slider-gallery   ms-parent-id-0\" style=\"\" >\n\n\t\t\t\n\t\t\t<!-- MasterSlider Main -->\n\t\t\t<div id=\"MS69eff572ee3ac\" class=\"master-slider ms-skin-default\" >\n\t\t\t\t \t\t\t\t \n\t\t\t<div  class=\"ms-slide\" data-delay=\"3\"    >\n\t\t\t\t\t<img decoding=\"async\" src=\"http:\/\/www.apucarana.pr.gov.br\/site\/wp-content\/plugins\/masterslider\/public\/assets\/css\/blank.gif\" alt=\"vacina-4\" title=\"vacina-4\" data-src=\"http:\/\/www.apucarana.pr.gov.br\/site\/wp-content\/uploads\/2026\/04\/vacina-4-1024x696.jpg\" \/>\n\t<a href=\"http:\/\/www.apucarana.pr.gov.br\/site\/wp-content\/uploads\/2026\/04\/vacina-4-1024x696.jpg\" target=\"_self\"    >vacina-4<\/a>\n\n\n\t<img decoding=\"async\" class=\"ms-thumb\" src=\"http:\/\/www.apucarana.pr.gov.br\/site\/wp-content\/uploads\/2026\/04\/vacina-4-1024x696-140x80.jpg\" alt=\"vacina-4\" \/>\n\t\t\t\t<\/div>\n\n\t\t\t<\/div>\n\t\t\t<!-- END MasterSlider Main -->\n\n\t\t\t \n\t\t<\/div>\n\t\t<!-- END MasterSlider -->\n\n\t\t<script>\n\t\t( window.MSReady = window.MSReady || [] ).push( function( $ ) {\n\n\t\t\t\"use strict\";\n\t\t\tvar masterslider_e3ac = new MasterSlider();\n\n\t\t\t\/\/ slider controls\n\t\t\tmasterslider_e3ac.control('arrows'     ,{ autohide:true, overVideo:true  });\n\t\t\tmasterslider_e3ac.control('thumblist'  ,{ autohide:false, overVideo:true, dir:'h', speed:17, inset:false, arrows:false, hover:false, customClass:'', align:'bottom',type:'thumbs', margin:2, width:140, height:80, space:2, fillMode:'fill'  });\n\t\t\t\/\/ slider setup\n\t\t\tmasterslider_e3ac.setup(\"MS69eff572ee3ac\", {\n\t\t\t\twidth           : 960,\n\t\t\t\theight          : 540,\n\t\t\t\tminHeight       : 0,\n\t\t\t\tspace           : 0,\n\t\t\t\tstart           : 1,\n\t\t\t\tgrabCursor      : true,\n\t\t\t\tswipe           : true,\n\t\t\t\tmouse           : true,\n\t\t\t\tkeyboard        : false,\n\t\t\t\tlayout          : \"fillwidth\",\n\t\t\t\twheel           : false,\n\t\t\t\tautoplay        : true,\n                instantStartLayers:false,\n\t\t\t\tmobileBGVideo:false,\n\t\t\t\tloop            : true,\n\t\t\t\tshuffle         : false,\n\t\t\t\tpreload         : 3,\n\t\t\t\theightLimit     : false,\n\t\t\t\tautoHeight      : false,\n\t\t\t\tsmoothHeight    : true,\n\t\t\t\tendPause        : false,\n\t\t\t\toverPause       : false,\n\t\t\t\tfillMode        : \"fill\",\n\t\t\t\tcenterControls  : true,\n\t\t\t\tstartOnAppear   : false,\n\t\t\t\tlayersMode      : \"center\",\n\t\t\t\tautofillTarget  : \"\",\n\t\t\t\thideLayers      : false,\n\t\t\t\tfullscreenMargin: 0,\n\t\t\t\tspeed           : 17,\n\t\t\t\tdir             : \"h\",\n\t\t\t\tresponsive      : true,\n\t\t\t\ttabletWidth     : 768,\n\t\t\t\ttabletHeight    : null,\n\t\t\t\tphoneWidth      : 480,\n\t\t\t\tphoneHeight    : null,\n\t\t\t\tsizingReference : window,\n\t\t\t\tparallaxMode    : 'swipe',\n\t\t\t\tview            : \"basic\"\n\t\t\t});\n\n\t\t\t\n\t\t\twindow.masterslider_instances = window.masterslider_instances || [];\n\t\t\twindow.masterslider_instances.push( masterslider_e3ac );\n\t\t});\n\t\t<\/script>\n\n\n<p>Uma pesquisa da Autarquia Municipal de Sa\u00fade (AMS) de Apucarana est\u00e1 ouvindo pais e respons\u00e1veis para ampliar a prote\u00e7\u00e3o das crian\u00e7as por meio da vacina\u00e7\u00e3o e avaliar como est\u00e1 sendo o acesso da popula\u00e7\u00e3o \u00e0s vacinas nas Unidades B\u00e1sicas de Sa\u00fade.<\/p>\n<p>Segundo esclarece o secret\u00e1rio municipal da Sa\u00fade, m\u00e9dico Guilherme de Paula, a a\u00e7\u00e3o do Departamento de Vigil\u00e2ncia Epidemiol\u00f3gica da AMS \u00e9 direcionada somente aos pais ou respons\u00e1veis por crian\u00e7as menores de um ano que est\u00e3o com doses em atraso, especialmente aqueles referenciados por unidades de sa\u00fade onde foram identificadas baixas coberturas vacinais. \u201cCom base nas informa\u00e7\u00f5es do sistema, estamos identificando essas fam\u00edlias e entrando em contato para repassar o link da pesquisa. Trata-se de um formul\u00e1rio que deve ser respondido online. As respostas s\u00e3o an\u00f4nimas e servir\u00e3o para melhorar o atendimento e o acesso \u00e0 popula\u00e7\u00e3o\u201d, explica o secret\u00e1rio.<\/p>\n<p>O prefeito Rodolfo Mota afirma que o objetivo \u00e9 qualificar o acesso e fortalecer os servi\u00e7os de vacina\u00e7\u00e3o a partir da escuta da popula\u00e7\u00e3o. \u201cQueremos com esse trabalho ouvir os pais e respons\u00e1veis pelas nossas crian\u00e7as para melhorar cada vez mais o acesso \u00e0 vacina\u00e7\u00e3o infantil no nosso munic\u00edpio. Se o seu filho ou filha menor de um ano est\u00e1 com alguma vacina em atraso, participe dessa pesquisa. \u00c9 um question\u00e1rio simples, objetivo e r\u00e1pido de responder, totalmente an\u00f4nimo. Com a colabora\u00e7\u00e3o da popula\u00e7\u00e3o, vamos aperfei\u00e7oar o atendimento, corrigir poss\u00edveis lacunas e garantir mais sa\u00fade e prote\u00e7\u00e3o para nossas crian\u00e7as. Cuidar das pessoas come\u00e7a ouvindo quem mais precisa dos servi\u00e7os p\u00fablicos\u201d, pontuou Mota.<\/p>\n<p>A pesquisa online \u00e9 enviada pela equipe da AMS diretamente no contato do respons\u00e1vel pela crian\u00e7a e aborda quest\u00f5es como: se o respons\u00e1vel tinha conhecimento do atraso vacinal; facilidade de vacina\u00e7\u00e3o no mesmo dia da procura; tempo de espera nas unidades; motivos que possam ter impedido a vacina\u00e7\u00e3o; clareza das orienta\u00e7\u00f5es recebidas na unidade de sa\u00fade; contato da unidade em casos de atraso vacinal; confian\u00e7a nas vacinas ofertadas pelo SUS; e sugest\u00f5es para melhorar o acesso \u00e0 vacina\u00e7\u00e3o. \u201cTrata-se de uma a\u00e7\u00e3o institucional, segura e fundamental para o aprimoramento dos servi\u00e7os de sa\u00fade. A participa\u00e7\u00e3o da popula\u00e7\u00e3o \u00e9 essencial para fortalecer as estrat\u00e9gias de vacina\u00e7\u00e3o e garantir a prote\u00e7\u00e3o das crian\u00e7as de Apucarana\u201d, diz o enfermeiro Luciano Simpl\u00edcio Sobrinho, coordenador de Vigil\u00e2ncia em Sa\u00fade da AMS.<\/p>\n<p>A pesquisa est\u00e1 dispon\u00edvel no Google Formul\u00e1rios, no endere\u00e7o: <a href=\"https:\/\/forms.gle\/T3MNpp2HM4Ge3Swk8\">https:\/\/forms.gle\/T3MNpp2HM4Ge3Swk8<\/a>. \u201cQualquer d\u00favida ao receber o formul\u00e1rio, a pessoa pode entrar em contato com a UBS de refer\u00eancia para esclarecimentos\u201d, concluiu Sobrinho.<\/p>\n","protected":false},"excerpt":{"rendered":"<p>Uma pesquisa da Autarquia Municipal de Sa&uacute;de (AMS) de Apucarana est&aacute; ouvindo pais e respons&aacute;veis para ampliar a prote&ccedil;&atilde;o das crian&ccedil;as por meio da vacina&ccedil;&atilde;o e avaliar como est&aacute; sendo o acesso da popula&ccedil;&atilde;o &agrave;s vacinas nas Unidades B&aacute;sicas de Sa&uacute;de. Segundo esclarece o secret&aacute;rio municipal da Sa&uacute;de, m&eacute;dico Guilherme de Paula, a a&ccedil;&atilde;o do [&hellip;]<\/p>\n","protected":false},"author":7,"featured_media":126441,"comment_status":"closed","ping_status":"closed","sticky":false,"template":"","format":"standard","meta":{"footnotes":""},"categories":[203],"tags":[],"class_list":["post-126439","post","type-post","status-publish","format-standard","has-post-thumbnail","hentry","category-destaque"],"acf":[],"_links":{"self":[{"href":"http:\/\/www.apucarana.pr.gov.br\/site\/wp-json\/wp\/v2\/posts\/126439","targetHints":{"allow":["GET"]}}],"collection":[{"href":"http:\/\/www.apucarana.pr.gov.br\/site\/wp-json\/wp\/v2\/posts"}],"about":[{"href":"http:\/\/www.apucarana.pr.gov.br\/site\/wp-json\/wp\/v2\/types\/post"}],"author":[{"embeddable":true,"href":"http:\/\/www.apucarana.pr.gov.br\/site\/wp-json\/wp\/v2\/users\/7"}],"replies":[{"embeddable":true,"href":"http:\/\/www.apucarana.pr.gov.br\/site\/wp-json\/wp\/v2\/comments?post=126439"}],"version-history":[{"count":5,"href":"http:\/\/www.apucarana.pr.gov.br\/site\/wp-json\/wp\/v2\/posts\/126439\/revisions"}],"predecessor-version":[{"id":126446,"href":"http:\/\/www.apucarana.pr.gov.br\/site\/wp-json\/wp\/v2\/posts\/126439\/revisions\/126446"}],"wp:featuredmedia":[{"embeddable":true,"href":"http:\/\/www.apucarana.pr.gov.br\/site\/wp-json\/wp\/v2\/media\/126441"}],"wp:attachment":[{"href":"http:\/\/www.apucarana.pr.gov.br\/site\/wp-json\/wp\/v2\/media?parent=126439"}],"wp:term":[{"taxonomy":"category","embeddable":true,"href":"http:\/\/www.apucarana.pr.gov.br\/site\/wp-json\/wp\/v2\/categories?post=126439"},{"taxonomy":"post_tag","embeddable":true,"href":"http:\/\/www.apucarana.pr.gov.br\/site\/wp-json\/wp\/v2\/tags?post=126439"}],"curies":[{"name":"wp","href":"https:\/\/api.w.org\/{rel}","templated":true}]}}