{"id":126425,"date":"2026-04-27T14:57:51","date_gmt":"2026-04-27T17:57:51","guid":{"rendered":"https:\/\/www.apucarana.pr.gov.br\/site\/?p=126425"},"modified":"2026-04-27T16:41:41","modified_gmt":"2026-04-27T19:41:41","slug":"apucarana-conquista-18-podios-em-torneio-estadual-de-atletismo","status":"publish","type":"post","link":"http:\/\/www.apucarana.pr.gov.br\/site\/apucarana-conquista-18-podios-em-torneio-estadual-de-atletismo\/","title":{"rendered":"Apucarana conquista 19 p\u00f3dios em torneio estadual de atletismo"},"content":{"rendered":"\n\t\t<!-- MasterSlider -->\n\t\t<div id=\"P_MS69efcba37278b\" class=\"master-slider-parent master-slider-gallery   ms-parent-id-0\" style=\"\" >\n\n\t\t\t\n\t\t\t<!-- MasterSlider Main -->\n\t\t\t<div id=\"MS69efcba37278b\" class=\"master-slider ms-skin-default\" >\n\t\t\t\t \t\t\t\t \n\t\t\t<div  class=\"ms-slide\" data-delay=\"3\"    >\n\t\t\t\t\t<img decoding=\"async\" src=\"http:\/\/www.apucarana.pr.gov.br\/site\/wp-content\/plugins\/masterslider\/public\/assets\/css\/blank.gif\" alt=\"WhatsApp Image 2026-04-27 at 13.47.23\" title=\"WhatsApp Image 2026-04-27 at 13.47.23\" data-src=\"http:\/\/www.apucarana.pr.gov.br\/site\/wp-content\/uploads\/2026\/04\/WhatsApp-Image-2026-04-27-at-13.47.23.jpeg\" \/>\n\t<a href=\"http:\/\/www.apucarana.pr.gov.br\/site\/wp-content\/uploads\/2026\/04\/WhatsApp-Image-2026-04-27-at-13.47.23.jpeg\" target=\"_self\"    >WhatsApp Image 2026-04-27 at 13.47.23<\/a>\n\n\n\t<img decoding=\"async\" class=\"ms-thumb\" src=\"http:\/\/www.apucarana.pr.gov.br\/site\/wp-content\/uploads\/2026\/04\/WhatsApp-Image-2026-04-27-at-13.47.23-140x80.jpeg\" alt=\"WhatsApp Image 2026-04-27 at 13.47.23\" \/>\n\t\t\t\t<\/div>\n\n\t\t\t<\/div>\n\t\t\t<!-- END MasterSlider Main -->\n\n\t\t\t \n\t\t<\/div>\n\t\t<!-- END MasterSlider -->\n\n\t\t<script>\n\t\t( window.MSReady = window.MSReady || [] ).push( function( $ ) {\n\n\t\t\t\"use strict\";\n\t\t\tvar masterslider_278b = new MasterSlider();\n\n\t\t\t\/\/ slider controls\n\t\t\tmasterslider_278b.control('arrows'     ,{ autohide:true, overVideo:true  });\n\t\t\tmasterslider_278b.control('thumblist'  ,{ autohide:false, overVideo:true, dir:'h', speed:17, inset:false, arrows:false, hover:false, customClass:'', align:'bottom',type:'thumbs', margin:2, width:140, height:80, space:2, fillMode:'fill'  });\n\t\t\t\/\/ slider setup\n\t\t\tmasterslider_278b.setup(\"MS69efcba37278b\", {\n\t\t\t\twidth           : 960,\n\t\t\t\theight          : 540,\n\t\t\t\tminHeight       : 0,\n\t\t\t\tspace           : 0,\n\t\t\t\tstart           : 1,\n\t\t\t\tgrabCursor      : true,\n\t\t\t\tswipe           : true,\n\t\t\t\tmouse           : true,\n\t\t\t\tkeyboard        : false,\n\t\t\t\tlayout          : \"fillwidth\",\n\t\t\t\twheel           : false,\n\t\t\t\tautoplay        : true,\n                instantStartLayers:false,\n\t\t\t\tmobileBGVideo:false,\n\t\t\t\tloop            : true,\n\t\t\t\tshuffle         : false,\n\t\t\t\tpreload         : 3,\n\t\t\t\theightLimit     : false,\n\t\t\t\tautoHeight      : false,\n\t\t\t\tsmoothHeight    : true,\n\t\t\t\tendPause        : false,\n\t\t\t\toverPause       : false,\n\t\t\t\tfillMode        : \"fill\",\n\t\t\t\tcenterControls  : true,\n\t\t\t\tstartOnAppear   : false,\n\t\t\t\tlayersMode      : \"center\",\n\t\t\t\tautofillTarget  : \"\",\n\t\t\t\thideLayers      : false,\n\t\t\t\tfullscreenMargin: 0,\n\t\t\t\tspeed           : 17,\n\t\t\t\tdir             : \"h\",\n\t\t\t\tresponsive      : true,\n\t\t\t\ttabletWidth     : 768,\n\t\t\t\ttabletHeight    : null,\n\t\t\t\tphoneWidth      : 480,\n\t\t\t\tphoneHeight    : null,\n\t\t\t\tsizingReference : window,\n\t\t\t\tparallaxMode    : 'swipe',\n\t\t\t\tview            : \"basic\"\n\t\t\t});\n\n\t\t\t\n\t\t\twindow.masterslider_instances = window.masterslider_instances || [];\n\t\t\twindow.masterslider_instances.push( masterslider_278b );\n\t\t});\n\t\t<\/script>\n\n\n<p>A equipe de atletismo da Prefeitura de Apucarana foi um dos destaques do Torneio da Federa\u00e7\u00e3o de Atletismo do Paran\u00e1 (FAP) realizado neste final de semana na pista da Universidade Estadual de Londrina (UEL). Disputado nas categorias sub 16, sub 14 e Sub 12, os jovens talentos apucaranenses sob treinamento do professor de educa\u00e7\u00e3o f\u00edsica e coordenador municipal de Atletismo, Jos\u00e9 Marcelino da Silva (Grillo), conquistaram oito primeiros lugares, sete segundos lugares e quatro terceiras coloca\u00e7\u00f5es.<\/p>\n<p>O atleta Sub 12, Nathan Augusto Almeida Gerin, foi o principal destaque da competi\u00e7\u00e3o ao bater dois recordes paranaenses nas provas do 60 metros rasos e 600 metros rasos. O\u00a0prefeito Rodolfo Mota salienta que a competi\u00e7\u00e3o reuniu atletas de todo o Paran\u00e1, incluindo a equipe local IPEC Londrina. Para ele, o desempenho da equipe confirma a for\u00e7a do trabalho de base no munic\u00edpio. \u201cEsses resultados nos enchem de orgulho e mostram que Apucarana est\u00e1 no caminho certo, investindo em nossos jovens, oferecendo estrutura e incentivando talentos. Ver nossos atletas subindo ao p\u00f3dio em uma competi\u00e7\u00e3o de alto n\u00edvel \u00e9 a prova de que trabalho s\u00e9rio gera conquistas. Parabenizo cada atleta, o professor Grillo e todas as fam\u00edlias que acreditam no esporte como instrumento de disciplina, cidadania e futuro\u201d, disse o prefeito.<\/p>\n<p>O t\u00e9cnico e coordenador municipal de Atletismo, Jos\u00e9 Marcelino da Silva, tamb\u00e9m avaliou de forma positiva os resultados conquistados pela equipe. \u201cParticipamos das categorias de base da competi\u00e7\u00e3o e, gra\u00e7as a Deus, fomos muito bem em um torneio de n\u00edvel estadual. Tivemos a presen\u00e7a de equipes de diversas cidades do Paran\u00e1, como Londrina, Maring\u00e1, Guarapuava, Foz do Igua\u00e7u, Camb\u00e9, Ibipor\u00e3, Palmas, Medianeira, Rol\u00e2ndia, Mandaguari, Campo Mour\u00e3o, Paranava\u00ed e Nova Esperan\u00e7a. Isso valoriza ainda mais o desempenho dos nossos atletas, que representaram muito bem Apucarana\u201d, observou Grillo.<\/p>\n<p>O secret\u00e1rio municipal de Esportes, Bruno Marchi, ressaltou que os resultados confirmam a qualidade do trabalho desenvolvido com as categorias de base no munic\u00edpio. \u201cApucarana teve uma participa\u00e7\u00e3o extraordin\u00e1ria. Tivemos atletas se destacando nas corridas, nos saltos e em diferentes faixas et\u00e1rias, o que demonstra a for\u00e7a e a renova\u00e7\u00e3o do nosso atletismo. Esses resultados s\u00e3o fruto de treinamento s\u00e9rio, dedica\u00e7\u00e3o dos atletas, apoio das fam\u00edlias e do trabalho comprometido do professor Grillo. Seguiremos investindo no esporte, porque sabemos que ele transforma vidas e revela talentos para o futuro\u201d, concluiu o secret\u00e1rio.<\/p>\n<p><strong><u>Confira o resultado dos atletas de Apucarana<\/u><\/strong><\/p>\n<p><strong>1\u00b0 Lugar<\/strong><\/p>\n<p>&#8211; Sub16. Ana Clara Pavesi: Salto em altura.<br \/>\n&#8211; Sub16. Ana Clara Pavesi: Salto em dist\u00e2ncia.<br \/>\n&#8211; Sub16. Kethellyn Vit\u00f3ria de Lima: 2.000 metros.<br \/>\n&#8211; Sub16. Adryan Gomes: Salto em Altura.<br \/>\n&#8211; Sub14. Allana Sloboda Rodrigues: 800 metros.<br \/>\n&#8211; Sub12. Nathan Augusto Almeida Gerin: 60 metros.<br \/>\n&#8211; Sub12. Nathan Augusto Almeida Gerin: 600 metros.<br \/>\n&#8211; Sub14. Ana Clara Pavesi: Salto em dist\u00e2ncia.<\/p>\n<p><strong>2\u00b0 Lugar<\/strong><\/p>\n<p><span style=\"font-size: 1rem\">&#8211; Sub16: Miguel Pires: Salto em dist\u00e2ncia.<br \/>\n<\/span>&#8211; Sub16. Maur\u00edcio Isaac: Salto em altura.<br \/>\n&#8211; Sub12. Leonardo Gon\u00e7alves: 60 metros.<br \/>\n&#8211; Sub12. Leonardo Gon\u00e7alves: 600 metros.<br \/>\n&#8211; Sub12. Al\u00edcia Sloboda Rodrigues: 60 metros.<br \/>\n&#8211; Sub16. Kethellyn Vit\u00f3ria de Lima: 1.000 metros.<br \/>\n&#8211; Sub14. Allana Sloboda Rodrigues: 150 metros.<\/p>\n<p><strong>3\u00b0 Lugar<\/strong><\/p>\n<p>&#8211; Sub16. Pedro Henrique Rodrigues Bosso: Salto em altura.<br \/>\n&#8211; Sub12. Yan Guilherme Freitas F\u00e9lix: Salto em dist\u00e2ncia.<br \/>\n&#8211; Sub12. Francisco de Assun\u00e7\u00e3o Nedoptalski: 600 metros.<br \/>\n&#8211; Sub16. Miguel Pires: 75 metros.<\/p>\n<p>Tamb\u00e9m representaram a equipe de Apucarana os atletas: Vit\u00f3ria Proen\u00e7a; Jo\u00e3o Vitor Bernardo; Pedro Torres; Emilly da Silva; Isadora Bezerra; Annalu de Moraes; Lorena Chagas; Luiz Gustavo Fernandes; Jos\u00e9 Miguel Vilsinski; Gabriel Magro; Arthur Felix; Cau\u00e3 Motta; Caio dos Santos; Gabrielly Arruda; Alice Nikitiniere; Kimberly Vilas Boas; e Nathaly da Silva.<\/p>\n","protected":false},"excerpt":{"rendered":"<p>A equipe de atletismo da Prefeitura de Apucarana foi um dos destaques do Torneio da Federa&ccedil;&atilde;o de Atletismo do Paran&aacute; (FAP) realizado neste final de semana na pista da Universidade Estadual de Londrina (UEL). Disputado nas categorias sub 16, sub 14 e Sub 12, os jovens talentos apucaranenses sob treinamento do professor de educa&ccedil;&atilde;o f&iacute;sica [&hellip;]<\/p>\n","protected":false},"author":7,"featured_media":126426,"comment_status":"closed","ping_status":"closed","sticky":false,"template":"","format":"standard","meta":{"footnotes":""},"categories":[24],"tags":[],"class_list":["post-126425","post","type-post","status-publish","format-standard","has-post-thumbnail","hentry","category-noticias"],"acf":[],"_links":{"self":[{"href":"http:\/\/www.apucarana.pr.gov.br\/site\/wp-json\/wp\/v2\/posts\/126425","targetHints":{"allow":["GET"]}}],"collection":[{"href":"http:\/\/www.apucarana.pr.gov.br\/site\/wp-json\/wp\/v2\/posts"}],"about":[{"href":"http:\/\/www.apucarana.pr.gov.br\/site\/wp-json\/wp\/v2\/types\/post"}],"author":[{"embeddable":true,"href":"http:\/\/www.apucarana.pr.gov.br\/site\/wp-json\/wp\/v2\/users\/7"}],"replies":[{"embeddable":true,"href":"http:\/\/www.apucarana.pr.gov.br\/site\/wp-json\/wp\/v2\/comments?post=126425"}],"version-history":[{"count":5,"href":"http:\/\/www.apucarana.pr.gov.br\/site\/wp-json\/wp\/v2\/posts\/126425\/revisions"}],"predecessor-version":[{"id":126436,"href":"http:\/\/www.apucarana.pr.gov.br\/site\/wp-json\/wp\/v2\/posts\/126425\/revisions\/126436"}],"wp:featuredmedia":[{"embeddable":true,"href":"http:\/\/www.apucarana.pr.gov.br\/site\/wp-json\/wp\/v2\/media\/126426"}],"wp:attachment":[{"href":"http:\/\/www.apucarana.pr.gov.br\/site\/wp-json\/wp\/v2\/media?parent=126425"}],"wp:term":[{"taxonomy":"category","embeddable":true,"href":"http:\/\/www.apucarana.pr.gov.br\/site\/wp-json\/wp\/v2\/categories?post=126425"},{"taxonomy":"post_tag","embeddable":true,"href":"http:\/\/www.apucarana.pr.gov.br\/site\/wp-json\/wp\/v2\/tags?post=126425"}],"curies":[{"name":"wp","href":"https:\/\/api.w.org\/{rel}","templated":true}]}}