{"id":126398,"date":"2026-04-27T11:50:14","date_gmt":"2026-04-27T14:50:14","guid":{"rendered":"https:\/\/www.apucarana.pr.gov.br\/site\/?p=126398"},"modified":"2026-04-27T12:08:25","modified_gmt":"2026-04-27T15:08:25","slug":"1a-etapa-do-circuito-de-corridas-das-escolas-municipais-promove-a-integracao-das-familias-e-revela-futuros-atletas","status":"publish","type":"post","link":"http:\/\/www.apucarana.pr.gov.br\/site\/1a-etapa-do-circuito-de-corridas-das-escolas-municipais-promove-a-integracao-das-familias-e-revela-futuros-atletas\/","title":{"rendered":"1\u00aa etapa do Circuito de Corrida das Escolas Municipais  promove a integra\u00e7\u00e3o das fam\u00edlias e revela futuros atletas"},"content":{"rendered":"\n\t\t<!-- MasterSlider -->\n\t\t<div id=\"P_MS69efae55b115b\" class=\"master-slider-parent master-slider-gallery   ms-parent-id-0\" style=\"\" >\n\n\t\t\t\n\t\t\t<!-- MasterSlider Main -->\n\t\t\t<div id=\"MS69efae55b115b\" class=\"master-slider ms-skin-default\" >\n\t\t\t\t \t\t\t\t \n\t\t\t<div  class=\"ms-slide\" data-delay=\"3\"    >\n\t\t\t\t\t<img decoding=\"async\" src=\"http:\/\/www.apucarana.pr.gov.br\/site\/wp-content\/plugins\/masterslider\/public\/assets\/css\/blank.gif\" alt=\"2026-04-26_corridade-rua_educacao_lago-jaboti_016\" title=\"2026-04-26_corridade-rua_educacao_lago-jaboti_016\" data-src=\"http:\/\/www.apucarana.pr.gov.br\/site\/wp-content\/uploads\/2026\/04\/2026-04-26_corridade-rua_educacao_lago-jaboti_016.jpg\" \/>\n\t<a href=\"http:\/\/www.apucarana.pr.gov.br\/site\/wp-content\/uploads\/2026\/04\/2026-04-26_corridade-rua_educacao_lago-jaboti_016.jpg\" target=\"_self\"    >2026-04-26_corridade-rua_educacao_lago-jaboti_016<\/a>\n\n\n\t<img decoding=\"async\" class=\"ms-thumb\" src=\"http:\/\/www.apucarana.pr.gov.br\/site\/wp-content\/uploads\/2026\/04\/2026-04-26_corridade-rua_educacao_lago-jaboti_016-140x80.jpg\" alt=\"2026-04-26_corridade-rua_educacao_lago-jaboti_016\" \/>\n\t\t\t\t<\/div>\n\t\t\t<div  class=\"ms-slide\" data-delay=\"3\"    >\n\t\t\t\t\t<img decoding=\"async\" src=\"http:\/\/www.apucarana.pr.gov.br\/site\/wp-content\/plugins\/masterslider\/public\/assets\/css\/blank.gif\" alt=\"2026-04-26_corridade-rua_educacao_lago-jaboti_009\" title=\"2026-04-26_corridade-rua_educacao_lago-jaboti_009\" data-src=\"http:\/\/www.apucarana.pr.gov.br\/site\/wp-content\/uploads\/2026\/04\/2026-04-26_corridade-rua_educacao_lago-jaboti_009-1024x768.jpg\" \/>\n\t<a href=\"http:\/\/www.apucarana.pr.gov.br\/site\/wp-content\/uploads\/2026\/04\/2026-04-26_corridade-rua_educacao_lago-jaboti_009-1024x768.jpg\" target=\"_self\"    >2026-04-26_corridade-rua_educacao_lago-jaboti_009<\/a>\n\n\n\t<img decoding=\"async\" class=\"ms-thumb\" src=\"http:\/\/www.apucarana.pr.gov.br\/site\/wp-content\/uploads\/2026\/04\/2026-04-26_corridade-rua_educacao_lago-jaboti_009-1024x768-140x80.jpg\" alt=\"2026-04-26_corridade-rua_educacao_lago-jaboti_009\" \/>\n\t\t\t\t<\/div>\n\t\t\t<div  class=\"ms-slide\" data-delay=\"3\"    >\n\t\t\t\t\t<img decoding=\"async\" src=\"http:\/\/www.apucarana.pr.gov.br\/site\/wp-content\/plugins\/masterslider\/public\/assets\/css\/blank.gif\" alt=\"2026-04-26_corridade-rua_educacao_lago-jaboti_001\" title=\"2026-04-26_corridade-rua_educacao_lago-jaboti_001\" data-src=\"http:\/\/www.apucarana.pr.gov.br\/site\/wp-content\/uploads\/2026\/04\/2026-04-26_corridade-rua_educacao_lago-jaboti_001-1024x768.jpg\" \/>\n\t<a href=\"http:\/\/www.apucarana.pr.gov.br\/site\/wp-content\/uploads\/2026\/04\/2026-04-26_corridade-rua_educacao_lago-jaboti_001-1024x768.jpg\" target=\"_self\"    >2026-04-26_corridade-rua_educacao_lago-jaboti_001<\/a>\n\n\n\t<img decoding=\"async\" class=\"ms-thumb\" src=\"http:\/\/www.apucarana.pr.gov.br\/site\/wp-content\/uploads\/2026\/04\/2026-04-26_corridade-rua_educacao_lago-jaboti_001-1024x768-140x80.jpg\" alt=\"2026-04-26_corridade-rua_educacao_lago-jaboti_001\" \/>\n\t\t\t\t<\/div>\n\t\t\t<div  class=\"ms-slide\" data-delay=\"3\"    >\n\t\t\t\t\t<img decoding=\"async\" src=\"http:\/\/www.apucarana.pr.gov.br\/site\/wp-content\/plugins\/masterslider\/public\/assets\/css\/blank.gif\" alt=\"2026-04-26_corridade-rua_educacao_lago-jaboti_003\" title=\"2026-04-26_corridade-rua_educacao_lago-jaboti_003\" data-src=\"http:\/\/www.apucarana.pr.gov.br\/site\/wp-content\/uploads\/2026\/04\/2026-04-26_corridade-rua_educacao_lago-jaboti_003-1024x768.jpg\" \/>\n\t<a href=\"http:\/\/www.apucarana.pr.gov.br\/site\/wp-content\/uploads\/2026\/04\/2026-04-26_corridade-rua_educacao_lago-jaboti_003-1024x768.jpg\" target=\"_self\"    >2026-04-26_corridade-rua_educacao_lago-jaboti_003<\/a>\n\n\n\t<img decoding=\"async\" class=\"ms-thumb\" src=\"http:\/\/www.apucarana.pr.gov.br\/site\/wp-content\/uploads\/2026\/04\/2026-04-26_corridade-rua_educacao_lago-jaboti_003-1024x768-140x80.jpg\" alt=\"2026-04-26_corridade-rua_educacao_lago-jaboti_003\" \/>\n\t\t\t\t<\/div>\n\t\t\t<div  class=\"ms-slide\" data-delay=\"3\"    >\n\t\t\t\t\t<img decoding=\"async\" src=\"http:\/\/www.apucarana.pr.gov.br\/site\/wp-content\/plugins\/masterslider\/public\/assets\/css\/blank.gif\" alt=\"2026-04-26_corridade-rua_educacao_lago-jaboti_006\" title=\"2026-04-26_corridade-rua_educacao_lago-jaboti_006\" data-src=\"http:\/\/www.apucarana.pr.gov.br\/site\/wp-content\/uploads\/2026\/04\/2026-04-26_corridade-rua_educacao_lago-jaboti_006-1024x768.jpg\" \/>\n\t<a href=\"http:\/\/www.apucarana.pr.gov.br\/site\/wp-content\/uploads\/2026\/04\/2026-04-26_corridade-rua_educacao_lago-jaboti_006-1024x768.jpg\" target=\"_self\"    >2026-04-26_corridade-rua_educacao_lago-jaboti_006<\/a>\n\n\n\t<img decoding=\"async\" class=\"ms-thumb\" src=\"http:\/\/www.apucarana.pr.gov.br\/site\/wp-content\/uploads\/2026\/04\/2026-04-26_corridade-rua_educacao_lago-jaboti_006-1024x768-140x80.jpg\" alt=\"2026-04-26_corridade-rua_educacao_lago-jaboti_006\" \/>\n\t\t\t\t<\/div>\n\t\t\t<div  class=\"ms-slide\" data-delay=\"3\"    >\n\t\t\t\t\t<img decoding=\"async\" src=\"http:\/\/www.apucarana.pr.gov.br\/site\/wp-content\/plugins\/masterslider\/public\/assets\/css\/blank.gif\" alt=\"2026-04-26_corridade-rua_educacao_lago-jaboti_002\" title=\"2026-04-26_corridade-rua_educacao_lago-jaboti_002\" data-src=\"http:\/\/www.apucarana.pr.gov.br\/site\/wp-content\/uploads\/2026\/04\/2026-04-26_corridade-rua_educacao_lago-jaboti_002-1024x768.jpg\" \/>\n\t<a href=\"http:\/\/www.apucarana.pr.gov.br\/site\/wp-content\/uploads\/2026\/04\/2026-04-26_corridade-rua_educacao_lago-jaboti_002-1024x768.jpg\" target=\"_self\"    >2026-04-26_corridade-rua_educacao_lago-jaboti_002<\/a>\n\n\n\t<img decoding=\"async\" class=\"ms-thumb\" src=\"http:\/\/www.apucarana.pr.gov.br\/site\/wp-content\/uploads\/2026\/04\/2026-04-26_corridade-rua_educacao_lago-jaboti_002-1024x768-140x80.jpg\" alt=\"2026-04-26_corridade-rua_educacao_lago-jaboti_002\" \/>\n\t\t\t\t<\/div>\n\t\t\t<div  class=\"ms-slide\" data-delay=\"3\"    >\n\t\t\t\t\t<img decoding=\"async\" src=\"http:\/\/www.apucarana.pr.gov.br\/site\/wp-content\/plugins\/masterslider\/public\/assets\/css\/blank.gif\" alt=\"2026-04-26_corridade-rua_educacao_lago-jaboti_004\" title=\"2026-04-26_corridade-rua_educacao_lago-jaboti_004\" data-src=\"http:\/\/www.apucarana.pr.gov.br\/site\/wp-content\/uploads\/2026\/04\/2026-04-26_corridade-rua_educacao_lago-jaboti_004-1024x768.jpg\" \/>\n\t<a href=\"http:\/\/www.apucarana.pr.gov.br\/site\/wp-content\/uploads\/2026\/04\/2026-04-26_corridade-rua_educacao_lago-jaboti_004-1024x768.jpg\" target=\"_self\"    >2026-04-26_corridade-rua_educacao_lago-jaboti_004<\/a>\n\n\n\t<img decoding=\"async\" class=\"ms-thumb\" src=\"http:\/\/www.apucarana.pr.gov.br\/site\/wp-content\/uploads\/2026\/04\/2026-04-26_corridade-rua_educacao_lago-jaboti_004-1024x768-140x80.jpg\" alt=\"2026-04-26_corridade-rua_educacao_lago-jaboti_004\" \/>\n\t\t\t\t<\/div>\n\t\t\t<div  class=\"ms-slide\" data-delay=\"3\"    >\n\t\t\t\t\t<img decoding=\"async\" src=\"http:\/\/www.apucarana.pr.gov.br\/site\/wp-content\/plugins\/masterslider\/public\/assets\/css\/blank.gif\" alt=\"2026-04-26_corridade-rua_educacao_lago-jaboti_005\" title=\"2026-04-26_corridade-rua_educacao_lago-jaboti_005\" data-src=\"http:\/\/www.apucarana.pr.gov.br\/site\/wp-content\/uploads\/2026\/04\/2026-04-26_corridade-rua_educacao_lago-jaboti_005-1024x768.jpg\" \/>\n\t<a href=\"http:\/\/www.apucarana.pr.gov.br\/site\/wp-content\/uploads\/2026\/04\/2026-04-26_corridade-rua_educacao_lago-jaboti_005-1024x768.jpg\" target=\"_self\"    >2026-04-26_corridade-rua_educacao_lago-jaboti_005<\/a>\n\n\n\t<img decoding=\"async\" class=\"ms-thumb\" src=\"http:\/\/www.apucarana.pr.gov.br\/site\/wp-content\/uploads\/2026\/04\/2026-04-26_corridade-rua_educacao_lago-jaboti_005-1024x768-140x80.jpg\" alt=\"2026-04-26_corridade-rua_educacao_lago-jaboti_005\" \/>\n\t\t\t\t<\/div>\n\t\t\t<div  class=\"ms-slide\" data-delay=\"3\"    >\n\t\t\t\t\t<img decoding=\"async\" src=\"http:\/\/www.apucarana.pr.gov.br\/site\/wp-content\/plugins\/masterslider\/public\/assets\/css\/blank.gif\" alt=\"2026-04-26_corridade-rua_educacao_lago-jaboti_007\" title=\"2026-04-26_corridade-rua_educacao_lago-jaboti_007\" data-src=\"http:\/\/www.apucarana.pr.gov.br\/site\/wp-content\/uploads\/2026\/04\/2026-04-26_corridade-rua_educacao_lago-jaboti_007-1024x768.jpg\" \/>\n\t<a href=\"http:\/\/www.apucarana.pr.gov.br\/site\/wp-content\/uploads\/2026\/04\/2026-04-26_corridade-rua_educacao_lago-jaboti_007-1024x768.jpg\" target=\"_self\"    >2026-04-26_corridade-rua_educacao_lago-jaboti_007<\/a>\n\n\n\t<img decoding=\"async\" class=\"ms-thumb\" src=\"http:\/\/www.apucarana.pr.gov.br\/site\/wp-content\/uploads\/2026\/04\/2026-04-26_corridade-rua_educacao_lago-jaboti_007-1024x768-140x80.jpg\" alt=\"2026-04-26_corridade-rua_educacao_lago-jaboti_007\" \/>\n\t\t\t\t<\/div>\n\t\t\t<div  class=\"ms-slide\" data-delay=\"3\"    >\n\t\t\t\t\t<img decoding=\"async\" src=\"http:\/\/www.apucarana.pr.gov.br\/site\/wp-content\/plugins\/masterslider\/public\/assets\/css\/blank.gif\" alt=\"2026-04-26_corridade-rua_educacao_lago-jaboti_008\" title=\"2026-04-26_corridade-rua_educacao_lago-jaboti_008\" data-src=\"http:\/\/www.apucarana.pr.gov.br\/site\/wp-content\/uploads\/2026\/04\/2026-04-26_corridade-rua_educacao_lago-jaboti_008-1024x768.jpg\" \/>\n\t<a href=\"http:\/\/www.apucarana.pr.gov.br\/site\/wp-content\/uploads\/2026\/04\/2026-04-26_corridade-rua_educacao_lago-jaboti_008-1024x768.jpg\" target=\"_self\"    >2026-04-26_corridade-rua_educacao_lago-jaboti_008<\/a>\n\n\n\t<img decoding=\"async\" class=\"ms-thumb\" src=\"http:\/\/www.apucarana.pr.gov.br\/site\/wp-content\/uploads\/2026\/04\/2026-04-26_corridade-rua_educacao_lago-jaboti_008-1024x768-140x80.jpg\" alt=\"2026-04-26_corridade-rua_educacao_lago-jaboti_008\" \/>\n\t\t\t\t<\/div>\n\t\t\t<div  class=\"ms-slide\" data-delay=\"3\"    >\n\t\t\t\t\t<img decoding=\"async\" src=\"http:\/\/www.apucarana.pr.gov.br\/site\/wp-content\/plugins\/masterslider\/public\/assets\/css\/blank.gif\" alt=\"2026-04-26_corridade-rua_educacao_lago-jaboti_011\" title=\"2026-04-26_corridade-rua_educacao_lago-jaboti_011\" data-src=\"http:\/\/www.apucarana.pr.gov.br\/site\/wp-content\/uploads\/2026\/04\/2026-04-26_corridade-rua_educacao_lago-jaboti_011-1024x768.jpg\" \/>\n\t<a href=\"http:\/\/www.apucarana.pr.gov.br\/site\/wp-content\/uploads\/2026\/04\/2026-04-26_corridade-rua_educacao_lago-jaboti_011-1024x768.jpg\" target=\"_self\"    >2026-04-26_corridade-rua_educacao_lago-jaboti_011<\/a>\n\n\n\t<img decoding=\"async\" class=\"ms-thumb\" src=\"http:\/\/www.apucarana.pr.gov.br\/site\/wp-content\/uploads\/2026\/04\/2026-04-26_corridade-rua_educacao_lago-jaboti_011-1024x768-140x80.jpg\" alt=\"2026-04-26_corridade-rua_educacao_lago-jaboti_011\" \/>\n\t\t\t\t<\/div>\n\t\t\t<div  class=\"ms-slide\" data-delay=\"3\"    >\n\t\t\t\t\t<img decoding=\"async\" src=\"http:\/\/www.apucarana.pr.gov.br\/site\/wp-content\/plugins\/masterslider\/public\/assets\/css\/blank.gif\" alt=\"2026-04-26_corridade-rua_educacao_lago-jaboti_012\" title=\"2026-04-26_corridade-rua_educacao_lago-jaboti_012\" data-src=\"http:\/\/www.apucarana.pr.gov.br\/site\/wp-content\/uploads\/2026\/04\/2026-04-26_corridade-rua_educacao_lago-jaboti_012-1024x768.jpg\" \/>\n\t<a href=\"http:\/\/www.apucarana.pr.gov.br\/site\/wp-content\/uploads\/2026\/04\/2026-04-26_corridade-rua_educacao_lago-jaboti_012-1024x768.jpg\" target=\"_self\"    >2026-04-26_corridade-rua_educacao_lago-jaboti_012<\/a>\n\n\n\t<img decoding=\"async\" class=\"ms-thumb\" src=\"http:\/\/www.apucarana.pr.gov.br\/site\/wp-content\/uploads\/2026\/04\/2026-04-26_corridade-rua_educacao_lago-jaboti_012-1024x768-140x80.jpg\" alt=\"2026-04-26_corridade-rua_educacao_lago-jaboti_012\" \/>\n\t\t\t\t<\/div>\n\t\t\t<div  class=\"ms-slide\" data-delay=\"3\"    >\n\t\t\t\t\t<img decoding=\"async\" src=\"http:\/\/www.apucarana.pr.gov.br\/site\/wp-content\/plugins\/masterslider\/public\/assets\/css\/blank.gif\" alt=\"2026-04-26_corridade-rua_educacao_lago-jaboti_013\" title=\"2026-04-26_corridade-rua_educacao_lago-jaboti_013\" data-src=\"http:\/\/www.apucarana.pr.gov.br\/site\/wp-content\/uploads\/2026\/04\/2026-04-26_corridade-rua_educacao_lago-jaboti_013-1024x768.jpg\" \/>\n\t<a href=\"http:\/\/www.apucarana.pr.gov.br\/site\/wp-content\/uploads\/2026\/04\/2026-04-26_corridade-rua_educacao_lago-jaboti_013-1024x768.jpg\" target=\"_self\"    >2026-04-26_corridade-rua_educacao_lago-jaboti_013<\/a>\n\n\n\t<img decoding=\"async\" class=\"ms-thumb\" src=\"http:\/\/www.apucarana.pr.gov.br\/site\/wp-content\/uploads\/2026\/04\/2026-04-26_corridade-rua_educacao_lago-jaboti_013-1024x768-140x80.jpg\" alt=\"2026-04-26_corridade-rua_educacao_lago-jaboti_013\" \/>\n\t\t\t\t<\/div>\n\t\t\t<div  class=\"ms-slide\" data-delay=\"3\"    >\n\t\t\t\t\t<img decoding=\"async\" src=\"http:\/\/www.apucarana.pr.gov.br\/site\/wp-content\/plugins\/masterslider\/public\/assets\/css\/blank.gif\" alt=\"2026-04-26_corridade-rua_educacao_lago-jaboti_014\" title=\"2026-04-26_corridade-rua_educacao_lago-jaboti_014\" data-src=\"http:\/\/www.apucarana.pr.gov.br\/site\/wp-content\/uploads\/2026\/04\/2026-04-26_corridade-rua_educacao_lago-jaboti_014-1024x768.jpg\" \/>\n\t<a href=\"http:\/\/www.apucarana.pr.gov.br\/site\/wp-content\/uploads\/2026\/04\/2026-04-26_corridade-rua_educacao_lago-jaboti_014-1024x768.jpg\" target=\"_self\"    >2026-04-26_corridade-rua_educacao_lago-jaboti_014<\/a>\n\n\n\t<img decoding=\"async\" class=\"ms-thumb\" src=\"http:\/\/www.apucarana.pr.gov.br\/site\/wp-content\/uploads\/2026\/04\/2026-04-26_corridade-rua_educacao_lago-jaboti_014-1024x768-140x80.jpg\" alt=\"2026-04-26_corridade-rua_educacao_lago-jaboti_014\" \/>\n\t\t\t\t<\/div>\n\t\t\t<div  class=\"ms-slide\" data-delay=\"3\"    >\n\t\t\t\t\t<img decoding=\"async\" src=\"http:\/\/www.apucarana.pr.gov.br\/site\/wp-content\/plugins\/masterslider\/public\/assets\/css\/blank.gif\" alt=\"2026-04-26_corridade-rua_educacao_lago-jaboti_015\" title=\"2026-04-26_corridade-rua_educacao_lago-jaboti_015\" data-src=\"http:\/\/www.apucarana.pr.gov.br\/site\/wp-content\/uploads\/2026\/04\/2026-04-26_corridade-rua_educacao_lago-jaboti_015-1024x768.jpg\" \/>\n\t<a href=\"http:\/\/www.apucarana.pr.gov.br\/site\/wp-content\/uploads\/2026\/04\/2026-04-26_corridade-rua_educacao_lago-jaboti_015-1024x768.jpg\" target=\"_self\"    >2026-04-26_corridade-rua_educacao_lago-jaboti_015<\/a>\n\n\n\t<img decoding=\"async\" class=\"ms-thumb\" src=\"http:\/\/www.apucarana.pr.gov.br\/site\/wp-content\/uploads\/2026\/04\/2026-04-26_corridade-rua_educacao_lago-jaboti_015-1024x768-140x80.jpg\" alt=\"2026-04-26_corridade-rua_educacao_lago-jaboti_015\" \/>\n\t\t\t\t<\/div>\n\t\t\t<div  class=\"ms-slide\" data-delay=\"3\"    >\n\t\t\t\t\t<img decoding=\"async\" src=\"http:\/\/www.apucarana.pr.gov.br\/site\/wp-content\/plugins\/masterslider\/public\/assets\/css\/blank.gif\" alt=\"2026-04-26_corridade-rua_educacao_lago-jaboti_017\" title=\"2026-04-26_corridade-rua_educacao_lago-jaboti_017\" data-src=\"http:\/\/www.apucarana.pr.gov.br\/site\/wp-content\/uploads\/2026\/04\/2026-04-26_corridade-rua_educacao_lago-jaboti_017-1024x768.jpg\" \/>\n\t<a href=\"http:\/\/www.apucarana.pr.gov.br\/site\/wp-content\/uploads\/2026\/04\/2026-04-26_corridade-rua_educacao_lago-jaboti_017-1024x768.jpg\" target=\"_self\"    >2026-04-26_corridade-rua_educacao_lago-jaboti_017<\/a>\n\n\n\t<img decoding=\"async\" class=\"ms-thumb\" src=\"http:\/\/www.apucarana.pr.gov.br\/site\/wp-content\/uploads\/2026\/04\/2026-04-26_corridade-rua_educacao_lago-jaboti_017-1024x768-140x80.jpg\" alt=\"2026-04-26_corridade-rua_educacao_lago-jaboti_017\" \/>\n\t\t\t\t<\/div>\n\t\t\t<div  class=\"ms-slide\" data-delay=\"3\"    >\n\t\t\t\t\t<img decoding=\"async\" src=\"http:\/\/www.apucarana.pr.gov.br\/site\/wp-content\/plugins\/masterslider\/public\/assets\/css\/blank.gif\" alt=\"2026-04-26_corridade-rua_educacao_lago-jaboti_018\" title=\"2026-04-26_corridade-rua_educacao_lago-jaboti_018\" data-src=\"http:\/\/www.apucarana.pr.gov.br\/site\/wp-content\/uploads\/2026\/04\/2026-04-26_corridade-rua_educacao_lago-jaboti_018-1024x768.jpg\" \/>\n\t<a href=\"http:\/\/www.apucarana.pr.gov.br\/site\/wp-content\/uploads\/2026\/04\/2026-04-26_corridade-rua_educacao_lago-jaboti_018-1024x768.jpg\" target=\"_self\"    >2026-04-26_corridade-rua_educacao_lago-jaboti_018<\/a>\n\n\n\t<img decoding=\"async\" class=\"ms-thumb\" src=\"http:\/\/www.apucarana.pr.gov.br\/site\/wp-content\/uploads\/2026\/04\/2026-04-26_corridade-rua_educacao_lago-jaboti_018-1024x768-140x80.jpg\" alt=\"2026-04-26_corridade-rua_educacao_lago-jaboti_018\" \/>\n\t\t\t\t<\/div>\n\t\t\t<div  class=\"ms-slide\" data-delay=\"3\"    >\n\t\t\t\t\t<img decoding=\"async\" src=\"http:\/\/www.apucarana.pr.gov.br\/site\/wp-content\/plugins\/masterslider\/public\/assets\/css\/blank.gif\" alt=\"2026-04-26_corridade-rua_educacao_lago-jaboti_019\" title=\"2026-04-26_corridade-rua_educacao_lago-jaboti_019\" data-src=\"http:\/\/www.apucarana.pr.gov.br\/site\/wp-content\/uploads\/2026\/04\/2026-04-26_corridade-rua_educacao_lago-jaboti_019-1024x768.jpg\" \/>\n\t<a href=\"http:\/\/www.apucarana.pr.gov.br\/site\/wp-content\/uploads\/2026\/04\/2026-04-26_corridade-rua_educacao_lago-jaboti_019-1024x768.jpg\" target=\"_self\"    >2026-04-26_corridade-rua_educacao_lago-jaboti_019<\/a>\n\n\n\t<img decoding=\"async\" class=\"ms-thumb\" src=\"http:\/\/www.apucarana.pr.gov.br\/site\/wp-content\/uploads\/2026\/04\/2026-04-26_corridade-rua_educacao_lago-jaboti_019-1024x768-140x80.jpg\" alt=\"2026-04-26_corridade-rua_educacao_lago-jaboti_019\" \/>\n\t\t\t\t<\/div>\n\t\t\t<div  class=\"ms-slide\" data-delay=\"3\"    >\n\t\t\t\t\t<img decoding=\"async\" src=\"http:\/\/www.apucarana.pr.gov.br\/site\/wp-content\/plugins\/masterslider\/public\/assets\/css\/blank.gif\" alt=\"2026-04-26_corridade-rua_educacao_lago-jaboti_020\" title=\"2026-04-26_corridade-rua_educacao_lago-jaboti_020\" data-src=\"http:\/\/www.apucarana.pr.gov.br\/site\/wp-content\/uploads\/2026\/04\/2026-04-26_corridade-rua_educacao_lago-jaboti_020-1024x768.jpg\" \/>\n\t<a href=\"http:\/\/www.apucarana.pr.gov.br\/site\/wp-content\/uploads\/2026\/04\/2026-04-26_corridade-rua_educacao_lago-jaboti_020-1024x768.jpg\" target=\"_self\"    >2026-04-26_corridade-rua_educacao_lago-jaboti_020<\/a>\n\n\n\t<img decoding=\"async\" class=\"ms-thumb\" src=\"http:\/\/www.apucarana.pr.gov.br\/site\/wp-content\/uploads\/2026\/04\/2026-04-26_corridade-rua_educacao_lago-jaboti_020-1024x768-140x80.jpg\" alt=\"2026-04-26_corridade-rua_educacao_lago-jaboti_020\" \/>\n\t\t\t\t<\/div>\n\n\t\t\t<\/div>\n\t\t\t<!-- END MasterSlider Main -->\n\n\t\t\t \n\t\t<\/div>\n\t\t<!-- END MasterSlider -->\n\n\t\t<script>\n\t\t( window.MSReady = window.MSReady || [] ).push( function( $ ) {\n\n\t\t\t\"use strict\";\n\t\t\tvar masterslider_115b = new MasterSlider();\n\n\t\t\t\/\/ slider controls\n\t\t\tmasterslider_115b.control('arrows'     ,{ autohide:true, overVideo:true  });\n\t\t\tmasterslider_115b.control('thumblist'  ,{ autohide:false, overVideo:true, dir:'h', speed:17, inset:false, arrows:false, hover:false, customClass:'', align:'bottom',type:'thumbs', margin:2, width:140, height:80, space:2, fillMode:'fill'  });\n\t\t\t\/\/ slider setup\n\t\t\tmasterslider_115b.setup(\"MS69efae55b115b\", {\n\t\t\t\twidth           : 960,\n\t\t\t\theight          : 540,\n\t\t\t\tminHeight       : 0,\n\t\t\t\tspace           : 0,\n\t\t\t\tstart           : 1,\n\t\t\t\tgrabCursor      : true,\n\t\t\t\tswipe           : true,\n\t\t\t\tmouse           : true,\n\t\t\t\tkeyboard        : false,\n\t\t\t\tlayout          : \"fillwidth\",\n\t\t\t\twheel           : false,\n\t\t\t\tautoplay        : true,\n                instantStartLayers:false,\n\t\t\t\tmobileBGVideo:false,\n\t\t\t\tloop            : true,\n\t\t\t\tshuffle         : false,\n\t\t\t\tpreload         : 3,\n\t\t\t\theightLimit     : false,\n\t\t\t\tautoHeight      : false,\n\t\t\t\tsmoothHeight    : true,\n\t\t\t\tendPause        : false,\n\t\t\t\toverPause       : false,\n\t\t\t\tfillMode        : \"fill\",\n\t\t\t\tcenterControls  : true,\n\t\t\t\tstartOnAppear   : false,\n\t\t\t\tlayersMode      : \"center\",\n\t\t\t\tautofillTarget  : \"\",\n\t\t\t\thideLayers      : false,\n\t\t\t\tfullscreenMargin: 0,\n\t\t\t\tspeed           : 17,\n\t\t\t\tdir             : \"h\",\n\t\t\t\tresponsive      : true,\n\t\t\t\ttabletWidth     : 768,\n\t\t\t\ttabletHeight    : null,\n\t\t\t\tphoneWidth      : 480,\n\t\t\t\tphoneHeight    : null,\n\t\t\t\tsizingReference : window,\n\t\t\t\tparallaxMode    : 'swipe',\n\t\t\t\tview            : \"basic\"\n\t\t\t});\n\n\t\t\t\n\t\t\twindow.masterslider_instances = window.masterslider_instances || [];\n\t\t\twindow.masterslider_instances.push( masterslider_115b );\n\t\t});\n\t\t<\/script>\n\n\n<p><strong>\u00a0<\/strong><\/p>\n<p><strong>C<\/strong>rian\u00e7as correndo, pais na torcida e o Parque Jaboti tomado pela energia do esporte. Cerca de 600 estudantes-atletas participaram, no domingo, da primeira etapa de 2026 do Circuito de Corrida de Rua das Escolas Municipais. A iniciativa integra uma pol\u00edtica cont\u00ednua de fomento ao esporte que, al\u00e9m de despertar o gosto pela modalidade, abre oportunidades para quem deseja avan\u00e7ar at\u00e9 o alto rendimento por meio de programas como o Bolsa Atleta.<\/p>\n<p>Representando o prefeito Rodolfo Mota no evento, a secret\u00e1ria da Mulher e Assuntos da Fam\u00edlia, primeira-dama Karine Mota, ressaltou a expressiva participa\u00e7\u00e3o das fam\u00edlias. &#8220;\u00c9 um incentivo para que as crian\u00e7as peguem gosto pelo esporte. \u00c9 lindo ver os pais apoiando e incentivando, transformando a corrida numa grande celebra\u00e7\u00e3o\u201d, frisou. Karine Mota tamb\u00e9m afirmou que o evento contribui diretamente para enfrentar um dos desafios atuais, ao estimular h\u00e1bitos saud\u00e1veis e combater o sedentarismo precoce entre crian\u00e7as e adolescentes.<\/p>\n<p>O secret\u00e1rio municipal de Esportes, Bruno Marchi, reitera que o circuito funciona\u00a0 como porta de entrada para novos atletas. \u201cMuitas crian\u00e7as iniciam ali o contato com o esporte e seguem evoluindo dentro das pol\u00edticas p\u00fablicas do munic\u00edpio, fortalecendo o atletismo local\u201d, pontuou.<\/p>\n<p>O Circuito de Corridas das Escolas Municipais \u00e9 uma parceria entre a Autarquia de Educa\u00e7\u00e3o e a Secretaria de Esportes. As provas foram organizadas por faixa et\u00e1ria, com percursos de 400 e 600 metros nas categorias A, B, C, D e E, nos naipes masculino e feminino.<\/p>\n<p>Os tr\u00eas primeiros colocados de cada categoria receberam trof\u00e9us, enquanto os demais participantes foram premiados com medalhas. Al\u00e9m disso, os 20 melhores desta etapa j\u00e1 garantiram vaga para a grande final, que ser\u00e1 realizada no fim do ano, na Pra\u00e7a Rui Barbosa.<\/p>\n<p><strong>Bolsa Atleta amplia oportunidades <\/strong><\/p>\n<p>Durante o evento, Bruno Marchi anunciou a amplia\u00e7\u00e3o do programa Bolsa Atleta. Ele explicou que a alta demanda motivou o aumento de vagas, especialmente no atletismo, criando novas oportunidades para jovens que se destacam nas competi\u00e7\u00f5es.<\/p>\n<p>Karine Mota salientou que o programa complementa as a\u00e7\u00f5es realizadas pelo munic\u00edpio. Ela destacou que as inscri\u00e7\u00f5es para a nova etapa do Bolsa Atleta est\u00e3o abertas, ampliando o acesso e incentivando a continuidade no esporte.<\/p>\n<p>A secret\u00e1ria refor\u00e7a que as a\u00e7\u00f5es da Prefeitura geram um ciclo cont\u00ednuo de desenvolvimento. \u201cEnquanto o circuito desperta o interesse e revela talentos, o Bolsa Atleta oferece suporte para que eles avancem, com o objetivo de atingirem no futuro o esporte de alto rendimento\u201d, finalizou.<\/p>\n<p>&nbsp;<\/p>\n<p><strong>RESULTADO \u2013 1\u00aa etapa 2026 (Parque Jaboti)<\/strong><\/p>\n<h2>\u00b7\u00a0\u00a0\u00a0\u00a0\u00a0\u00a0\u00a0 <strong>Nascidos em 2018 (categoria A)<\/strong><\/h2>\n<h3><strong>Masculino<\/strong><\/h3>\n<table>\n<thead>\n<tr>\n<td><\/td>\n<td><strong>Nome<\/strong><\/td>\n<td width=\"202\"><strong>Escola<\/strong><\/td>\n<\/tr>\n<\/thead>\n<tbody>\n<tr>\n<td>1\u00ba<\/td>\n<td>Adrian Rodrigues Sloboda<\/td>\n<td width=\"202\">Albino Biacchi<\/td>\n<\/tr>\n<tr>\n<td>2\u00ba<\/td>\n<td>Walace Miguel Correa<\/td>\n<td width=\"202\">Jos\u00e9 de Alencar<\/td>\n<\/tr>\n<tr>\n<td>3\u00ba<\/td>\n<td>Jo\u00e3o Vitor Oliveira Borges<\/td>\n<td width=\"202\">Albino Biacchi<\/td>\n<\/tr>\n<\/tbody>\n<\/table>\n<p>&nbsp;<\/p>\n<h3><strong>Feminino<\/strong><\/h3>\n<table>\n<thead>\n<tr>\n<td><\/td>\n<td><strong>Nome<\/strong><\/td>\n<td><strong>Escola<\/strong><\/td>\n<\/tr>\n<\/thead>\n<tbody>\n<tr>\n<td>1\u00ba<\/td>\n<td>L\u00edvia Eduarda Justino de Godoi<\/td>\n<td>Albino Biacchi<\/td>\n<\/tr>\n<tr>\n<td>2\u00ba<\/td>\n<td>L\u00edvia dos Santos Navarro<\/td>\n<td>Jo\u00e3o Antonio Braga C\u00f4rtes<\/td>\n<\/tr>\n<tr>\n<td>3\u00ba<\/td>\n<td>Isadora de Souza Mendes<\/td>\n<td>Mateus Leme<\/td>\n<\/tr>\n<\/tbody>\n<\/table>\n<p>&nbsp;<\/p>\n<h2>\u00b7\u00a0\u00a0\u00a0\u00a0\u00a0\u00a0\u00a0 <strong>Nascidos em 2017 (categoria B)<\/strong><\/h2>\n<h3><strong>Masculino<\/strong><\/h3>\n<table>\n<thead>\n<tr>\n<td><\/td>\n<td><strong>Nome<\/strong><\/td>\n<td><strong>Escola<\/strong><\/td>\n<\/tr>\n<\/thead>\n<tbody>\n<tr>\n<td>1\u00ba<\/td>\n<td>Ben\u00edcio Augusto da Silva<\/td>\n<td>Pl\u00e1cido de Castro<\/td>\n<\/tr>\n<tr>\n<td>2\u00ba<\/td>\n<td>Nicolas Gabriel de Oliveira Borges<\/td>\n<td>Professor Bento Fernandes Dias<\/td>\n<\/tr>\n<tr>\n<td>3\u00ba<\/td>\n<td>Davi Tomaz de Aquino<\/td>\n<td>Padre Antonio Vieira<\/td>\n<\/tr>\n<\/tbody>\n<\/table>\n<h3><strong>Feminino<\/strong><\/h3>\n<table>\n<thead>\n<tr>\n<td><\/td>\n<td><strong>Nome<\/strong><\/td>\n<td><strong>Escola<\/strong><\/td>\n<\/tr>\n<\/thead>\n<tbody>\n<tr>\n<td>1\u00ba<\/td>\n<td>Michele Eduarda de Ara\u00fajo<\/td>\n<td>Professora Maria Madalena C\u00f4co<\/td>\n<\/tr>\n<tr>\n<td>2\u00ba<\/td>\n<td>Manuela da Silva Martineli<\/td>\n<td>Mateus Leme<\/td>\n<\/tr>\n<tr>\n<td>3\u00ba<\/td>\n<td>Briana Hernandes<\/td>\n<td>Professora Maria Madalena C\u00f4co<\/td>\n<\/tr>\n<\/tbody>\n<\/table>\n<h2><strong>\u00b7\u00a0\u00a0\u00a0\u00a0\u00a0\u00a0\u00a0 <\/strong><strong>Nascidos em 2016 (categoria C)<\/strong><\/h2>\n<h3><strong>Masculino<\/strong><\/h3>\n<table>\n<thead>\n<tr>\n<td><\/td>\n<td><strong>Nome<\/strong><\/td>\n<td><strong>Escola<\/strong><\/td>\n<\/tr>\n<\/thead>\n<tbody>\n<tr>\n<td>1\u00ba<\/td>\n<td>Natan Augusto Almeida<\/td>\n<td>Jo\u00e3o Antonio Braga C\u00f4rtes<\/td>\n<\/tr>\n<tr>\n<td>2\u00ba<\/td>\n<td>Yan Guilherme Freitas F\u00e9lix<\/td>\n<td>Dinarte Pereira de Ara\u00fajo<\/td>\n<\/tr>\n<tr>\n<td>3\u00ba<\/td>\n<td>Arthur Gustavo Freitas F\u00e9lix<\/td>\n<td>Dinarte Pereira de Ara\u00fajo<\/td>\n<\/tr>\n<\/tbody>\n<\/table>\n<h3><strong>Feminino<\/strong><\/h3>\n<table>\n<thead>\n<tr>\n<td><\/td>\n<td><strong>Nome<\/strong><\/td>\n<td><strong>Escola<\/strong><\/td>\n<\/tr>\n<\/thead>\n<tbody>\n<tr>\n<td>1\u00ba<\/td>\n<td>Isadora de Souza Cardoso<\/td>\n<td>Professora Maria Madalena C\u00f4co<\/td>\n<\/tr>\n<tr>\n<td>2\u00ba<\/td>\n<td>Beatriz Malaquias Vieira Lopes<\/td>\n<td>Mateus Leme<\/td>\n<\/tr>\n<tr>\n<td>3\u00ba<\/td>\n<td>Alicia Oliveira Almeida<\/td>\n<td>Professora Maria Madalena C\u00f4co<\/td>\n<\/tr>\n<\/tbody>\n<\/table>\n<p>&nbsp;<\/p>\n<h2>\u00b7\u00a0\u00a0\u00a0\u00a0\u00a0\u00a0\u00a0 <strong>Nascidos em 2015 (categoria D)<\/strong><\/h2>\n<h3><strong>Masculino<\/strong><\/h3>\n<table>\n<thead>\n<tr>\n<td><\/td>\n<td><strong>Nome<\/strong><\/td>\n<td><strong>Escola<\/strong><\/td>\n<\/tr>\n<\/thead>\n<tbody>\n<tr>\n<td>1\u00ba<\/td>\n<td>Leonardo Gon\u00e7alves<\/td>\n<td>Albino Biacchi<\/td>\n<\/tr>\n<tr>\n<td>2\u00ba<\/td>\n<td>Henrique Borrero<\/td>\n<td>Antonieta da Silva Lautenschlager<\/td>\n<\/tr>\n<tr>\n<td>3\u00ba<\/td>\n<td>Leonardo Franco Honorato da Silva<\/td>\n<td>Mateus Leme<\/td>\n<\/tr>\n<\/tbody>\n<\/table>\n<h3><strong>Feminino<\/strong><\/h3>\n<table>\n<thead>\n<tr>\n<td><\/td>\n<td><strong>Nome<\/strong><\/td>\n<td><strong>Escola<\/strong><\/td>\n<\/tr>\n<\/thead>\n<tbody>\n<tr>\n<td>1\u00ba<\/td>\n<td>Luiza Ces\u00e1rio Dias<\/td>\n<td>Mateus Leme<\/td>\n<\/tr>\n<tr>\n<td>2\u00ba<\/td>\n<td>\u00c1gata Oliveira Alves)<\/td>\n<td>Professora Maria Madalena C\u00f4co<\/td>\n<\/tr>\n<tr>\n<td>3\u00ba<\/td>\n<td>Luiza Farias Nunes<\/td>\n<td>Dinarte Pereira de Ara\u00fajo<\/td>\n<\/tr>\n<\/tbody>\n<\/table>\n<p>&nbsp;<\/p>\n<h2>\u00b7\u00a0\u00a0\u00a0\u00a0\u00a0\u00a0\u00a0 <strong>Nascidos em anos anteriores a 2015 (categoria E)<\/strong><\/h2>\n<h3><strong>Masculino<\/strong><\/h3>\n<table>\n<thead>\n<tr>\n<td><\/td>\n<td><strong>Nome<\/strong><\/td>\n<td><strong>Escola<\/strong><\/td>\n<\/tr>\n<\/thead>\n<tbody>\n<tr>\n<td>1\u00ba<\/td>\n<td>Jo\u00e3o Pedro Santos Silva<\/td>\n<td>Dinarte Pereira de Ara\u00fajo<\/td>\n<\/tr>\n<tr>\n<td>2\u00ba<\/td>\n<td>Brian Henrique Santos<\/td>\n<td>Professor Bento Fernandes Dias<\/td>\n<\/tr>\n<tr>\n<td>3\u00ba<\/td>\n<td>Pablo Eduardo Maximiliano<\/td>\n<td>Professor Bento Fernandes Dias<\/td>\n<\/tr>\n<\/tbody>\n<\/table>\n<p>&nbsp;<\/p>\n","protected":false},"excerpt":{"rendered":"<p>&nbsp; Crian&ccedil;as correndo, pais na torcida e o Parque Jaboti tomado pela energia do esporte. Cerca de 600 estudantes-atletas participaram, no domingo, da primeira etapa de 2026 do Circuito de Corrida de Rua das Escolas Municipais. A iniciativa integra uma pol&iacute;tica cont&iacute;nua de fomento ao esporte que, al&eacute;m de despertar o gosto pela modalidade, abre [&hellip;]<\/p>\n","protected":false},"author":6,"featured_media":126401,"comment_status":"closed","ping_status":"closed","sticky":false,"template":"","format":"standard","meta":{"footnotes":""},"categories":[203],"tags":[],"class_list":["post-126398","post","type-post","status-publish","format-standard","has-post-thumbnail","hentry","category-destaque"],"acf":[],"_links":{"self":[{"href":"http:\/\/www.apucarana.pr.gov.br\/site\/wp-json\/wp\/v2\/posts\/126398","targetHints":{"allow":["GET"]}}],"collection":[{"href":"http:\/\/www.apucarana.pr.gov.br\/site\/wp-json\/wp\/v2\/posts"}],"about":[{"href":"http:\/\/www.apucarana.pr.gov.br\/site\/wp-json\/wp\/v2\/types\/post"}],"author":[{"embeddable":true,"href":"http:\/\/www.apucarana.pr.gov.br\/site\/wp-json\/wp\/v2\/users\/6"}],"replies":[{"embeddable":true,"href":"http:\/\/www.apucarana.pr.gov.br\/site\/wp-json\/wp\/v2\/comments?post=126398"}],"version-history":[{"count":5,"href":"http:\/\/www.apucarana.pr.gov.br\/site\/wp-json\/wp\/v2\/posts\/126398\/revisions"}],"predecessor-version":[{"id":126424,"href":"http:\/\/www.apucarana.pr.gov.br\/site\/wp-json\/wp\/v2\/posts\/126398\/revisions\/126424"}],"wp:featuredmedia":[{"embeddable":true,"href":"http:\/\/www.apucarana.pr.gov.br\/site\/wp-json\/wp\/v2\/media\/126401"}],"wp:attachment":[{"href":"http:\/\/www.apucarana.pr.gov.br\/site\/wp-json\/wp\/v2\/media?parent=126398"}],"wp:term":[{"taxonomy":"category","embeddable":true,"href":"http:\/\/www.apucarana.pr.gov.br\/site\/wp-json\/wp\/v2\/categories?post=126398"},{"taxonomy":"post_tag","embeddable":true,"href":"http:\/\/www.apucarana.pr.gov.br\/site\/wp-json\/wp\/v2\/tags?post=126398"}],"curies":[{"name":"wp","href":"https:\/\/api.w.org\/{rel}","templated":true}]}}