{"id":126395,"date":"2026-04-27T11:28:31","date_gmt":"2026-04-27T14:28:31","guid":{"rendered":"https:\/\/www.apucarana.pr.gov.br\/site\/?p=126395"},"modified":"2026-04-27T11:28:31","modified_gmt":"2026-04-27T14:28:31","slug":"torneio-1o-de-maio-entra-na-fase-decisiva-nesta-semana-em-apucarana","status":"publish","type":"post","link":"http:\/\/www.apucarana.pr.gov.br\/site\/torneio-1o-de-maio-entra-na-fase-decisiva-nesta-semana-em-apucarana\/","title":{"rendered":"Torneio 1\u00ba de Maio entra na fase decisiva nesta semana em Apucarana"},"content":{"rendered":"<p>A fase decisiva do Torneio 1\u00ba de Maio, tradicional competi\u00e7\u00e3o esportiva de Apucarana, come\u00e7a nesta ter\u00e7a-feira (28\/04), reunindo oito equipes classificadas ap\u00f3s duas semanas de disputas. Promovido pela Prefeitura de Apucarana, por meio da Secretaria Municipal de Esportes, o torneio avan\u00e7a para as quartas de final com jogos programados para o per\u00edodo noturno, no Est\u00e1dio Municipal Ol\u00edmpio Barreto.<\/p>\n<p>A rodada ter\u00e1 in\u00edcio \u00e0s 19h15, com o confronto entre Gol na Vida e Juvenil Velho On\u00f3rio. Na sequ\u00eancia, \u00e0s 20 horas, jogam Colorado e JPG. \u00c0s 20h45, entram em campo Ws Estamparia\/Viana e Brooklyn. Fechando a noite, \u00e0s 21h30, S.C. Dom Romeu enfrenta Tancredo\/Cavan.<\/p>\n<p>Os vencedores avan\u00e7am para as semifinais, que ser\u00e3o disputadas no dia 1\u00ba de maio, a partir das 8 horas, no Campo do Z\u00e9 Rico. A decis\u00e3o do terceiro lugar acontece \u00e0s 10 horas e a grande final est\u00e1 marcada para as 11 horas, no mesmo local.<\/p>\n<p>De acordo com o secret\u00e1rio municipal de Esportes, Bruno Marchi, a edi\u00e7\u00e3o deste ano trouxe uma novidade na organiza\u00e7\u00e3o dos jogos. \u201cEsse ano, implementamos os jogos durante a semana, no per\u00edodo noturno, aproveitando o nosso Est\u00e1dio Municipal Ol\u00edmpio Barreto. Algo diferente dos outros anos em que os jogos aconteciam apenas no domingo\u201d, destacou.<\/p>\n<p>O coordenador da competi\u00e7\u00e3o, \u00c2ngelo Danilo, explicou que a disputa est\u00e1 sendo realizada no formato eliminat\u00f3rio simples, com chaveamento ol\u00edmpico e sem fase de grupos. \u201cDessa forma, todas as equipes j\u00e1 iniciaram a competi\u00e7\u00e3o em jogos decisivos, o que aumenta o n\u00edvel de competitividade\u201d, pontuou.<\/p>\n<p>O diretor da Secretaria Municipal de Esportes, Pedro Valim, tamb\u00e9m avaliou positivamente a competi\u00e7\u00e3o. \u201cEm um apanhado geral, o torneio est\u00e1 muito legal, reunindo times, atletas e familiares tamb\u00e9m\u201d, afirmou.<\/p>\n<p>Iniciado no dia 14 de abril, o Torneio 1\u00ba de Maio reuniu 33 equipes, consolidando-se como uma importante iniciativa de incentivo ao esporte amador, integra\u00e7\u00e3o comunit\u00e1ria e valoriza\u00e7\u00e3o dos trabalhadores.<\/p>\n","protected":false},"excerpt":{"rendered":"<p>A fase decisiva do Torneio 1&ordm; de Maio, tradicional competi&ccedil;&atilde;o esportiva de Apucarana, come&ccedil;a nesta ter&ccedil;a-feira (28\/04), reunindo oito equipes classificadas ap&oacute;s duas semanas de disputas. Promovido pela Prefeitura de Apucarana, por meio da Secretaria Municipal de Esportes, o torneio avan&ccedil;a para as quartas de final com jogos programados para o per&iacute;odo noturno, no Est&aacute;dio [&hellip;]<\/p>\n","protected":false},"author":8,"featured_media":126396,"comment_status":"closed","ping_status":"closed","sticky":false,"template":"","format":"standard","meta":{"footnotes":""},"categories":[24],"tags":[],"class_list":["post-126395","post","type-post","status-publish","format-standard","has-post-thumbnail","hentry","category-noticias"],"acf":[],"_links":{"self":[{"href":"http:\/\/www.apucarana.pr.gov.br\/site\/wp-json\/wp\/v2\/posts\/126395","targetHints":{"allow":["GET"]}}],"collection":[{"href":"http:\/\/www.apucarana.pr.gov.br\/site\/wp-json\/wp\/v2\/posts"}],"about":[{"href":"http:\/\/www.apucarana.pr.gov.br\/site\/wp-json\/wp\/v2\/types\/post"}],"author":[{"embeddable":true,"href":"http:\/\/www.apucarana.pr.gov.br\/site\/wp-json\/wp\/v2\/users\/8"}],"replies":[{"embeddable":true,"href":"http:\/\/www.apucarana.pr.gov.br\/site\/wp-json\/wp\/v2\/comments?post=126395"}],"version-history":[{"count":1,"href":"http:\/\/www.apucarana.pr.gov.br\/site\/wp-json\/wp\/v2\/posts\/126395\/revisions"}],"predecessor-version":[{"id":126397,"href":"http:\/\/www.apucarana.pr.gov.br\/site\/wp-json\/wp\/v2\/posts\/126395\/revisions\/126397"}],"wp:featuredmedia":[{"embeddable":true,"href":"http:\/\/www.apucarana.pr.gov.br\/site\/wp-json\/wp\/v2\/media\/126396"}],"wp:attachment":[{"href":"http:\/\/www.apucarana.pr.gov.br\/site\/wp-json\/wp\/v2\/media?parent=126395"}],"wp:term":[{"taxonomy":"category","embeddable":true,"href":"http:\/\/www.apucarana.pr.gov.br\/site\/wp-json\/wp\/v2\/categories?post=126395"},{"taxonomy":"post_tag","embeddable":true,"href":"http:\/\/www.apucarana.pr.gov.br\/site\/wp-json\/wp\/v2\/tags?post=126395"}],"curies":[{"name":"wp","href":"https:\/\/api.w.org\/{rel}","templated":true}]}}