{"id":126392,"date":"2026-04-27T11:01:00","date_gmt":"2026-04-27T14:01:00","guid":{"rendered":"https:\/\/www.apucarana.pr.gov.br\/site\/?p=126392"},"modified":"2026-04-27T11:01:00","modified_gmt":"2026-04-27T14:01:00","slug":"atletas-de-apucarana-conquistam-medalhas-em-campeonato-estadual-de-karate-com-apoio-da-prefeitura-no-transporte","status":"publish","type":"post","link":"http:\/\/www.apucarana.pr.gov.br\/site\/atletas-de-apucarana-conquistam-medalhas-em-campeonato-estadual-de-karate-com-apoio-da-prefeitura-no-transporte\/","title":{"rendered":"Atletas de Apucarana conquistam medalhas em campeonato estadual de Karat\u00ea com apoio da Prefeitura no transporte"},"content":{"rendered":"\n\t\t<!-- MasterSlider -->\n\t\t<div id=\"P_MS69ef93cc340d9\" class=\"master-slider-parent master-slider-gallery   ms-parent-id-0\" style=\"\" >\n\n\t\t\t\n\t\t\t<!-- MasterSlider Main -->\n\t\t\t<div id=\"MS69ef93cc340d9\" class=\"master-slider ms-skin-default\" >\n\t\t\t\t \t\t\t\t \n\t\t\t<div  class=\"ms-slide\" data-delay=\"3\"    >\n\t\t\t\t\t<img decoding=\"async\" src=\"http:\/\/www.apucarana.pr.gov.br\/site\/wp-content\/plugins\/masterslider\/public\/assets\/css\/blank.gif\" alt=\"campeonato_paranaense_de_karate01\" title=\"campeonato_paranaense_de_karate01\" data-src=\"http:\/\/www.apucarana.pr.gov.br\/site\/wp-content\/uploads\/2026\/04\/campeonato_paranaense_de_karate01-1024x768.jpeg\" \/>\n\t<a href=\"http:\/\/www.apucarana.pr.gov.br\/site\/wp-content\/uploads\/2026\/04\/campeonato_paranaense_de_karate01-1024x768.jpeg\" target=\"_self\"    >campeonato_paranaense_de_karate01<\/a>\n\n\n\t\t\t\t<\/div>\n\n\t\t\t<\/div>\n\t\t\t<!-- END MasterSlider Main -->\n\n\t\t\t \n\t\t<\/div>\n\t\t<!-- END MasterSlider -->\n\n\t\t<script>\n\t\t( window.MSReady = window.MSReady || [] ).push( function( $ ) {\n\n\t\t\t\"use strict\";\n\t\t\tvar masterslider_40d9 = new MasterSlider();\n\n\t\t\t\/\/ slider controls\n\t\t\tmasterslider_40d9.control('arrows'     ,{ autohide:true, overVideo:true  });\n\t\t\t\/\/ slider setup\n\t\t\tmasterslider_40d9.setup(\"MS69ef93cc340d9\", {\n\t\t\t\twidth           : 960,\n\t\t\t\theight          : 540,\n\t\t\t\tminHeight       : 0,\n\t\t\t\tspace           : 0,\n\t\t\t\tstart           : 1,\n\t\t\t\tgrabCursor      : true,\n\t\t\t\tswipe           : true,\n\t\t\t\tmouse           : true,\n\t\t\t\tkeyboard        : false,\n\t\t\t\tlayout          : \"fillwidth\",\n\t\t\t\twheel           : false,\n\t\t\t\tautoplay        : true,\n                instantStartLayers:false,\n\t\t\t\tmobileBGVideo:false,\n\t\t\t\tloop            : true,\n\t\t\t\tshuffle         : false,\n\t\t\t\tpreload         : 3,\n\t\t\t\theightLimit     : false,\n\t\t\t\tautoHeight      : false,\n\t\t\t\tsmoothHeight    : true,\n\t\t\t\tendPause        : false,\n\t\t\t\toverPause       : false,\n\t\t\t\tfillMode        : \"fill\",\n\t\t\t\tcenterControls  : true,\n\t\t\t\tstartOnAppear   : false,\n\t\t\t\tlayersMode      : \"center\",\n\t\t\t\tautofillTarget  : \"\",\n\t\t\t\thideLayers      : false,\n\t\t\t\tfullscreenMargin: 0,\n\t\t\t\tspeed           : 17,\n\t\t\t\tdir             : \"h\",\n\t\t\t\tresponsive      : true,\n\t\t\t\ttabletWidth     : 768,\n\t\t\t\ttabletHeight    : null,\n\t\t\t\tphoneWidth      : 480,\n\t\t\t\tphoneHeight    : null,\n\t\t\t\tsizingReference : window,\n\t\t\t\tparallaxMode    : 'swipe',\n\t\t\t\tview            : \"basic\"\n\t\t\t});\n\n\t\t\t\n\t\t\twindow.masterslider_instances = window.masterslider_instances || [];\n\t\t\twindow.masterslider_instances.push( masterslider_40d9 );\n\t\t});\n\t\t<\/script>\n\n\n<p>Atletas de Apucarana conquistaram medalhas e bons resultados na 2\u00aa fase do Campeonato Paranaense de Karat\u00ea Interestilos \u2013 FEKIP 2026, realizada neste s\u00e1bado (25\/4), em Curitiba. A participa\u00e7\u00e3o na competi\u00e7\u00e3o foi viabilizada com apoio da Prefeitura de Apucarana, por meio da Secretaria Municipal de Esportes, que disponibilizou transporte para a delega\u00e7\u00e3o.<\/p>\n<p>O prefeito Rodolfo Mota destaca que o incentivo ao esporte \u00e9 uma ferramenta importante de forma\u00e7\u00e3o e oportunidade para crian\u00e7as e jovens. \u201cQuando a Prefeitura apoia o deslocamento, est\u00e1 garantindo que nossos atletas possam representar Apucarana, ganhar experi\u00eancia e alcan\u00e7ar resultados importantes\u201d, afirma.<\/p>\n<p>Promovido pelo Governo do Estado do Paran\u00e1, o campeonato reuniu mais de 530 atletas de 43 munic\u00edpios, consolidando-se como uma das principais competi\u00e7\u00f5es da modalidade no estado e com alto n\u00edvel t\u00e9cnico nas disputas.<\/p>\n<p>Entre os resultados conquistados pelos atletas de Apucarana, destacam-se: Isabelly Martin de Bairres, medalha de prata no Kata Mirim; Gabrielly de Campos dos Santos, que garantiu o 3\u00ba lugar no Kumite e o 4\u00ba lugar no Kata Adulto (faixa branca a vermelha); Miguel Vasconcelos Santiago, medalha de prata no Kumite Mirim C masculino; Victor Hugo Chagas Gimenes Rego, medalha de prata no Kumite Mirim B1 masculino; Danyel de Oliveira dos Santos, medalha de ouro no Kumite Adulto faixa preta at\u00e9 67 kg; Ryan Ant\u00f4nio da Silva, medalha de ouro na categoria infantojuvenil masculino; J\u00falia de Oliveira, medalha de bronze no Mirim C feminino; e Matheus Henrique Pereira da Silva, medalha de ouro no Adulto faixa branca a vermelha.<\/p>\n<p>A participa\u00e7\u00e3o dos atletas est\u00e1 vinculada a iniciativas que ampliam o acesso ao esporte no munic\u00edpio, incluindo projetos viabilizados por programas estaduais de incentivo, com apoio de parceiros. As a\u00e7\u00f5es oferecem treinamento e oportunidades de desenvolvimento esportivo e social para crian\u00e7as e adolescentes, com acompanhamento do professor Alan Pereira e da equipe t\u00e9cnica formada por Caio Carvalho (t\u00e9cnico) e Marcos Vin\u00edcius (auxiliar), respons\u00e1veis pela prepara\u00e7\u00e3o dos atletas.<\/p>\n<p>Al\u00e9m dos medalhistas, a delega\u00e7\u00e3o contou com outros atletas que tamb\u00e9m representaram o munic\u00edpio na competi\u00e7\u00e3o. O grupo segue em prepara\u00e7\u00e3o para novos desafios e j\u00e1 tem como pr\u00f3ximo compromisso a 1\u00aa Copa Libertadores da Am\u00e9rica de Karat\u00ea, que ser\u00e1 realizada nos dias 13 e 14 de junho, em Guayaquil, no Equador.<\/p>\n","protected":false},"excerpt":{"rendered":"<p>Atletas de Apucarana conquistaram medalhas e bons resultados na 2&ordf; fase do Campeonato Paranaense de Karat&ecirc; Interestilos &ndash; FEKIP 2026, realizada neste s&aacute;bado (25\/4), em Curitiba. A participa&ccedil;&atilde;o na competi&ccedil;&atilde;o foi viabilizada com apoio da Prefeitura de Apucarana, por meio da Secretaria Municipal de Esportes, que disponibilizou transporte para a delega&ccedil;&atilde;o. O prefeito Rodolfo Mota [&hellip;]<\/p>\n","protected":false},"author":8,"featured_media":126393,"comment_status":"closed","ping_status":"closed","sticky":false,"template":"","format":"standard","meta":{"footnotes":""},"categories":[24],"tags":[],"class_list":["post-126392","post","type-post","status-publish","format-standard","has-post-thumbnail","hentry","category-noticias"],"acf":[],"_links":{"self":[{"href":"http:\/\/www.apucarana.pr.gov.br\/site\/wp-json\/wp\/v2\/posts\/126392","targetHints":{"allow":["GET"]}}],"collection":[{"href":"http:\/\/www.apucarana.pr.gov.br\/site\/wp-json\/wp\/v2\/posts"}],"about":[{"href":"http:\/\/www.apucarana.pr.gov.br\/site\/wp-json\/wp\/v2\/types\/post"}],"author":[{"embeddable":true,"href":"http:\/\/www.apucarana.pr.gov.br\/site\/wp-json\/wp\/v2\/users\/8"}],"replies":[{"embeddable":true,"href":"http:\/\/www.apucarana.pr.gov.br\/site\/wp-json\/wp\/v2\/comments?post=126392"}],"version-history":[{"count":1,"href":"http:\/\/www.apucarana.pr.gov.br\/site\/wp-json\/wp\/v2\/posts\/126392\/revisions"}],"predecessor-version":[{"id":126394,"href":"http:\/\/www.apucarana.pr.gov.br\/site\/wp-json\/wp\/v2\/posts\/126392\/revisions\/126394"}],"wp:featuredmedia":[{"embeddable":true,"href":"http:\/\/www.apucarana.pr.gov.br\/site\/wp-json\/wp\/v2\/media\/126393"}],"wp:attachment":[{"href":"http:\/\/www.apucarana.pr.gov.br\/site\/wp-json\/wp\/v2\/media?parent=126392"}],"wp:term":[{"taxonomy":"category","embeddable":true,"href":"http:\/\/www.apucarana.pr.gov.br\/site\/wp-json\/wp\/v2\/categories?post=126392"},{"taxonomy":"post_tag","embeddable":true,"href":"http:\/\/www.apucarana.pr.gov.br\/site\/wp-json\/wp\/v2\/tags?post=126392"}],"curies":[{"name":"wp","href":"https:\/\/api.w.org\/{rel}","templated":true}]}}