{"id":124947,"date":"2026-03-16T16:53:32","date_gmt":"2026-03-16T19:53:32","guid":{"rendered":"https:\/\/www.apucarana.pr.gov.br\/site\/?p=124947"},"modified":"2026-03-16T16:53:32","modified_gmt":"2026-03-16T19:53:32","slug":"prefeitura-inicia-modernizacao-do-espaco-das-feiras-para-instalacao-de-novos-toldos","status":"publish","type":"post","link":"http:\/\/www.apucarana.pr.gov.br\/site\/prefeitura-inicia-modernizacao-do-espaco-das-feiras-para-instalacao-de-novos-toldos\/","title":{"rendered":"Prefeitura inicia moderniza\u00e7\u00e3o do Espa\u00e7o das Feiras para instala\u00e7\u00e3o de novos toldos"},"content":{"rendered":"\n\t\t<!-- MasterSlider -->\n\t\t<div id=\"P_MS69f45915dbdfb\" class=\"master-slider-parent master-slider-gallery   ms-parent-id-0\" style=\"\" >\n\n\t\t\t\n\t\t\t<!-- MasterSlider Main -->\n\t\t\t<div id=\"MS69f45915dbdfb\" class=\"master-slider ms-skin-default\" >\n\t\t\t\t \t\t\t\t \n\t\t\t<div  class=\"ms-slide\" data-delay=\"3\"    >\n\t\t\t\t\t<img decoding=\"async\" src=\"http:\/\/www.apucarana.pr.gov.br\/site\/wp-content\/plugins\/masterslider\/public\/assets\/css\/blank.gif\" alt=\"2026-03-16_troca_lona_espaco_feira009\" title=\"2026-03-16_troca_lona_espaco_feira009\" data-src=\"http:\/\/www.apucarana.pr.gov.br\/site\/wp-content\/uploads\/2026\/03\/2026-03-16_troca_lona_espaco_feira009-1024x683.jpg\" \/>\n\t<a href=\"http:\/\/www.apucarana.pr.gov.br\/site\/wp-content\/uploads\/2026\/03\/2026-03-16_troca_lona_espaco_feira009-1024x683.jpg\" target=\"_self\"    >2026-03-16_troca_lona_espaco_feira009<\/a>\n\n\n\t<img decoding=\"async\" class=\"ms-thumb\" src=\"http:\/\/www.apucarana.pr.gov.br\/site\/wp-content\/uploads\/2026\/03\/2026-03-16_troca_lona_espaco_feira009-1024x683-140x80.jpg\" alt=\"2026-03-16_troca_lona_espaco_feira009\" \/>\n\t\t\t\t<\/div>\n\t\t\t<div  class=\"ms-slide\" data-delay=\"3\"    >\n\t\t\t\t\t<img decoding=\"async\" src=\"http:\/\/www.apucarana.pr.gov.br\/site\/wp-content\/plugins\/masterslider\/public\/assets\/css\/blank.gif\" alt=\"2026-03-16_troca_lona_espaco_feira002\" title=\"2026-03-16_troca_lona_espaco_feira002\" data-src=\"http:\/\/www.apucarana.pr.gov.br\/site\/wp-content\/uploads\/2026\/03\/2026-03-16_troca_lona_espaco_feira002-1024x683.jpg\" \/>\n\t<a href=\"http:\/\/www.apucarana.pr.gov.br\/site\/wp-content\/uploads\/2026\/03\/2026-03-16_troca_lona_espaco_feira002-1024x683.jpg\" target=\"_self\"    >2026-03-16_troca_lona_espaco_feira002<\/a>\n\n\n\t<img decoding=\"async\" class=\"ms-thumb\" src=\"http:\/\/www.apucarana.pr.gov.br\/site\/wp-content\/uploads\/2026\/03\/2026-03-16_troca_lona_espaco_feira002-1024x683-140x80.jpg\" alt=\"2026-03-16_troca_lona_espaco_feira002\" \/>\n\t\t\t\t<\/div>\n\t\t\t<div  class=\"ms-slide\" data-delay=\"3\"    >\n\t\t\t\t\t<img decoding=\"async\" src=\"http:\/\/www.apucarana.pr.gov.br\/site\/wp-content\/plugins\/masterslider\/public\/assets\/css\/blank.gif\" alt=\"2026-03-16_troca_lona_espaco_feira005\" title=\"2026-03-16_troca_lona_espaco_feira005\" data-src=\"http:\/\/www.apucarana.pr.gov.br\/site\/wp-content\/uploads\/2026\/03\/2026-03-16_troca_lona_espaco_feira005-1024x683.jpg\" \/>\n\t<a href=\"http:\/\/www.apucarana.pr.gov.br\/site\/wp-content\/uploads\/2026\/03\/2026-03-16_troca_lona_espaco_feira005-1024x683.jpg\" target=\"_self\"    >2026-03-16_troca_lona_espaco_feira005<\/a>\n\n\n\t<img decoding=\"async\" class=\"ms-thumb\" src=\"http:\/\/www.apucarana.pr.gov.br\/site\/wp-content\/uploads\/2026\/03\/2026-03-16_troca_lona_espaco_feira005-1024x683-140x80.jpg\" alt=\"2026-03-16_troca_lona_espaco_feira005\" \/>\n\t\t\t\t<\/div>\n\t\t\t<div  class=\"ms-slide\" data-delay=\"3\"    >\n\t\t\t\t\t<img decoding=\"async\" src=\"http:\/\/www.apucarana.pr.gov.br\/site\/wp-content\/plugins\/masterslider\/public\/assets\/css\/blank.gif\" alt=\"2026-03-16_troca_lona_espaco_feira006\" title=\"2026-03-16_troca_lona_espaco_feira006\" data-src=\"http:\/\/www.apucarana.pr.gov.br\/site\/wp-content\/uploads\/2026\/03\/2026-03-16_troca_lona_espaco_feira006-1024x683.jpg\" \/>\n\t<a href=\"http:\/\/www.apucarana.pr.gov.br\/site\/wp-content\/uploads\/2026\/03\/2026-03-16_troca_lona_espaco_feira006-1024x683.jpg\" target=\"_self\"    >2026-03-16_troca_lona_espaco_feira006<\/a>\n\n\n\t<img decoding=\"async\" class=\"ms-thumb\" src=\"http:\/\/www.apucarana.pr.gov.br\/site\/wp-content\/uploads\/2026\/03\/2026-03-16_troca_lona_espaco_feira006-1024x683-140x80.jpg\" alt=\"2026-03-16_troca_lona_espaco_feira006\" \/>\n\t\t\t\t<\/div>\n\t\t\t<div  class=\"ms-slide\" data-delay=\"3\"    >\n\t\t\t\t\t<img decoding=\"async\" src=\"http:\/\/www.apucarana.pr.gov.br\/site\/wp-content\/plugins\/masterslider\/public\/assets\/css\/blank.gif\" alt=\"2026-03-16_troca_lona_espaco_feira007\" title=\"2026-03-16_troca_lona_espaco_feira007\" data-src=\"http:\/\/www.apucarana.pr.gov.br\/site\/wp-content\/uploads\/2026\/03\/2026-03-16_troca_lona_espaco_feira007-1024x683.jpg\" \/>\n\t<a href=\"http:\/\/www.apucarana.pr.gov.br\/site\/wp-content\/uploads\/2026\/03\/2026-03-16_troca_lona_espaco_feira007-1024x683.jpg\" target=\"_self\"    >2026-03-16_troca_lona_espaco_feira007<\/a>\n\n\n\t<img decoding=\"async\" class=\"ms-thumb\" src=\"http:\/\/www.apucarana.pr.gov.br\/site\/wp-content\/uploads\/2026\/03\/2026-03-16_troca_lona_espaco_feira007-1024x683-140x80.jpg\" alt=\"2026-03-16_troca_lona_espaco_feira007\" \/>\n\t\t\t\t<\/div>\n\t\t\t<div  class=\"ms-slide\" data-delay=\"3\"    >\n\t\t\t\t\t<img decoding=\"async\" src=\"http:\/\/www.apucarana.pr.gov.br\/site\/wp-content\/plugins\/masterslider\/public\/assets\/css\/blank.gif\" alt=\"2026-03-16_troca_lona_espaco_feira008\" title=\"2026-03-16_troca_lona_espaco_feira008\" data-src=\"http:\/\/www.apucarana.pr.gov.br\/site\/wp-content\/uploads\/2026\/03\/2026-03-16_troca_lona_espaco_feira008-1024x683.jpg\" \/>\n\t<a href=\"http:\/\/www.apucarana.pr.gov.br\/site\/wp-content\/uploads\/2026\/03\/2026-03-16_troca_lona_espaco_feira008-1024x683.jpg\" target=\"_self\"    >2026-03-16_troca_lona_espaco_feira008<\/a>\n\n\n\t<img decoding=\"async\" class=\"ms-thumb\" src=\"http:\/\/www.apucarana.pr.gov.br\/site\/wp-content\/uploads\/2026\/03\/2026-03-16_troca_lona_espaco_feira008-1024x683-140x80.jpg\" alt=\"2026-03-16_troca_lona_espaco_feira008\" \/>\n\t\t\t\t<\/div>\n\n\t\t\t<\/div>\n\t\t\t<!-- END MasterSlider Main -->\n\n\t\t\t \n\t\t<\/div>\n\t\t<!-- END MasterSlider -->\n\n\t\t<script>\n\t\t( window.MSReady = window.MSReady || [] ).push( function( $ ) {\n\n\t\t\t\"use strict\";\n\t\t\tvar masterslider_bdfb = new MasterSlider();\n\n\t\t\t\/\/ slider controls\n\t\t\tmasterslider_bdfb.control('arrows'     ,{ autohide:true, overVideo:true  });\n\t\t\tmasterslider_bdfb.control('thumblist'  ,{ autohide:false, overVideo:true, dir:'h', speed:17, inset:false, arrows:false, hover:false, customClass:'', align:'bottom',type:'thumbs', margin:2, width:140, height:80, space:2, fillMode:'fill'  });\n\t\t\t\/\/ slider setup\n\t\t\tmasterslider_bdfb.setup(\"MS69f45915dbdfb\", {\n\t\t\t\twidth           : 960,\n\t\t\t\theight          : 540,\n\t\t\t\tminHeight       : 0,\n\t\t\t\tspace           : 0,\n\t\t\t\tstart           : 1,\n\t\t\t\tgrabCursor      : true,\n\t\t\t\tswipe           : true,\n\t\t\t\tmouse           : true,\n\t\t\t\tkeyboard        : false,\n\t\t\t\tlayout          : \"fillwidth\",\n\t\t\t\twheel           : false,\n\t\t\t\tautoplay        : true,\n                instantStartLayers:false,\n\t\t\t\tmobileBGVideo:false,\n\t\t\t\tloop            : true,\n\t\t\t\tshuffle         : false,\n\t\t\t\tpreload         : 3,\n\t\t\t\theightLimit     : false,\n\t\t\t\tautoHeight      : false,\n\t\t\t\tsmoothHeight    : true,\n\t\t\t\tendPause        : false,\n\t\t\t\toverPause       : false,\n\t\t\t\tfillMode        : \"fill\",\n\t\t\t\tcenterControls  : true,\n\t\t\t\tstartOnAppear   : false,\n\t\t\t\tlayersMode      : \"center\",\n\t\t\t\tautofillTarget  : \"\",\n\t\t\t\thideLayers      : false,\n\t\t\t\tfullscreenMargin: 0,\n\t\t\t\tspeed           : 17,\n\t\t\t\tdir             : \"h\",\n\t\t\t\tresponsive      : true,\n\t\t\t\ttabletWidth     : 768,\n\t\t\t\ttabletHeight    : null,\n\t\t\t\tphoneWidth      : 480,\n\t\t\t\tphoneHeight    : null,\n\t\t\t\tsizingReference : window,\n\t\t\t\tparallaxMode    : 'swipe',\n\t\t\t\tview            : \"basic\"\n\t\t\t});\n\n\t\t\t\n\t\t\twindow.masterslider_instances = window.masterslider_instances || [];\n\t\t\twindow.masterslider_instances.push( masterslider_bdfb );\n\t\t});\n\t\t<\/script>\n\n\n<p>A Prefeitura de Apucarana iniciou nesta segunda-feira (16\/03) os trabalhos preparat\u00f3rios para a instala\u00e7\u00e3o de novos toldos no Espa\u00e7o das Feiras. Nesta primeira etapa, as equipes est\u00e3o realizando a retirada das estruturas antigas e a manuten\u00e7\u00e3o dos suportes met\u00e1licos que receber\u00e3o as novas coberturas de lona, material mais resistente e dur\u00e1vel.<\/p>\n<p>A melhoria atende a uma demanda antiga dos feirantes e tem como objetivo ampliar a prote\u00e7\u00e3o contra sol e chuva, al\u00e9m de proporcionar melhores condi\u00e7\u00f5es de trabalho e mais conforto para quem participa das atividades realizadas no local. A previs\u00e3o \u00e9 de que a instala\u00e7\u00e3o dos novos toldos seja conclu\u00edda at\u00e9 o pr\u00f3ximo final de semana.<\/p>\n<p>De acordo com o secret\u00e1rio municipal de Servi\u00e7os P\u00fablicos, Wendel Metta, a interven\u00e7\u00e3o est\u00e1 sendo realizada em etapas para garantir seguran\u00e7a e qualidade na estrutura. \u201cN\u00f3s estamos substituindo os toldos antigos por novos, que s\u00e3o mais altos e oferecem melhor prote\u00e7\u00e3o contra a chuva e o sol. Hoje as equipes est\u00e3o retirando as estruturas antigas e fazendo a manuten\u00e7\u00e3o dos suportes de ferro. As cortinas novas devem chegar na pr\u00f3xima quarta-feira (18\/03) e, se Deus quiser, at\u00e9 o pr\u00f3ximo final de semana estar\u00e1 tudo instalado\u201d, afirmou.<\/p>\n<p>Localizado na Rua Talita Bresolin, ao lado do Cemit\u00e9rio da Saudade, o Espa\u00e7o das Feiras possui um pavilh\u00e3o coberto de aproximadamente 1,3 mil metros quadrados \u2014 com 100 metros de comprimento por 13 metros de largura \u2014, oferecendo estrutura adequada para exposi\u00e7\u00f5es, feiras e diversos tipos de eventos. O espa\u00e7o recebe atividades tradicionais do calend\u00e1rio municipal, como a Feira do Produtor, a Feira da Lua e a Feira da Economia Solid\u00e1ria, reunindo produtores, empreendedores e a comunidade.<\/p>\n<p>Os novos toldos de lona substituir\u00e3o as estruturas de pl\u00e1stico instaladas na inaugura\u00e7\u00e3o do local, em 2021, material que j\u00e1 apresentava desgaste com o tempo e que agora dar\u00e1 lugar a uma cobertura mais resistente e eficiente para prote\u00e7\u00e3o clim\u00e1tica. \u201cOs toldos que iremos instalar s\u00e3o de lona, material de alta durabilidade e que oferece maior prote\u00e7\u00e3o, privacidade e conforto t\u00e9rmico\u201d, acrescentou Wendel Metta.<\/p>\n","protected":false},"excerpt":{"rendered":"<p>A Prefeitura de Apucarana iniciou nesta segunda-feira (16\/03) os trabalhos preparat&oacute;rios para a instala&ccedil;&atilde;o de novos toldos no Espa&ccedil;o das Feiras. Nesta primeira etapa, as equipes est&atilde;o realizando a retirada das estruturas antigas e a manuten&ccedil;&atilde;o dos suportes met&aacute;licos que receber&atilde;o as novas coberturas de lona, material mais resistente e dur&aacute;vel. A melhoria atende a [&hellip;]<\/p>\n","protected":false},"author":8,"featured_media":124949,"comment_status":"closed","ping_status":"closed","sticky":false,"template":"","format":"standard","meta":{"footnotes":""},"categories":[24],"tags":[],"class_list":["post-124947","post","type-post","status-publish","format-standard","has-post-thumbnail","hentry","category-noticias"],"acf":[],"_links":{"self":[{"href":"http:\/\/www.apucarana.pr.gov.br\/site\/wp-json\/wp\/v2\/posts\/124947","targetHints":{"allow":["GET"]}}],"collection":[{"href":"http:\/\/www.apucarana.pr.gov.br\/site\/wp-json\/wp\/v2\/posts"}],"about":[{"href":"http:\/\/www.apucarana.pr.gov.br\/site\/wp-json\/wp\/v2\/types\/post"}],"author":[{"embeddable":true,"href":"http:\/\/www.apucarana.pr.gov.br\/site\/wp-json\/wp\/v2\/users\/8"}],"replies":[{"embeddable":true,"href":"http:\/\/www.apucarana.pr.gov.br\/site\/wp-json\/wp\/v2\/comments?post=124947"}],"version-history":[{"count":1,"href":"http:\/\/www.apucarana.pr.gov.br\/site\/wp-json\/wp\/v2\/posts\/124947\/revisions"}],"predecessor-version":[{"id":124954,"href":"http:\/\/www.apucarana.pr.gov.br\/site\/wp-json\/wp\/v2\/posts\/124947\/revisions\/124954"}],"wp:featuredmedia":[{"embeddable":true,"href":"http:\/\/www.apucarana.pr.gov.br\/site\/wp-json\/wp\/v2\/media\/124949"}],"wp:attachment":[{"href":"http:\/\/www.apucarana.pr.gov.br\/site\/wp-json\/wp\/v2\/media?parent=124947"}],"wp:term":[{"taxonomy":"category","embeddable":true,"href":"http:\/\/www.apucarana.pr.gov.br\/site\/wp-json\/wp\/v2\/categories?post=124947"},{"taxonomy":"post_tag","embeddable":true,"href":"http:\/\/www.apucarana.pr.gov.br\/site\/wp-json\/wp\/v2\/tags?post=124947"}],"curies":[{"name":"wp","href":"https:\/\/api.w.org\/{rel}","templated":true}]}}